{"id":10135,"date":"2020-10-03T00:00:31","date_gmt":"2020-10-02T22:00:31","guid":{"rendered":"https:\/\/geschichte-hautnah.de\/www\/?p=10135"},"modified":"2019-04-26T19:06:09","modified_gmt":"2019-04-26T17:06:09","slug":"die-maenner-des-ersten-weltkriegs-teil-941-alois-langwieder","status":"publish","type":"post","link":"https:\/\/geschichte-hautnah.de\/www\/?p=10135","title":{"rendered":"Die M\u00e4nner des Ersten Weltkriegs \u2013 Teil 943: Alois Langwieder"},"content":{"rendered":"<p>Der Gefreite Alois Langwieder stammte aus\u00a0 Abtsdorf, ein Ortsteil der bayerischen Gemeinde <a href=\"https:\/\/de.wikipedia.org\/wiki\/Saaldorf-Surheim\" target=\"_blank\" rel=\"noopener noreferrer\">Saaldorf<\/a>, und war der Sohn eines Landwirts. Im Ersten Weltkrieg k\u00e4mpfte er in der 4. Kompanie des 24. bayerischen Infanterie-Regiments. Er wurde mit dem Eisernen Kreuz und dem Verdienstkreuz mit Krone und Schwerter ausgezeichnet. Am 15.07.1918 fiel er in Frankreich im Alter von 29 Jahren w\u00e4hrend der Stellungsk\u00e4mpfe in der Champagne.<\/p>\n<p>\u00dcber diesen Tag und die Umst\u00e4nde seines Todes schreibt die Regimentsgeschichte des 24. bayerischen Infanterie-Regimentes:<\/p>\n<blockquote><p><em>&#8222;Bald nach Mitternacht (15.07.) setzte starkes feindliches Artilleriefeuer ein. Das II. Bataillon hatte Verluste. Um 1 Uhr vormittags begann unser Artillerie- und Minenfeuer auf die feindlichen Stellungen niederzuprasseln. Der Gegner antwortete lebhaft. Um 4:50 Uhr vormittags trat das Regiment an. In der ersten feindlichen Stellung wurde kein Widerstand gefunden. Der Gegner hatte sich in Erwartung des Angriffs schon vor l\u00e4ngerer Zeit in die II. Stellung zur\u00fcckgezogen. Um 6 Uhr vormittags wurde die Stra\u00dfe <a href=\"https:\/\/de.wikipedia.org\/wiki\/Souain-Perthes-l%C3%A8s-Hurlus\" target=\"_blank\" rel=\"noopener noreferrer\">Souain<\/a> &#8211; <a href=\"https:\/\/de.wikipedia.org\/wiki\/Sommepy-Tahure\" target=\"_blank\" rel=\"noopener noreferrer\">Tahure<\/a> \u00fcberschritten. Vor den Hindernissen der II. Stellung brach sich der Angriff im Sperrfeuer der feindlichen Artillerie und im Feuer der feindlicher M. G. Dreimal traten die tapferen Bataillone an, um sich den Weg durch die Hindernisse zu bahnen. Vergeblich! Um 10 Uhr vormittags versuchte das III. Bataillon erneut den Angriff nach kurzer Vorbereitung durch unsere Artillerie. Auch hier blieb der Erfolg aus. Ein auf 8 Uhr abends angesetzter Sturm kam nicht zur Durchf\u00fchrung, da im Hin- und Hergewoge der K\u00e4mpfe der Zusammenhang zwischen den einzelnen Abteilungen verloren gegangen war. Die Verluste waren sehr hoch. Unter den Gefallenen befanden sich auch die Kommandeure des I. und II. Bataillons.&#8220;<\/em><\/p><\/blockquote>\n<p><span data-sheets-value=\"{&quot;1&quot;:2,&quot;2&quot;:&quot;Souain&quot;}\" data-sheets-userformat=\"{&quot;2&quot;:1049089,&quot;3&quot;:{&quot;1&quot;:0},&quot;12&quot;:0,&quot;23&quot;:1}\" data-sheets-formula=\"=HYPERLINK(&quot;https:\/\/www.google.de\/maps\/place\/51600+Souain-Perthes-l%C3%A8s-Hurlus,+Frankreich\/@49.1909825,4.5081144,12z\/data=!3m1!4b1!4m5!3m4!1s0x47ebce053f86ea41:0x9bc3729cc9145e28!8m2!3d49.184097!4d4.544399&quot;;&quot;Souain&quot;)\">Man begrub Alois Langwieder auf dem Soldatenfriedhof <a class=\"in-cell-link\" href=\"https:\/\/www.google.de\/maps\/place\/51600+Souain-Perthes-l%C3%A8s-Hurlus,+Frankreich\/@49.1909825,4.5081144,12z\/data=!3m1!4b1!4m5!3m4!1s0x47ebce053f86ea41:0x9bc3729cc9145e28!8m2!3d49.184097!4d4.544399\" target=\"_blank\" rel=\"noopener noreferrer\">Souain<\/a> in<\/span> Block 1, Grab 53.<\/p>\n<figure id=\"attachment_10134\" aria-describedby=\"caption-attachment-10134\" style=\"width: 483px\" class=\"wp-caption aligncenter\"><img loading=\"lazy\" decoding=\"async\" class=\"size-full wp-image-10134\" src=\"https:\/\/geschichte-hautnah.de\/www\/wp-content\/uploads\/2019\/04\/Alois_Langwieder_v.jpeg\" alt=\"\" width=\"483\" height=\"800\" srcset=\"https:\/\/geschichte-hautnah.de\/www\/wp-content\/uploads\/2019\/04\/Alois_Langwieder_v.jpeg 483w, https:\/\/geschichte-hautnah.de\/www\/wp-content\/uploads\/2019\/04\/Alois_Langwieder_v-181x300.jpeg 181w\" sizes=\"auto, (max-width: 483px) 100vw, 483px\" \/><figcaption id=\"caption-attachment-10134\" class=\"wp-caption-text\">Sterbebild von Alois Langwieder<\/figcaption><\/figure>\n<figure id=\"attachment_10133\" aria-describedby=\"caption-attachment-10133\" style=\"width: 483px\" class=\"wp-caption aligncenter\"><img loading=\"lazy\" decoding=\"async\" class=\"size-full wp-image-10133\" src=\"https:\/\/geschichte-hautnah.de\/www\/wp-content\/uploads\/2019\/04\/Alois_Langwieder_h.jpeg\" alt=\"\" width=\"483\" height=\"800\" srcset=\"https:\/\/geschichte-hautnah.de\/www\/wp-content\/uploads\/2019\/04\/Alois_Langwieder_h.jpeg 483w, https:\/\/geschichte-hautnah.de\/www\/wp-content\/uploads\/2019\/04\/Alois_Langwieder_h-181x300.jpeg 181w\" sizes=\"auto, (max-width: 483px) 100vw, 483px\" \/><figcaption id=\"caption-attachment-10133\" class=\"wp-caption-text\">R\u00fcckseite des Sterbebildes von Alois Langwieder<\/figcaption><\/figure>\n","protected":false},"excerpt":{"rendered":"<p>Der Gefreite Alois Langwieder stammte aus\u00a0 Abtsdorf, ein Ortsteil der bayerischen Gemeinde Saaldorf, und war der Sohn eines Landwirts. Im Ersten Weltkrieg k\u00e4mpfte er in der 4. Kompanie des 24. bayerischen Infanterie-Regiments. Er wurde mit dem Eisernen Kreuz und dem Verdienstkreuz mit Krone und Schwerter ausgezeichnet. Am 15.07.1918 fiel er in Frankreich im Alter von [&hellip;]<\/p>\n","protected":false},"author":2,"featured_media":0,"comment_status":"closed","ping_status":"closed","sticky":false,"template":"","format":"standard","meta":{"footnotes":"","_wp_rev_ctl_limit":""},"categories":[2,8,1876],"tags":[1318,2832,302,1366,250,36,153,1087,1216,672,2225],"class_list":["post-10135","post","type-post","status-publish","format-standard","hentry","category-1-weltkrieg","category-sterbebilder","category-frankreich-1-weltkrieg","tag-24-bayerisches-infanterie-regiment","tag-abtsdorf","tag-bauerssohn","tag-bayern","tag-eisernes-kreuz","tag-frankreich","tag-gefreiter","tag-regimentsgeschichte","tag-saaldorf-surheim","tag-souain","tag-verdienstkreuz-mit-krone-und-schwertern"],"_links":{"self":[{"href":"https:\/\/geschichte-hautnah.de\/www\/index.php?rest_route=\/wp\/v2\/posts\/10135","targetHints":{"allow":["GET"]}}],"collection":[{"href":"https:\/\/geschichte-hautnah.de\/www\/index.php?rest_route=\/wp\/v2\/posts"}],"about":[{"href":"https:\/\/geschichte-hautnah.de\/www\/index.php?rest_route=\/wp\/v2\/types\/post"}],"author":[{"embeddable":true,"href":"https:\/\/geschichte-hautnah.de\/www\/index.php?rest_route=\/wp\/v2\/users\/2"}],"replies":[{"embeddable":true,"href":"https:\/\/geschichte-hautnah.de\/www\/index.php?rest_route=%2Fwp%2Fv2%2Fcomments&post=10135"}],"version-history":[{"count":7,"href":"https:\/\/geschichte-hautnah.de\/www\/index.php?rest_route=\/wp\/v2\/posts\/10135\/revisions"}],"predecessor-version":[{"id":10154,"href":"https:\/\/geschichte-hautnah.de\/www\/index.php?rest_route=\/wp\/v2\/posts\/10135\/revisions\/10154"}],"wp:attachment":[{"href":"https:\/\/geschichte-hautnah.de\/www\/index.php?rest_route=%2Fwp%2Fv2%2Fmedia&parent=10135"}],"wp:term":[{"taxonomy":"category","embeddable":true,"href":"https:\/\/geschichte-hautnah.de\/www\/index.php?rest_route=%2Fwp%2Fv2%2Fcategories&post=10135"},{"taxonomy":"post_tag","embeddable":true,"href":"https:\/\/geschichte-hautnah.de\/www\/index.php?rest_route=%2Fwp%2Fv2%2Ftags&post=10135"}],"curies":[{"name":"wp","href":"https:\/\/api.w.org\/{rel}","templated":true}]}}