{"id":11349,"date":"2021-02-14T00:00:57","date_gmt":"2021-02-13T23:00:57","guid":{"rendered":"https:\/\/geschichte-hautnah.de\/www\/?p=11349"},"modified":"2019-05-28T22:17:44","modified_gmt":"2019-05-28T20:17:44","slug":"die-maenner-des-ersten-weltkriegs-teil-1-076","status":"publish","type":"post","link":"https:\/\/geschichte-hautnah.de\/www\/?p=11349","title":{"rendered":"Die M\u00e4nner des Ersten Weltkriegs \u2013 Teil 1.076: Thomas Haslauer"},"content":{"rendered":"<p>Der Reservist Thomas Haslauer wurde am 14.12.1889 als Sohn eines Kleinbauern in Schlott geboren, heute ein Ortsteil der bayerischen Gemeinde <a href=\"https:\/\/de.wikipedia.org\/wiki\/Hohenwart\" target=\"_blank\" rel=\"noopener noreferrer\">Hohenwart<\/a>. Er arbeitete als Vizehausmeister bei <a href=\"https:\/\/www.muellerbraeu.com\/\" target=\"_blank\" rel=\"noopener noreferrer\">M\u00fcllerbr\u00e4u<\/a>. Im Ersten Weltkrieg k\u00e4mpfte er in der 3. bayerischen Pionier-Bataillon, 1. Feld-Pionier-Kompanie. Am 07.10.1914 fiel er im <a href=\"https:\/\/www.morthomme.com\/bois-brule.html\" target=\"_blank\" rel=\"noopener noreferrer\">Bois Br\u00fbl\u00e9<\/a> bei Saint-Mihiel, kurz vor Verdun.<\/p>\n<p>Offiziell ist f\u00fcr Thomas Haslauer keine Grablage bekannt. Ich gehe jedoch davon aus, dass er als unbekannter Toter anonym auf dem Soldatendfriedhof <span data-sheets-value=\"{&quot;1&quot;:2,&quot;2&quot;:&quot;St. Mihiel&quot;}\" data-sheets-userformat=\"{&quot;2&quot;:1049089,&quot;3&quot;:{&quot;1&quot;:0},&quot;12&quot;:0,&quot;23&quot;:1}\" data-sheets-formula=\"=HYPERLINK(&quot;https:\/\/www.google.de\/maps\/place\/55300+Saint-Mihiel,+Frankreich\/@48.8941646,5.5395164,13z\/data=!3m1!4b1!4m5!3m4!1s0x47eb477101fbe843:0x40a5fb99a3ad0a0!8m2!3d48.88855!4d5.541657&quot;;&quot;St. Mihiel&quot;)\"><a class=\"in-cell-link\" href=\"https:\/\/www.google.de\/maps\/place\/55300+Saint-Mihiel,+Frankreich\/@48.8941646,5.5395164,13z\/data=!3m1!4b1!4m5!3m4!1s0x47eb477101fbe843:0x40a5fb99a3ad0a0!8m2!3d48.88855!4d5.541657\" target=\"_blank\" rel=\"noopener noreferrer\">St. Mihiel<\/a> in einem Massengrab beigesetzt worden ist. Dort wurden seine Kameraden aus der 1. Feld-Pionier-Kompanie begraben, die in dem gleichen Zeitraum im Br\u00fbl\u00e9 Wald gefallen sind, beigesetzt:<\/span><\/p>\n<ul>\n<li>Unteroffizier Josef Heuser, gefallen am 01.10.1914 im Bois Brule, beigesetzt auf dem Soldatenfriedhof <span data-sheets-value=\"{&quot;1&quot;:2,&quot;2&quot;:&quot;St. Mihiel&quot;}\" data-sheets-userformat=\"{&quot;2&quot;:1049089,&quot;3&quot;:{&quot;1&quot;:0},&quot;12&quot;:0,&quot;23&quot;:1}\" data-sheets-formula=\"=HYPERLINK(&quot;https:\/\/www.google.de\/maps\/place\/55300+Saint-Mihiel,+Frankreich\/@48.8941646,5.5395164,13z\/data=!3m1!4b1!4m5!3m4!1s0x47eb477101fbe843:0x40a5fb99a3ad0a0!8m2!3d48.88855!4d5.541657&quot;;&quot;St. Mihiel&quot;)\"><a class=\"in-cell-link\" href=\"https:\/\/www.google.de\/maps\/place\/55300+Saint-Mihiel,+Frankreich\/@48.8941646,5.5395164,13z\/data=!3m1!4b1!4m5!3m4!1s0x47eb477101fbe843:0x40a5fb99a3ad0a0!8m2!3d48.88855!4d5.541657\" target=\"_blank\" rel=\"noopener noreferrer\">St. Mihiel<\/a><\/span> in einem Massengrab;<\/li>\n<li>Unteroffizier Ludwig K\u00f6nig, gefallen am 07.10.1914 im Bois Brule, beigesetzt auf dem Soldatenfriedhof <span data-sheets-value=\"{&quot;1&quot;:2,&quot;2&quot;:&quot;St. Mihiel&quot;}\" data-sheets-userformat=\"{&quot;2&quot;:1049089,&quot;3&quot;:{&quot;1&quot;:0},&quot;12&quot;:0,&quot;23&quot;:1}\" data-sheets-formula=\"=HYPERLINK(&quot;https:\/\/www.google.de\/maps\/place\/55300+Saint-Mihiel,+Frankreich\/@48.8941646,5.5395164,13z\/data=!3m1!4b1!4m5!3m4!1s0x47eb477101fbe843:0x40a5fb99a3ad0a0!8m2!3d48.88855!4d5.541657&quot;;&quot;St. Mihiel&quot;)\"><a class=\"in-cell-link\" href=\"https:\/\/www.google.de\/maps\/place\/55300+Saint-Mihiel,+Frankreich\/@48.8941646,5.5395164,13z\/data=!3m1!4b1!4m5!3m4!1s0x47eb477101fbe843:0x40a5fb99a3ad0a0!8m2!3d48.88855!4d5.541657\" target=\"_blank\" rel=\"noopener noreferrer\">St. Mihiel<\/a><\/span>\u00a0in Block 3 Grab 731;<\/li>\n<li>Pionier Johann Fellner, gefallen am 07.10.1914 im Bois Brule, beigesetzt auf dem Soldatenfriedhof <span data-sheets-value=\"{&quot;1&quot;:2,&quot;2&quot;:&quot;St. Mihiel&quot;}\" data-sheets-userformat=\"{&quot;2&quot;:1049089,&quot;3&quot;:{&quot;1&quot;:0},&quot;12&quot;:0,&quot;23&quot;:1}\" data-sheets-formula=\"=HYPERLINK(&quot;https:\/\/www.google.de\/maps\/place\/55300+Saint-Mihiel,+Frankreich\/@48.8941646,5.5395164,13z\/data=!3m1!4b1!4m5!3m4!1s0x47eb477101fbe843:0x40a5fb99a3ad0a0!8m2!3d48.88855!4d5.541657&quot;;&quot;St. Mihiel&quot;)\"><a class=\"in-cell-link\" href=\"https:\/\/www.google.de\/maps\/place\/55300+Saint-Mihiel,+Frankreich\/@48.8941646,5.5395164,13z\/data=!3m1!4b1!4m5!3m4!1s0x47eb477101fbe843:0x40a5fb99a3ad0a0!8m2!3d48.88855!4d5.541657\" target=\"_blank\" rel=\"noopener noreferrer\">St. Mihiel<\/a><\/span> in Block 4 Grab 396;<\/li>\n<li>Pionier Georg Kastner, gefallen am 07.10.1914 im Bois Brule, beigesetzt auf dem Soldatenfriedhof <span data-sheets-value=\"{&quot;1&quot;:2,&quot;2&quot;:&quot;St. Mihiel&quot;}\" data-sheets-userformat=\"{&quot;2&quot;:1049089,&quot;3&quot;:{&quot;1&quot;:0},&quot;12&quot;:0,&quot;23&quot;:1}\" data-sheets-formula=\"=HYPERLINK(&quot;https:\/\/www.google.de\/maps\/place\/55300+Saint-Mihiel,+Frankreich\/@48.8941646,5.5395164,13z\/data=!3m1!4b1!4m5!3m4!1s0x47eb477101fbe843:0x40a5fb99a3ad0a0!8m2!3d48.88855!4d5.541657&quot;;&quot;St. Mihiel&quot;)\"><a class=\"in-cell-link\" href=\"https:\/\/www.google.de\/maps\/place\/55300+Saint-Mihiel,+Frankreich\/@48.8941646,5.5395164,13z\/data=!3m1!4b1!4m5!3m4!1s0x47eb477101fbe843:0x40a5fb99a3ad0a0!8m2!3d48.88855!4d5.541657\" target=\"_blank\" rel=\"noopener noreferrer\">St. Mihiel<\/a><\/span> in einem Massengrab.<\/li>\n<\/ul>\n<p>&nbsp;<\/p>\n<figure id=\"attachment_11337\" aria-describedby=\"caption-attachment-11337\" style=\"width: 483px\" class=\"wp-caption aligncenter\"><img loading=\"lazy\" decoding=\"async\" class=\"size-full wp-image-11337\" src=\"https:\/\/geschichte-hautnah.de\/www\/wp-content\/uploads\/2019\/05\/Thomas_Haslauer_v.jpeg\" alt=\"\" width=\"483\" height=\"800\" srcset=\"https:\/\/geschichte-hautnah.de\/www\/wp-content\/uploads\/2019\/05\/Thomas_Haslauer_v.jpeg 483w, https:\/\/geschichte-hautnah.de\/www\/wp-content\/uploads\/2019\/05\/Thomas_Haslauer_v-181x300.jpeg 181w\" sizes=\"auto, (max-width: 483px) 100vw, 483px\" \/><figcaption id=\"caption-attachment-11337\" class=\"wp-caption-text\">Sterbebild von Thomas Haslauer<\/figcaption><\/figure>\n<figure id=\"attachment_11336\" aria-describedby=\"caption-attachment-11336\" style=\"width: 483px\" class=\"wp-caption aligncenter\"><img loading=\"lazy\" decoding=\"async\" class=\"size-full wp-image-11336\" src=\"https:\/\/geschichte-hautnah.de\/www\/wp-content\/uploads\/2019\/05\/Thomas_Haslauer_h.jpeg\" alt=\"\" width=\"483\" height=\"800\" srcset=\"https:\/\/geschichte-hautnah.de\/www\/wp-content\/uploads\/2019\/05\/Thomas_Haslauer_h.jpeg 483w, https:\/\/geschichte-hautnah.de\/www\/wp-content\/uploads\/2019\/05\/Thomas_Haslauer_h-181x300.jpeg 181w\" sizes=\"auto, (max-width: 483px) 100vw, 483px\" \/><figcaption id=\"caption-attachment-11336\" class=\"wp-caption-text\">R\u00fcckseite des Sterbebildes von Thomas Haslauer<\/figcaption><\/figure>\n<p>Der theoretische Weg von Thomas Haslauer von seinem Geburtsort \u00fcber seinen Sterbeort zu seinem Grab:<\/p>\n<p><iframe loading=\"lazy\" style=\"border: 0;\" src=\"https:\/\/www.google.com\/maps\/embed?pb=!1m34!1m12!1m3!1d1346957.6490118743!2d7.3420666931770615!3d48.74796298461419!2m3!1f0!2f0!3f0!3m2!1i1024!2i768!4f13.1!4m19!3e2!4m5!1s0x479ef61366249615%3A0xa1e48b04cf72f10!2sSchlott%2C+Hohenwart!3m2!1d48.572875499999995!2d11.384464099999999!4m5!1s0x47eb46208bdfc5b5%3A0x40a5fb99a3ae8a0!2sApremont-la-For%C3%AAt%2C+Frankreich!3m2!1d48.855118!2d5.639004!4m5!1s0x47eb477101fbe843%3A0x40a5fb99a3ad0a0!2sSaint-Mihiel%2C+Frankreich!3m2!1d48.888549999999995!2d5.541657!5e0!3m2!1sde!2sde!4v1559074624780!5m2!1sde!2sde\" width=\"600\" height=\"450\" frameborder=\"0\" allowfullscreen=\"allowfullscreen\"><\/iframe><\/p>\n","protected":false},"excerpt":{"rendered":"<p>Der Reservist Thomas Haslauer wurde am 14.12.1889 als Sohn eines Kleinbauern in Schlott geboren, heute ein Ortsteil der bayerischen Gemeinde Hohenwart. Er arbeitete als Vizehausmeister bei M\u00fcllerbr\u00e4u. Im Ersten Weltkrieg k\u00e4mpfte er in der 3. bayerischen Pionier-Bataillon, 1. Feld-Pionier-Kompanie. Am 07.10.1914 fiel er im Bois Br\u00fbl\u00e9 bei Saint-Mihiel, kurz vor Verdun. Offiziell ist f\u00fcr Thomas [&hellip;]<\/p>\n","protected":false},"author":2,"featured_media":0,"comment_status":"closed","ping_status":"closed","sticky":false,"template":"","format":"standard","meta":{"footnotes":"","_wp_rev_ctl_limit":""},"categories":[2,8,1876,16],"tags":[3403,3404,1366,3269,36,1829,3400,598,3402,169,899,3399,125,3401],"class_list":["post-11349","post","type-post","status-publish","format-standard","hentry","category-1-weltkrieg","category-sterbebilder","category-frankreich-1-weltkrieg","category-verdun","tag-1-bayerische-feldpionier-kompanie","tag-3-bayerisches-pionier-bataillon","tag-bayern","tag-bois-brule","tag-frankreich","tag-guetlersohn","tag-hohenwart","tag-lothringen","tag-muellerbraeu","tag-reservist","tag-saint-mihiel","tag-schlott","tag-verdun","tag-vizehausmeister"],"_links":{"self":[{"href":"https:\/\/geschichte-hautnah.de\/www\/index.php?rest_route=\/wp\/v2\/posts\/11349","targetHints":{"allow":["GET"]}}],"collection":[{"href":"https:\/\/geschichte-hautnah.de\/www\/index.php?rest_route=\/wp\/v2\/posts"}],"about":[{"href":"https:\/\/geschichte-hautnah.de\/www\/index.php?rest_route=\/wp\/v2\/types\/post"}],"author":[{"embeddable":true,"href":"https:\/\/geschichte-hautnah.de\/www\/index.php?rest_route=\/wp\/v2\/users\/2"}],"replies":[{"embeddable":true,"href":"https:\/\/geschichte-hautnah.de\/www\/index.php?rest_route=%2Fwp%2Fv2%2Fcomments&post=11349"}],"version-history":[{"count":8,"href":"https:\/\/geschichte-hautnah.de\/www\/index.php?rest_route=\/wp\/v2\/posts\/11349\/revisions"}],"predecessor-version":[{"id":11357,"href":"https:\/\/geschichte-hautnah.de\/www\/index.php?rest_route=\/wp\/v2\/posts\/11349\/revisions\/11357"}],"wp:attachment":[{"href":"https:\/\/geschichte-hautnah.de\/www\/index.php?rest_route=%2Fwp%2Fv2%2Fmedia&parent=11349"}],"wp:term":[{"taxonomy":"category","embeddable":true,"href":"https:\/\/geschichte-hautnah.de\/www\/index.php?rest_route=%2Fwp%2Fv2%2Fcategories&post=11349"},{"taxonomy":"post_tag","embeddable":true,"href":"https:\/\/geschichte-hautnah.de\/www\/index.php?rest_route=%2Fwp%2Fv2%2Ftags&post=11349"}],"curies":[{"name":"wp","href":"https:\/\/api.w.org\/{rel}","templated":true}]}}