{"id":11891,"date":"2021-04-16T00:00:59","date_gmt":"2021-04-15T22:00:59","guid":{"rendered":"https:\/\/geschichte-hautnah.de\/www\/?p=11891"},"modified":"2019-06-15T06:28:38","modified_gmt":"2019-06-15T04:28:38","slug":"die-maenner-des-ersten-weltkriegs-teil-1-136","status":"publish","type":"post","link":"https:\/\/geschichte-hautnah.de\/www\/?p=11891","title":{"rendered":"Die M\u00e4nner des Ersten Weltkriegs \u2013 Teil 1.137: Anton Neheider"},"content":{"rendered":"<p>Der Gefreite Anton Neheider war ein Landwirt aus Irreck, heute ein Ortsteil der bayerischen Gemeinde <a href=\"https:\/\/de.wikipedia.org\/wiki\/Velden_(Vils)\" target=\"_blank\" rel=\"noopener noreferrer\">Velden (Vils)<\/a>. Im Ersten Weltkrieg diente er in der 7. Kompanie des 2. Reserve-Infanterie-Regiments. Am 08.04.1916 verstarb er im Alter von 32 Jahren in einem Lazarett in Frankreich an einer Lungenentz\u00fcndung, einer Erkrankung, die unter den Soldaten damals h\u00e4ufig vorkam. Sie mussten, nicht immer hinreichend mit w\u00e4remender Kleidung ausgestattet, Stunden und Tage in K\u00e4lt und mit Wasser gef\u00fcllten Sch\u00fctzen- und Laufgr\u00e4ben ausharren, st\u00e4ndig bedroht von feindlicher Artillerie und Angriffen. Teilweise wurden die K\u00e4mpfer \u00fcber Wochen nicht mehr richtig trocken. F\u00fc\u00dfe begannen bei lebendigem Leib zu faulen &#8211; ein furchtbares Leiden auf beiden Seiten.<\/p>\n<p><span data-sheets-value=\"{&quot;1&quot;:2,&quot;2&quot;:&quot;Neuville-St.Vaast&quot;}\" data-sheets-userformat=\"{&quot;2&quot;:1049089,&quot;3&quot;:{&quot;1&quot;:0},&quot;12&quot;:0,&quot;23&quot;:1}\" data-sheets-formula=\"=HYPERLINK(&quot;https:\/\/www.google.de\/maps\/place\/62580+Neuville-Saint-Vaast,+Frankreich\/@50.3564686,2.6139312,11z\/data=!4m5!3m4!1s0x47dd384b01eb6f13:0xc06ce78123b81518!8m2!3d50.355234!4d2.760256&quot;;&quot;Neuville-St.Vaast&quot;)\">Man begrub Anton Neheider auf dem Soldatenfriedhof <a class=\"in-cell-link\" href=\"https:\/\/www.google.de\/maps\/place\/62580+Neuville-Saint-Vaast,+Frankreich\/@50.3564686,2.6139312,11z\/data=!4m5!3m4!1s0x47dd384b01eb6f13:0xc06ce78123b81518!8m2!3d50.355234!4d2.760256\" target=\"_blank\" rel=\"noopener noreferrer\">Neuville-St.Vaast<\/a> in<\/span> Block 19, Grab 101.<\/p>\n<figure id=\"attachment_11886\" aria-describedby=\"caption-attachment-11886\" style=\"width: 800px\" class=\"wp-caption aligncenter\"><img loading=\"lazy\" decoding=\"async\" class=\"size-full wp-image-11886\" src=\"https:\/\/geschichte-hautnah.de\/www\/wp-content\/uploads\/2019\/06\/Anton_Neheider_v.jpeg\" alt=\"\" width=\"800\" height=\"630\" srcset=\"https:\/\/geschichte-hautnah.de\/www\/wp-content\/uploads\/2019\/06\/Anton_Neheider_v.jpeg 800w, https:\/\/geschichte-hautnah.de\/www\/wp-content\/uploads\/2019\/06\/Anton_Neheider_v-300x236.jpeg 300w, https:\/\/geschichte-hautnah.de\/www\/wp-content\/uploads\/2019\/06\/Anton_Neheider_v-768x605.jpeg 768w\" sizes=\"auto, (max-width: 800px) 100vw, 800px\" \/><figcaption id=\"caption-attachment-11886\" class=\"wp-caption-text\">Sterbebild von Anton Neheider<\/figcaption><\/figure>\n<figure id=\"attachment_11885\" aria-describedby=\"caption-attachment-11885\" style=\"width: 800px\" class=\"wp-caption aligncenter\"><img loading=\"lazy\" decoding=\"async\" class=\"size-full wp-image-11885\" src=\"https:\/\/geschichte-hautnah.de\/www\/wp-content\/uploads\/2019\/06\/Anton_Neheider_h.jpeg\" alt=\"\" width=\"800\" height=\"630\" srcset=\"https:\/\/geschichte-hautnah.de\/www\/wp-content\/uploads\/2019\/06\/Anton_Neheider_h.jpeg 800w, https:\/\/geschichte-hautnah.de\/www\/wp-content\/uploads\/2019\/06\/Anton_Neheider_h-300x236.jpeg 300w, https:\/\/geschichte-hautnah.de\/www\/wp-content\/uploads\/2019\/06\/Anton_Neheider_h-768x605.jpeg 768w\" sizes=\"auto, (max-width: 800px) 100vw, 800px\" \/><figcaption id=\"caption-attachment-11885\" class=\"wp-caption-text\">R\u00fcckseite des Sterbebildes von Anton Neheider<\/figcaption><\/figure>\n","protected":false},"excerpt":{"rendered":"<p>Der Gefreite Anton Neheider war ein Landwirt aus Irreck, heute ein Ortsteil der bayerischen Gemeinde Velden (Vils). Im Ersten Weltkrieg diente er in der 7. Kompanie des 2. Reserve-Infanterie-Regiments. Am 08.04.1916 verstarb er im Alter von 32 Jahren in einem Lazarett in Frankreich an einer Lungenentz\u00fcndung, einer Erkrankung, die unter den Soldaten damals h\u00e4ufig vorkam. [&hellip;]<\/p>\n","protected":false},"author":2,"featured_media":0,"comment_status":"closed","ping_status":"closed","sticky":false,"template":"","format":"standard","meta":{"footnotes":"","_wp_rev_ctl_limit":""},"categories":[2,8,1876],"tags":[752,1366,36,153,3534,123,155,493,3064,3535],"class_list":["post-11891","post","type-post","status-publish","format-standard","hentry","category-1-weltkrieg","category-sterbebilder","category-frankreich-1-weltkrieg","tag-2-reserve-infanterie-regiment","tag-bayern","tag-frankreich","tag-gefreiter","tag-irreck","tag-lazarett","tag-lungenentzuendung","tag-neuville-st-vaast","tag-velden","tag-vils"],"_links":{"self":[{"href":"https:\/\/geschichte-hautnah.de\/www\/index.php?rest_route=\/wp\/v2\/posts\/11891","targetHints":{"allow":["GET"]}}],"collection":[{"href":"https:\/\/geschichte-hautnah.de\/www\/index.php?rest_route=\/wp\/v2\/posts"}],"about":[{"href":"https:\/\/geschichte-hautnah.de\/www\/index.php?rest_route=\/wp\/v2\/types\/post"}],"author":[{"embeddable":true,"href":"https:\/\/geschichte-hautnah.de\/www\/index.php?rest_route=\/wp\/v2\/users\/2"}],"replies":[{"embeddable":true,"href":"https:\/\/geschichte-hautnah.de\/www\/index.php?rest_route=%2Fwp%2Fv2%2Fcomments&post=11891"}],"version-history":[{"count":5,"href":"https:\/\/geschichte-hautnah.de\/www\/index.php?rest_route=\/wp\/v2\/posts\/11891\/revisions"}],"predecessor-version":[{"id":11896,"href":"https:\/\/geschichte-hautnah.de\/www\/index.php?rest_route=\/wp\/v2\/posts\/11891\/revisions\/11896"}],"wp:attachment":[{"href":"https:\/\/geschichte-hautnah.de\/www\/index.php?rest_route=%2Fwp%2Fv2%2Fmedia&parent=11891"}],"wp:term":[{"taxonomy":"category","embeddable":true,"href":"https:\/\/geschichte-hautnah.de\/www\/index.php?rest_route=%2Fwp%2Fv2%2Fcategories&post=11891"},{"taxonomy":"post_tag","embeddable":true,"href":"https:\/\/geschichte-hautnah.de\/www\/index.php?rest_route=%2Fwp%2Fv2%2Ftags&post=11891"}],"curies":[{"name":"wp","href":"https:\/\/api.w.org\/{rel}","templated":true}]}}