{"id":11897,"date":"2021-04-17T00:00:45","date_gmt":"2021-04-16T22:00:45","guid":{"rendered":"https:\/\/geschichte-hautnah.de\/www\/?p=11897"},"modified":"2019-06-15T07:40:53","modified_gmt":"2019-06-15T05:40:53","slug":"die-maenner-des-ersten-weltkriegs-teil-1-138-johann-birner","status":"publish","type":"post","link":"https:\/\/geschichte-hautnah.de\/www\/?p=11897","title":{"rendered":"Die M\u00e4nner des Ersten Weltkriegs \u2013 Teil 1.138: Johann Birner"},"content":{"rendered":"<p>Der Infanterist Johann Birner wurde am 07.04.1897 in Unterpennading (Schreibfehler auf Sterbebild) als Sohn eines Landwirts geboren, heute ein Ortsteil der bayerischen Gemeinde <a href=\"https:\/\/de.wikipedia.org\/wiki\/Freudenberg_(Oberpfalz)\" target=\"_blank\" rel=\"noopener noreferrer\">Freudenberg<\/a> (Oberpfalz) in Bayern. Im Ersten Weltkrieg k\u00e4mpfte er in der 5. Kompanie des 6. bayerischen Reserve-Infanterie-Regiments. Am 11.11.1916 fiel er im Alter von 19 Jahren bei Putna im rum\u00e4nischen Siebenb\u00fcrgen.<\/p>\n<p>F\u00fcr Johann Birner ist wie so oft bei Gefallenen der Ostfront keine Grablage bekannt.<\/p>\n<figure id=\"attachment_11888\" aria-describedby=\"caption-attachment-11888\" style=\"width: 493px\" class=\"wp-caption aligncenter\"><img loading=\"lazy\" decoding=\"async\" class=\"size-full wp-image-11888\" src=\"https:\/\/geschichte-hautnah.de\/www\/wp-content\/uploads\/2019\/06\/Johann_Birner_v.jpeg\" alt=\"\" width=\"493\" height=\"800\" srcset=\"https:\/\/geschichte-hautnah.de\/www\/wp-content\/uploads\/2019\/06\/Johann_Birner_v.jpeg 493w, https:\/\/geschichte-hautnah.de\/www\/wp-content\/uploads\/2019\/06\/Johann_Birner_v-185x300.jpeg 185w\" sizes=\"auto, (max-width: 493px) 100vw, 493px\" \/><figcaption id=\"caption-attachment-11888\" class=\"wp-caption-text\">Sterbebild von Johann Birner<\/figcaption><\/figure>\n<figure id=\"attachment_11887\" aria-describedby=\"caption-attachment-11887\" style=\"width: 493px\" class=\"wp-caption aligncenter\"><img loading=\"lazy\" decoding=\"async\" class=\"size-full wp-image-11887\" src=\"https:\/\/geschichte-hautnah.de\/www\/wp-content\/uploads\/2019\/06\/Johann_Birner_h.jpeg\" alt=\"\" width=\"493\" height=\"800\" srcset=\"https:\/\/geschichte-hautnah.de\/www\/wp-content\/uploads\/2019\/06\/Johann_Birner_h.jpeg 493w, https:\/\/geschichte-hautnah.de\/www\/wp-content\/uploads\/2019\/06\/Johann_Birner_h-185x300.jpeg 185w\" sizes=\"auto, (max-width: 493px) 100vw, 493px\" \/><figcaption id=\"caption-attachment-11887\" class=\"wp-caption-text\">R\u00fcckseite des Sterbebildes von Johann Birner<\/figcaption><\/figure>\n","protected":false},"excerpt":{"rendered":"<p>Der Infanterist Johann Birner wurde am 07.04.1897 in Unterpennading (Schreibfehler auf Sterbebild) als Sohn eines Landwirts geboren, heute ein Ortsteil der bayerischen Gemeinde Freudenberg (Oberpfalz) in Bayern. Im Ersten Weltkrieg k\u00e4mpfte er in der 5. Kompanie des 6. bayerischen Reserve-Infanterie-Regiments. Am 11.11.1916 fiel er im Alter von 19 Jahren bei Putna im rum\u00e4nischen Siebenb\u00fcrgen. F\u00fcr [&hellip;]<\/p>\n","protected":false},"author":2,"featured_media":0,"comment_status":"closed","ping_status":"closed","sticky":false,"template":"","format":"standard","meta":{"footnotes":"","_wp_rev_ctl_limit":""},"categories":[2,8,1875],"tags":[1926,302,1366,3537,97,1458,3538,1879,499,1901,99,3536],"class_list":["post-11897","post","type-post","status-publish","format-standard","hentry","category-1-weltkrieg","category-sterbebilder","category-rumaenien","tag-6-bayerisches-reserve-infanterie-regiment","tag-bauerssohn","tag-bayern","tag-freudenberg","tag-infanterist","tag-oberpfalz","tag-putna","tag-rumaenien","tag-schreibfehler","tag-siebenbuergen","tag-unbekannte-grablage","tag-unterpennading"],"_links":{"self":[{"href":"https:\/\/geschichte-hautnah.de\/www\/index.php?rest_route=\/wp\/v2\/posts\/11897","targetHints":{"allow":["GET"]}}],"collection":[{"href":"https:\/\/geschichte-hautnah.de\/www\/index.php?rest_route=\/wp\/v2\/posts"}],"about":[{"href":"https:\/\/geschichte-hautnah.de\/www\/index.php?rest_route=\/wp\/v2\/types\/post"}],"author":[{"embeddable":true,"href":"https:\/\/geschichte-hautnah.de\/www\/index.php?rest_route=\/wp\/v2\/users\/2"}],"replies":[{"embeddable":true,"href":"https:\/\/geschichte-hautnah.de\/www\/index.php?rest_route=%2Fwp%2Fv2%2Fcomments&post=11897"}],"version-history":[{"count":5,"href":"https:\/\/geschichte-hautnah.de\/www\/index.php?rest_route=\/wp\/v2\/posts\/11897\/revisions"}],"predecessor-version":[{"id":11902,"href":"https:\/\/geschichte-hautnah.de\/www\/index.php?rest_route=\/wp\/v2\/posts\/11897\/revisions\/11902"}],"wp:attachment":[{"href":"https:\/\/geschichte-hautnah.de\/www\/index.php?rest_route=%2Fwp%2Fv2%2Fmedia&parent=11897"}],"wp:term":[{"taxonomy":"category","embeddable":true,"href":"https:\/\/geschichte-hautnah.de\/www\/index.php?rest_route=%2Fwp%2Fv2%2Fcategories&post=11897"},{"taxonomy":"post_tag","embeddable":true,"href":"https:\/\/geschichte-hautnah.de\/www\/index.php?rest_route=%2Fwp%2Fv2%2Ftags&post=11897"}],"curies":[{"name":"wp","href":"https:\/\/api.w.org\/{rel}","templated":true}]}}