{"id":11903,"date":"2021-04-18T00:00:59","date_gmt":"2021-04-17T22:00:59","guid":{"rendered":"https:\/\/geschichte-hautnah.de\/www\/?p=11903"},"modified":"2019-06-15T12:06:06","modified_gmt":"2019-06-15T10:06:06","slug":"die-maenner-des-ersten-weltkriegs-teil-1-138-johann-loher","status":"publish","type":"post","link":"https:\/\/geschichte-hautnah.de\/www\/?p=11903","title":{"rendered":"Die M\u00e4nner des Ersten Weltkriegs \u2013 Teil 1.139: Johann Loher"},"content":{"rendered":"<p>Johann Loher stammte aus Nu\u00dfbaum, heute ein Ortsteil der bayerischen Gemeinde <a href=\"https:\/\/de.wikipedia.org\/wiki\/Hebertsfelden\" target=\"_blank\" rel=\"noopener noreferrer\">Herbertsfelden<\/a>, und war der Sohn eines Landwirts. Im Ersten Weltkrieg diente er in der 11. Kompanie (Irrtum auf Sterbebild) des 20. bayerischen Infanterie-Regiments. Am 27.06.1916 fiel er im Alter von 21 Jahren in Frankreich w\u00e4hrend der furchtbaren K\u00e4mpfe auf Kalter Erde und bei Fleury, alos w\u00e4hrend der Schlacht um Verdun.<\/p>\n<p>Offiziell ist f\u00fcr Johann Loher keine Grablage bekannt. Ich vermute jedoch, dass er w\u00e4hrend der Zusammenlegung von Begr\u00e4bnisst\u00e4tten auf dem Soldatenfriedhof <span data-sheets-value=\"{&quot;1&quot;:2,&quot;2&quot;:&quot;Hautecourt-l\u00e8s-Broville&quot;}\" data-sheets-userformat=\"{&quot;2&quot;:1049089,&quot;3&quot;:{&quot;1&quot;:0},&quot;12&quot;:0,&quot;23&quot;:1}\" data-sheets-formula=\"=HYPERLINK(&quot;https:\/\/goo.gl\/maps\/EGHJFoxDbwm&quot;;&quot;Hautecourt-l\u00e8s-Broville&quot;)\"><a class=\"in-cell-link\" href=\"https:\/\/goo.gl\/maps\/EGHJFoxDbwm\" target=\"_blank\" rel=\"noopener noreferrer\">Hautecourt-l\u00e8s-Broville<\/a> in einem Massengrab beigesetzt wurde. Dort wurde die anderen am gleichen Tag gefallenen Kameraden von Johann Loher aus der 11. Kompanie beigesetzt:<\/span><\/p>\n<ol>\n<li>Landsturmmann Josef Walch, gefallen am 27.06.1916 bei Douaumont, begarben auf dem Soldatenfriedhof <span data-sheets-value=\"{&quot;1&quot;:2,&quot;2&quot;:&quot;Hautecourt-l\u00e8s-Broville&quot;}\" data-sheets-userformat=\"{&quot;2&quot;:1049089,&quot;3&quot;:{&quot;1&quot;:0},&quot;12&quot;:0,&quot;23&quot;:1}\" data-sheets-formula=\"=HYPERLINK(&quot;https:\/\/goo.gl\/maps\/EGHJFoxDbwm&quot;;&quot;Hautecourt-l\u00e8s-Broville&quot;)\"><a class=\"in-cell-link\" href=\"https:\/\/goo.gl\/maps\/EGHJFoxDbwm\" target=\"_blank\" rel=\"noopener noreferrer\">Hautecourt-l\u00e8s-Broville<\/a> in einem Massengrab;<\/span><\/li>\n<li>Landsturmmann Karl Herkommer, gefallen am 27.06.1916 bei Douaumont, begarben auf dem Soldatenfriedhof <span data-sheets-value=\"{&quot;1&quot;:2,&quot;2&quot;:&quot;Hautecourt-l\u00e8s-Broville&quot;}\" data-sheets-userformat=\"{&quot;2&quot;:1049089,&quot;3&quot;:{&quot;1&quot;:0},&quot;12&quot;:0,&quot;23&quot;:1}\" data-sheets-formula=\"=HYPERLINK(&quot;https:\/\/goo.gl\/maps\/EGHJFoxDbwm&quot;;&quot;Hautecourt-l\u00e8s-Broville&quot;)\"><a class=\"in-cell-link\" href=\"https:\/\/goo.gl\/maps\/EGHJFoxDbwm\" target=\"_blank\" rel=\"noopener noreferrer\">Hautecourt-l\u00e8s-Broville<\/a> in einem Massengrab.\n<p><\/span><\/li>\n<\/ol>\n<figure id=\"attachment_11890\" aria-describedby=\"caption-attachment-11890\" style=\"width: 526px\" class=\"wp-caption aligncenter\"><img loading=\"lazy\" decoding=\"async\" class=\"size-full wp-image-11890\" src=\"https:\/\/geschichte-hautnah.de\/www\/wp-content\/uploads\/2019\/06\/Johann_Loher_v.jpeg\" alt=\"\" width=\"526\" height=\"800\" srcset=\"https:\/\/geschichte-hautnah.de\/www\/wp-content\/uploads\/2019\/06\/Johann_Loher_v.jpeg 526w, https:\/\/geschichte-hautnah.de\/www\/wp-content\/uploads\/2019\/06\/Johann_Loher_v-197x300.jpeg 197w\" sizes=\"auto, (max-width: 526px) 100vw, 526px\" \/><figcaption id=\"caption-attachment-11890\" class=\"wp-caption-text\">Sterbebild von Johann Loher<\/figcaption><\/figure>\n<figure id=\"attachment_11889\" aria-describedby=\"caption-attachment-11889\" style=\"width: 526px\" class=\"wp-caption aligncenter\"><img loading=\"lazy\" decoding=\"async\" class=\"size-full wp-image-11889\" src=\"https:\/\/geschichte-hautnah.de\/www\/wp-content\/uploads\/2019\/06\/Johann_Loher_h.jpeg\" alt=\"\" width=\"526\" height=\"800\" srcset=\"https:\/\/geschichte-hautnah.de\/www\/wp-content\/uploads\/2019\/06\/Johann_Loher_h.jpeg 526w, https:\/\/geschichte-hautnah.de\/www\/wp-content\/uploads\/2019\/06\/Johann_Loher_h-197x300.jpeg 197w\" sizes=\"auto, (max-width: 526px) 100vw, 526px\" \/><figcaption id=\"caption-attachment-11889\" class=\"wp-caption-text\">R\u00fcckseite des Sterbebildes von Johann Loher<\/figcaption><\/figure>\n<p>&nbsp;<\/p>\n","protected":false},"excerpt":{"rendered":"<p>Johann Loher stammte aus Nu\u00dfbaum, heute ein Ortsteil der bayerischen Gemeinde Herbertsfelden, und war der Sohn eines Landwirts. Im Ersten Weltkrieg diente er in der 11. Kompanie (Irrtum auf Sterbebild) des 20. bayerischen Infanterie-Regiments. Am 27.06.1916 fiel er im Alter von 21 Jahren in Frankreich w\u00e4hrend der furchtbaren K\u00e4mpfe auf Kalter Erde und bei Fleury, [&hellip;]<\/p>\n","protected":false},"author":2,"featured_media":0,"comment_status":"closed","ping_status":"closed","sticky":false,"template":"","format":"standard","meta":{"footnotes":"","_wp_rev_ctl_limit":""},"categories":[2,8,1876,16],"tags":[216,302,1366,3008,36,696,267,3540,3541,3539,125],"class_list":["post-11903","post","type-post","status-publish","format-standard","hentry","category-1-weltkrieg","category-sterbebilder","category-frankreich-1-weltkrieg","category-verdun","tag-20-bayerisches-infanterie-regiment","tag-bauerssohn","tag-bayern","tag-fleury-devant-douaumont","tag-frankreich","tag-froideterre","tag-hautecourt-les-broville","tag-herbertsfelden","tag-kalte-erde","tag-nussbaum","tag-verdun"],"_links":{"self":[{"href":"https:\/\/geschichte-hautnah.de\/www\/index.php?rest_route=\/wp\/v2\/posts\/11903","targetHints":{"allow":["GET"]}}],"collection":[{"href":"https:\/\/geschichte-hautnah.de\/www\/index.php?rest_route=\/wp\/v2\/posts"}],"about":[{"href":"https:\/\/geschichte-hautnah.de\/www\/index.php?rest_route=\/wp\/v2\/types\/post"}],"author":[{"embeddable":true,"href":"https:\/\/geschichte-hautnah.de\/www\/index.php?rest_route=\/wp\/v2\/users\/2"}],"replies":[{"embeddable":true,"href":"https:\/\/geschichte-hautnah.de\/www\/index.php?rest_route=%2Fwp%2Fv2%2Fcomments&post=11903"}],"version-history":[{"count":4,"href":"https:\/\/geschichte-hautnah.de\/www\/index.php?rest_route=\/wp\/v2\/posts\/11903\/revisions"}],"predecessor-version":[{"id":11907,"href":"https:\/\/geschichte-hautnah.de\/www\/index.php?rest_route=\/wp\/v2\/posts\/11903\/revisions\/11907"}],"wp:attachment":[{"href":"https:\/\/geschichte-hautnah.de\/www\/index.php?rest_route=%2Fwp%2Fv2%2Fmedia&parent=11903"}],"wp:term":[{"taxonomy":"category","embeddable":true,"href":"https:\/\/geschichte-hautnah.de\/www\/index.php?rest_route=%2Fwp%2Fv2%2Fcategories&post=11903"},{"taxonomy":"post_tag","embeddable":true,"href":"https:\/\/geschichte-hautnah.de\/www\/index.php?rest_route=%2Fwp%2Fv2%2Ftags&post=11903"}],"curies":[{"name":"wp","href":"https:\/\/api.w.org\/{rel}","templated":true}]}}