{"id":12056,"date":"2021-05-07T00:00:45","date_gmt":"2021-05-06T22:00:45","guid":{"rendered":"https:\/\/geschichte-hautnah.de\/www\/?p=12056"},"modified":"2019-06-20T19:45:13","modified_gmt":"2019-06-20T17:45:13","slug":"die-maenner-des-ersten-weltkriegs-teil-1-158-hermann-lebmann","status":"publish","type":"post","link":"https:\/\/geschichte-hautnah.de\/www\/?p=12056","title":{"rendered":"Die M\u00e4nner des Ersten Weltkriegs \u2013 Teil 1.158: Hermann Lebmann"},"content":{"rendered":"<p>Hermann Lebmann stammte aus Malgertsham, heute ein Ortsteil der bayerischen Gemeinde <a href=\"https:\/\/de.wikipedia.org\/wiki\/K%C3%B6%C3%9Flarn\" target=\"_blank\" rel=\"noopener noreferrer\">K\u00f6\u00dflarn<\/a>, und war der Sohn eines Landwirts. Im Ersten Weltkrieg k\u00e4mpfte er als Sanit\u00e4ts-Unteroffizier in der Magazin-Fuhrpark-Kolonne und wurde mit dem bayerischen Milit\u00e4r-Verdienst-Kreuz mit Krone und Schwertern ausgezeichnet. Am 30.04.1917 verstarb er im Alter von 30 Jahren im Kriegslazarett Labroye an Genickstarre.<\/p>\n<p>Man begrub Hermann Lebmann auf dem Soldatendfriedhof <span data-sheets-value=\"{&quot;1&quot;:2,&quot;2&quot;:&quot;Labry&quot;}\" data-sheets-userformat=\"{&quot;2&quot;:1049089,&quot;3&quot;:{&quot;1&quot;:0},&quot;12&quot;:0,&quot;23&quot;:1}\" data-sheets-formula=\"=HYPERLINK(&quot;https:\/\/goo.gl\/maps\/vSroFt9HwGw&quot;;&quot;Labry&quot;)\"><a class=\"in-cell-link\" href=\"https:\/\/goo.gl\/maps\/vSroFt9HwGw\" target=\"_blank\" rel=\"noopener noreferrer\">Labry<\/a><\/span> in Block 2, Grab 144.<\/p>\n<figure id=\"attachment_12044\" aria-describedby=\"caption-attachment-12044\" style=\"width: 640px\" class=\"wp-caption aligncenter\"><img loading=\"lazy\" decoding=\"async\" class=\"size-large wp-image-12044\" src=\"https:\/\/geschichte-hautnah.de\/www\/wp-content\/uploads\/2019\/06\/Hermann_Lebmann_v-800x612.jpeg\" alt=\"\" width=\"640\" height=\"490\" srcset=\"https:\/\/geschichte-hautnah.de\/www\/wp-content\/uploads\/2019\/06\/Hermann_Lebmann_v.jpeg 800w, https:\/\/geschichte-hautnah.de\/www\/wp-content\/uploads\/2019\/06\/Hermann_Lebmann_v-300x230.jpeg 300w, https:\/\/geschichte-hautnah.de\/www\/wp-content\/uploads\/2019\/06\/Hermann_Lebmann_v-768x588.jpeg 768w\" sizes=\"auto, (max-width: 640px) 100vw, 640px\" \/><figcaption id=\"caption-attachment-12044\" class=\"wp-caption-text\">Sterbebild von Hermann Lebmann<\/figcaption><\/figure>\n<figure id=\"attachment_12043\" aria-describedby=\"caption-attachment-12043\" style=\"width: 640px\" class=\"wp-caption aligncenter\"><img loading=\"lazy\" decoding=\"async\" class=\"size-large wp-image-12043\" src=\"https:\/\/geschichte-hautnah.de\/www\/wp-content\/uploads\/2019\/06\/Hermann_Lebmann_h-800x612.jpeg\" alt=\"\" width=\"640\" height=\"490\" srcset=\"https:\/\/geschichte-hautnah.de\/www\/wp-content\/uploads\/2019\/06\/Hermann_Lebmann_h.jpeg 800w, https:\/\/geschichte-hautnah.de\/www\/wp-content\/uploads\/2019\/06\/Hermann_Lebmann_h-300x230.jpeg 300w, https:\/\/geschichte-hautnah.de\/www\/wp-content\/uploads\/2019\/06\/Hermann_Lebmann_h-768x588.jpeg 768w\" sizes=\"auto, (max-width: 640px) 100vw, 640px\" \/><figcaption id=\"caption-attachment-12043\" class=\"wp-caption-text\">R\u00fcckseite des Sterbebildes von Hermann Lebmann<\/figcaption><\/figure>\n","protected":false},"excerpt":{"rendered":"<p>Hermann Lebmann stammte aus Malgertsham, heute ein Ortsteil der bayerischen Gemeinde K\u00f6\u00dflarn, und war der Sohn eines Landwirts. Im Ersten Weltkrieg k\u00e4mpfte er als Sanit\u00e4ts-Unteroffizier in der Magazin-Fuhrpark-Kolonne und wurde mit dem bayerischen Milit\u00e4r-Verdienst-Kreuz mit Krone und Schwertern ausgezeichnet. Am 30.04.1917 verstarb er im Alter von 30 Jahren im Kriegslazarett Labroye an Genickstarre. Man begrub [&hellip;]<\/p>\n","protected":false},"author":2,"featured_media":0,"comment_status":"closed","ping_status":"closed","sticky":false,"template":"","format":"standard","meta":{"footnotes":"","_wp_rev_ctl_limit":""},"categories":[2,8,1876],"tags":[302,1366,36,177,3160,3582,180,3580,3579,3581,410],"class_list":["post-12056","post","type-post","status-publish","format-standard","hentry","category-1-weltkrieg","category-sterbebilder","category-frankreich-1-weltkrieg","tag-bauerssohn","tag-bayern","tag-frankreich","tag-genickstarre","tag-koesslarn","tag-kriegslazarett-labroye","tag-labry","tag-magazin-fuhrpark-kolonne","tag-malgertsham","tag-militaer-verdienst-kreuz-mit-krone-und-schwertern","tag-sanitaets-unteroffizier"],"_links":{"self":[{"href":"https:\/\/geschichte-hautnah.de\/www\/index.php?rest_route=\/wp\/v2\/posts\/12056","targetHints":{"allow":["GET"]}}],"collection":[{"href":"https:\/\/geschichte-hautnah.de\/www\/index.php?rest_route=\/wp\/v2\/posts"}],"about":[{"href":"https:\/\/geschichte-hautnah.de\/www\/index.php?rest_route=\/wp\/v2\/types\/post"}],"author":[{"embeddable":true,"href":"https:\/\/geschichte-hautnah.de\/www\/index.php?rest_route=\/wp\/v2\/users\/2"}],"replies":[{"embeddable":true,"href":"https:\/\/geschichte-hautnah.de\/www\/index.php?rest_route=%2Fwp%2Fv2%2Fcomments&post=12056"}],"version-history":[{"count":4,"href":"https:\/\/geschichte-hautnah.de\/www\/index.php?rest_route=\/wp\/v2\/posts\/12056\/revisions"}],"predecessor-version":[{"id":12062,"href":"https:\/\/geschichte-hautnah.de\/www\/index.php?rest_route=\/wp\/v2\/posts\/12056\/revisions\/12062"}],"wp:attachment":[{"href":"https:\/\/geschichte-hautnah.de\/www\/index.php?rest_route=%2Fwp%2Fv2%2Fmedia&parent=12056"}],"wp:term":[{"taxonomy":"category","embeddable":true,"href":"https:\/\/geschichte-hautnah.de\/www\/index.php?rest_route=%2Fwp%2Fv2%2Fcategories&post=12056"},{"taxonomy":"post_tag","embeddable":true,"href":"https:\/\/geschichte-hautnah.de\/www\/index.php?rest_route=%2Fwp%2Fv2%2Ftags&post=12056"}],"curies":[{"name":"wp","href":"https:\/\/api.w.org\/{rel}","templated":true}]}}