{"id":12722,"date":"2021-08-02T00:00:34","date_gmt":"2021-08-01T22:00:34","guid":{"rendered":"https:\/\/geschichte-hautnah.de\/www\/?p=12722"},"modified":"2019-07-16T11:55:02","modified_gmt":"2019-07-16T09:55:02","slug":"die-maenner-des-afghanistankrieges-teil-1-240-sergej-motz","status":"publish","type":"post","link":"https:\/\/geschichte-hautnah.de\/www\/?p=12722","title":{"rendered":"Die M\u00e4nner des Afghanistankrieges \u2013 Teil 1.240: Sergej Motz"},"content":{"rendered":"<p>Heute stelle ich einen gefallenen Soldaten vor, dessen Tod gerade einmal 12 Jahre her ist. Sergej Motz war Russlanddeutscher wurde am 12.06.1987 geboren und stammte aus <a href=\"https:\/\/de.wikipedia.org\/wiki\/Bad_Saulgau\" target=\"_blank\" rel=\"noopener noreferrer\">Bad Saulgau<\/a> in Baden-W\u00fcrttemberg. Im Afghanistankrieg k\u00e4mpfte er als Hauptgefreiter im J\u00e4gerbataillon 292, Donaueschingen. Am 29.04.2009 fiel er im Alter von 21 Jahren bei einem \u00dcberfall mit RPG und Handfeuerwaffen auf einen Konvoi nordwestlich von <a href=\"https:\/\/de.wikipedia.org\/wiki\/Kundus\" target=\"_blank\" rel=\"noopener noreferrer\">Kunduz<\/a> w\u00e4hrend des deutschen Einsatzes im <a href=\"https:\/\/de.wikipedia.org\/wiki\/Krieg_in_Afghanistan_seit_2001\" target=\"_blank\" rel=\"noopener noreferrer\">Krieg in Afghanistan<\/a>.<\/p>\n<p>Sergej Motz wurde auf dem st\u00e4dtischen Friedhof in Bad Saulgau begraben.<\/p>\n<p>Zum Sterben von Sergej Motz gibt es ein Video von Spiegel online: <a href=\"https:\/\/www.spiegel.de\/video\/einsatz-in-afghanistan-der-tod-des-sergej-motz-video-1035784.html\" target=\"_blank\" rel=\"noopener noreferrer\">https:\/\/www.spiegel.de\/video\/einsatz-in-afghanistan-der-tod-des-sergej-motz-video-1035784.html<\/a><\/p>\n<figure id=\"attachment_12721\" aria-describedby=\"caption-attachment-12721\" style=\"width: 800px\" class=\"wp-caption aligncenter\"><img loading=\"lazy\" decoding=\"async\" class=\"size-full wp-image-12721\" src=\"https:\/\/geschichte-hautnah.de\/www\/wp-content\/uploads\/2019\/07\/Sergej_Motz_v.jpeg\" alt=\"\" width=\"800\" height=\"561\" srcset=\"https:\/\/geschichte-hautnah.de\/www\/wp-content\/uploads\/2019\/07\/Sergej_Motz_v.jpeg 800w, https:\/\/geschichte-hautnah.de\/www\/wp-content\/uploads\/2019\/07\/Sergej_Motz_v-300x210.jpeg 300w, https:\/\/geschichte-hautnah.de\/www\/wp-content\/uploads\/2019\/07\/Sergej_Motz_v-768x539.jpeg 768w\" sizes=\"auto, (max-width: 800px) 100vw, 800px\" \/><figcaption id=\"caption-attachment-12721\" class=\"wp-caption-text\">Sterbebild von Sergej Motz<\/figcaption><\/figure>\n<figure id=\"attachment_12720\" aria-describedby=\"caption-attachment-12720\" style=\"width: 800px\" class=\"wp-caption aligncenter\"><img loading=\"lazy\" decoding=\"async\" class=\"size-full wp-image-12720\" src=\"https:\/\/geschichte-hautnah.de\/www\/wp-content\/uploads\/2019\/07\/Sergej_Motz_h.jpeg\" alt=\"\" width=\"800\" height=\"561\" srcset=\"https:\/\/geschichte-hautnah.de\/www\/wp-content\/uploads\/2019\/07\/Sergej_Motz_h.jpeg 800w, https:\/\/geschichte-hautnah.de\/www\/wp-content\/uploads\/2019\/07\/Sergej_Motz_h-300x210.jpeg 300w, https:\/\/geschichte-hautnah.de\/www\/wp-content\/uploads\/2019\/07\/Sergej_Motz_h-768x539.jpeg 768w\" sizes=\"auto, (max-width: 800px) 100vw, 800px\" \/><figcaption id=\"caption-attachment-12720\" class=\"wp-caption-text\">R\u00fcckseite des Sterbebildes von Sergej Motz<\/figcaption><\/figure>\n","protected":false},"excerpt":{"rendered":"<p>Heute stelle ich einen gefallenen Soldaten vor, dessen Tod gerade einmal 12 Jahre her ist. Sergej Motz war Russlanddeutscher wurde am 12.06.1987 geboren und stammte aus Bad Saulgau in Baden-W\u00fcrttemberg. Im Afghanistankrieg k\u00e4mpfte er als Hauptgefreiter im J\u00e4gerbataillon 292, Donaueschingen. Am 29.04.2009 fiel er im Alter von 21 Jahren bei einem \u00dcberfall mit RPG und [&hellip;]<\/p>\n","protected":false},"author":2,"featured_media":0,"comment_status":"closed","ping_status":"closed","sticky":false,"template":"","format":"standard","meta":{"footnotes":"","_wp_rev_ctl_limit":""},"categories":[3835],"tags":[3836,3840,3838,3841,3837,3839,3842],"class_list":["post-12722","post","type-post","status-publish","format-standard","hentry","category-afghanistankrieg","tag-afghanistan","tag-bad-saulgau","tag-donaueschingen","tag-hauptgefreiter","tag-jaegerbataillon-292","tag-kunduz","tag-russlanddeutscher"],"_links":{"self":[{"href":"https:\/\/geschichte-hautnah.de\/www\/index.php?rest_route=\/wp\/v2\/posts\/12722","targetHints":{"allow":["GET"]}}],"collection":[{"href":"https:\/\/geschichte-hautnah.de\/www\/index.php?rest_route=\/wp\/v2\/posts"}],"about":[{"href":"https:\/\/geschichte-hautnah.de\/www\/index.php?rest_route=\/wp\/v2\/types\/post"}],"author":[{"embeddable":true,"href":"https:\/\/geschichte-hautnah.de\/www\/index.php?rest_route=\/wp\/v2\/users\/2"}],"replies":[{"embeddable":true,"href":"https:\/\/geschichte-hautnah.de\/www\/index.php?rest_route=%2Fwp%2Fv2%2Fcomments&post=12722"}],"version-history":[{"count":5,"href":"https:\/\/geschichte-hautnah.de\/www\/index.php?rest_route=\/wp\/v2\/posts\/12722\/revisions"}],"predecessor-version":[{"id":12727,"href":"https:\/\/geschichte-hautnah.de\/www\/index.php?rest_route=\/wp\/v2\/posts\/12722\/revisions\/12727"}],"wp:attachment":[{"href":"https:\/\/geschichte-hautnah.de\/www\/index.php?rest_route=%2Fwp%2Fv2%2Fmedia&parent=12722"}],"wp:term":[{"taxonomy":"category","embeddable":true,"href":"https:\/\/geschichte-hautnah.de\/www\/index.php?rest_route=%2Fwp%2Fv2%2Fcategories&post=12722"},{"taxonomy":"post_tag","embeddable":true,"href":"https:\/\/geschichte-hautnah.de\/www\/index.php?rest_route=%2Fwp%2Fv2%2Ftags&post=12722"}],"curies":[{"name":"wp","href":"https:\/\/api.w.org\/{rel}","templated":true}]}}