{"id":12782,"date":"2021-08-09T00:00:46","date_gmt":"2021-08-08T22:00:46","guid":{"rendered":"https:\/\/geschichte-hautnah.de\/www\/?p=12782"},"modified":"2019-07-17T20:11:04","modified_gmt":"2019-07-17T18:11:04","slug":"die-maenner-des-ersten-weltkrieges-teil-1-247-josef-maier","status":"publish","type":"post","link":"https:\/\/geschichte-hautnah.de\/www\/?p=12782","title":{"rendered":"Die M\u00e4nner des Ersten Weltkrieges \u2013 Teil 1.247: Josef Maier"},"content":{"rendered":"<p>Der Gefreite Josef Maier stammte aus <a href=\"https:\/\/de.wikipedia.org\/wiki\/Haidlfing\" target=\"_blank\" rel=\"noopener noreferrer\">Haidlfing<\/a> und war der Sohn eines Tagel\u00f6hners. Im Ersten Weltkrieg diente er in der 5. Kompanie des 13. bayerischen Infanterie-Regiments. Am 28.06.1916 fiel er im Alter von 24 Jahren bei Verdun w\u00e4hrend der K\u00e4mpfe um Fleury und Kalter Erde. Er war mit dem Verdienstkreuz ausgezeichnet worden.<\/p>\n<p>Offiziell ist f\u00fcr Josef Maier keine Grablage bekannt. Ich gehe jedoch davon aus, dass seine sterblichen \u00dcberreste anonym auf dem Soldatenfriedhof <span data-sheets-value=\"{&quot;1&quot;:2,&quot;2&quot;:&quot;Hautecourt-l\u00e8s-Broville&quot;}\" data-sheets-userformat=\"{&quot;2&quot;:1049089,&quot;3&quot;:{&quot;1&quot;:0},&quot;12&quot;:0,&quot;23&quot;:1}\" data-sheets-formula=\"=HYPERLINK(&quot;https:\/\/goo.gl\/maps\/EGHJFoxDbwm&quot;;&quot;Hautecourt-l\u00e8s-Broville&quot;)\"><a class=\"in-cell-link\" href=\"https:\/\/goo.gl\/maps\/EGHJFoxDbwm\" target=\"_blank\" rel=\"noopener noreferrer\">Hautecourt-l\u00e8s-Broville<\/a> in einem Massengrab beigesetzt worden ist. Dort begrub man seine Kameraden aus der 5. Kompanie des 13. bayerischen Infanterie-Regiments, die im gleichen Zeitraum fielen, z. B.<\/span><\/p>\n<ul>\n<li>Unteroffizier Heinrich Bengel, gefallen am 30.06.1916 bei Fleury, begraben auf dem Soldatenfriedhof <span data-sheets-value=\"{&quot;1&quot;:2,&quot;2&quot;:&quot;Hautecourt-l\u00e8s-Broville&quot;}\" data-sheets-userformat=\"{&quot;2&quot;:1049089,&quot;3&quot;:{&quot;1&quot;:0},&quot;12&quot;:0,&quot;23&quot;:1}\" data-sheets-formula=\"=HYPERLINK(&quot;https:\/\/goo.gl\/maps\/EGHJFoxDbwm&quot;;&quot;Hautecourt-l\u00e8s-Broville&quot;)\"><a class=\"in-cell-link\" href=\"https:\/\/goo.gl\/maps\/EGHJFoxDbwm\" target=\"_blank\" rel=\"noopener noreferrer\">Hautecourt-l\u00e8s-Broville<\/a> in einem Massengrab;<\/span><\/li>\n<li>Infanterist Xaver Pehl, gefallen am 28.06.1916 bei Verdun, begraben auf dem Soldatenfriedhof <span data-sheets-value=\"{&quot;1&quot;:2,&quot;2&quot;:&quot;Hautecourt-l\u00e8s-Broville&quot;}\" data-sheets-userformat=\"{&quot;2&quot;:1049089,&quot;3&quot;:{&quot;1&quot;:0},&quot;12&quot;:0,&quot;23&quot;:1}\" data-sheets-formula=\"=HYPERLINK(&quot;https:\/\/goo.gl\/maps\/EGHJFoxDbwm&quot;;&quot;Hautecourt-l\u00e8s-Broville&quot;)\"><a class=\"in-cell-link\" href=\"https:\/\/goo.gl\/maps\/EGHJFoxDbwm\" target=\"_blank\" rel=\"noopener noreferrer\">Hautecourt-l\u00e8s-Broville<\/a> in einem Massengrab;<\/span><\/li>\n<li>Infanterist Josef Bayer, gefallen am 27.06.1916 bei Fleury, begraben auf dem Soldatenfriedhof <span data-sheets-value=\"{&quot;1&quot;:2,&quot;2&quot;:&quot;Hautecourt-l\u00e8s-Broville&quot;}\" data-sheets-userformat=\"{&quot;2&quot;:1049089,&quot;3&quot;:{&quot;1&quot;:0},&quot;12&quot;:0,&quot;23&quot;:1}\" data-sheets-formula=\"=HYPERLINK(&quot;https:\/\/goo.gl\/maps\/EGHJFoxDbwm&quot;;&quot;Hautecourt-l\u00e8s-Broville&quot;)\"><a class=\"in-cell-link\" href=\"https:\/\/goo.gl\/maps\/EGHJFoxDbwm\" target=\"_blank\" rel=\"noopener noreferrer\">Hautecourt-l\u00e8s-Broville<\/a> in einem Massengrab;<\/span><\/li>\n<li>Infanterist Siegfried Holzer, gefallen am 27.06.1916 bei Fleury, begraben auf dem Soldatenfriedhof <span data-sheets-value=\"{&quot;1&quot;:2,&quot;2&quot;:&quot;Hautecourt-l\u00e8s-Broville&quot;}\" data-sheets-userformat=\"{&quot;2&quot;:1049089,&quot;3&quot;:{&quot;1&quot;:0},&quot;12&quot;:0,&quot;23&quot;:1}\" data-sheets-formula=\"=HYPERLINK(&quot;https:\/\/goo.gl\/maps\/EGHJFoxDbwm&quot;;&quot;Hautecourt-l\u00e8s-Broville&quot;)\"><span data-sheets-value=\"{&quot;1&quot;:2,&quot;2&quot;:&quot;Hautecourt-l\u00e8s-Broville&quot;}\" data-sheets-userformat=\"{&quot;2&quot;:1049089,&quot;3&quot;:{&quot;1&quot;:0},&quot;12&quot;:0,&quot;23&quot;:1}\" data-sheets-formula=\"=HYPERLINK(&quot;https:\/\/goo.gl\/maps\/EGHJFoxDbwm&quot;;&quot;Hautecourt-l\u00e8s-Broville&quot;)\"><a class=\"in-cell-link\" href=\"https:\/\/goo.gl\/maps\/EGHJFoxDbwm\" target=\"_blank\" rel=\"noopener noreferrer\">Hautecourt-l\u00e8s-Broville<\/a> in einem Massengrab.<\/span><\/span><\/li>\n<\/ul>\n<figure id=\"attachment_12770\" aria-describedby=\"caption-attachment-12770\" style=\"width: 800px\" class=\"wp-caption aligncenter\"><img loading=\"lazy\" decoding=\"async\" class=\"size-full wp-image-12770\" src=\"https:\/\/geschichte-hautnah.de\/www\/wp-content\/uploads\/2019\/07\/JosefMaier_v.jpeg\" alt=\"\" width=\"800\" height=\"616\" srcset=\"https:\/\/geschichte-hautnah.de\/www\/wp-content\/uploads\/2019\/07\/JosefMaier_v.jpeg 800w, https:\/\/geschichte-hautnah.de\/www\/wp-content\/uploads\/2019\/07\/JosefMaier_v-300x231.jpeg 300w, https:\/\/geschichte-hautnah.de\/www\/wp-content\/uploads\/2019\/07\/JosefMaier_v-768x591.jpeg 768w\" sizes=\"auto, (max-width: 800px) 100vw, 800px\" \/><figcaption id=\"caption-attachment-12770\" class=\"wp-caption-text\">Sterbebild von Josef Maier<\/figcaption><\/figure>\n<figure id=\"attachment_12769\" aria-describedby=\"caption-attachment-12769\" style=\"width: 800px\" class=\"wp-caption aligncenter\"><img loading=\"lazy\" decoding=\"async\" class=\"size-full wp-image-12769\" src=\"https:\/\/geschichte-hautnah.de\/www\/wp-content\/uploads\/2019\/07\/JosefMaier_h.jpeg\" alt=\"\" width=\"800\" height=\"616\" srcset=\"https:\/\/geschichte-hautnah.de\/www\/wp-content\/uploads\/2019\/07\/JosefMaier_h.jpeg 800w, https:\/\/geschichte-hautnah.de\/www\/wp-content\/uploads\/2019\/07\/JosefMaier_h-300x231.jpeg 300w, https:\/\/geschichte-hautnah.de\/www\/wp-content\/uploads\/2019\/07\/JosefMaier_h-768x591.jpeg 768w\" sizes=\"auto, (max-width: 800px) 100vw, 800px\" \/><figcaption id=\"caption-attachment-12769\" class=\"wp-caption-text\">R\u00fcckseite des Sterbebildes von Josef Maier<\/figcaption><\/figure>\n<p>Der theoretische Weg von Josef Maier von seinem Geburtsort \u00fcber seinen Sterbeort zu seinem vermutlichen Grab:<\/p>\n<p><iframe loading=\"lazy\" style=\"border: 0;\" src=\"https:\/\/www.google.com\/maps\/embed?pb=!1m34!1m12!1m3!1d2683983.9461136153!2d6.829265175475861!3d48.93295476929118!2m3!1f0!2f0!3f0!3m2!1i1024!2i768!4f13.1!4m19!3e2!4m5!1s0x4775747954bd41ab%3A0xa1d25a6760ef740!2sHaidlfing%2C+94522+Wallersdorf!3m2!1d48.736957!2d12.7139663!4m5!1s0x47eb1ef66a7994d7%3A0xbe5169917c08e4b7!2sFleury-devant-Douaumont%2C+Frankreich!3m2!1d49.19222!2d5.4299111!4m5!1s0x47eb20e2dff72b93%3A0x14f15d951911e15f!2sHautecourt%2C+Abaucourt-Hautecourt%2C+Frankreich!3m2!1d49.193677!2d5.5589319999999995!5e0!3m2!1sde!2sde!4v1563387015235!5m2!1sde!2sde\" width=\"600\" height=\"450\" frameborder=\"0\" allowfullscreen=\"allowfullscreen\"><\/iframe><\/p>\n","protected":false},"excerpt":{"rendered":"<p>Der Gefreite Josef Maier stammte aus Haidlfing und war der Sohn eines Tagel\u00f6hners. Im Ersten Weltkrieg diente er in der 5. Kompanie des 13. bayerischen Infanterie-Regiments. Am 28.06.1916 fiel er im Alter von 24 Jahren bei Verdun w\u00e4hrend der K\u00e4mpfe um Fleury und Kalter Erde. Er war mit dem Verdienstkreuz ausgezeichnet worden. Offiziell ist f\u00fcr [&hellip;]<\/p>\n","protected":false},"author":2,"featured_media":0,"comment_status":"closed","ping_status":"closed","sticky":false,"template":"","format":"standard","meta":{"footnotes":"","_wp_rev_ctl_limit":""},"categories":[2,8,1876,16],"tags":[330,713,1366,36,153,714,267,598,3551,416,125],"class_list":["post-12782","post","type-post","status-publish","format-standard","hentry","category-1-weltkrieg","category-sterbebilder","category-frankreich-1-weltkrieg","category-verdun","tag-13-bayerisches-infanterie-regiment","tag-bayerischer-militaer-verdienstkreuz","tag-bayern","tag-frankreich","tag-gefreiter","tag-haidlfing","tag-hautecourt-les-broville","tag-lothringen","tag-sohn-eines-tageloehners","tag-soeldnerssohn","tag-verdun"],"_links":{"self":[{"href":"https:\/\/geschichte-hautnah.de\/www\/index.php?rest_route=\/wp\/v2\/posts\/12782","targetHints":{"allow":["GET"]}}],"collection":[{"href":"https:\/\/geschichte-hautnah.de\/www\/index.php?rest_route=\/wp\/v2\/posts"}],"about":[{"href":"https:\/\/geschichte-hautnah.de\/www\/index.php?rest_route=\/wp\/v2\/types\/post"}],"author":[{"embeddable":true,"href":"https:\/\/geschichte-hautnah.de\/www\/index.php?rest_route=\/wp\/v2\/users\/2"}],"replies":[{"embeddable":true,"href":"https:\/\/geschichte-hautnah.de\/www\/index.php?rest_route=%2Fwp%2Fv2%2Fcomments&post=12782"}],"version-history":[{"count":7,"href":"https:\/\/geschichte-hautnah.de\/www\/index.php?rest_route=\/wp\/v2\/posts\/12782\/revisions"}],"predecessor-version":[{"id":12789,"href":"https:\/\/geschichte-hautnah.de\/www\/index.php?rest_route=\/wp\/v2\/posts\/12782\/revisions\/12789"}],"wp:attachment":[{"href":"https:\/\/geschichte-hautnah.de\/www\/index.php?rest_route=%2Fwp%2Fv2%2Fmedia&parent=12782"}],"wp:term":[{"taxonomy":"category","embeddable":true,"href":"https:\/\/geschichte-hautnah.de\/www\/index.php?rest_route=%2Fwp%2Fv2%2Fcategories&post=12782"},{"taxonomy":"post_tag","embeddable":true,"href":"https:\/\/geschichte-hautnah.de\/www\/index.php?rest_route=%2Fwp%2Fv2%2Ftags&post=12782"}],"curies":[{"name":"wp","href":"https:\/\/api.w.org\/{rel}","templated":true}]}}