{"id":13036,"date":"2021-09-10T00:00:48","date_gmt":"2021-09-09T22:00:48","guid":{"rendered":"https:\/\/geschichte-hautnah.de\/www\/?p=13036"},"modified":"2019-07-30T13:38:09","modified_gmt":"2019-07-30T11:38:09","slug":"die-maenner-des-ersten-weltkrieges-teil-1-279-ignaz-deser","status":"publish","type":"post","link":"https:\/\/geschichte-hautnah.de\/www\/?p=13036","title":{"rendered":"Die M\u00e4nner des Ersten Weltkrieges \u2013 Teil 1.279: Ignaz Deser"},"content":{"rendered":"<p>Ignaz Deser wurde am 29.07.1894 geboren und stammte aus <a href=\"https:\/\/de.wikipedia.org\/wiki\/Burgkirchen_an_der_Alz\" target=\"_blank\" rel=\"noopener noreferrer\">Burgkirchen an der Alz<\/a> in Oberbayern. Im Ersten Weltkrieg diente er als Kanonier in der 2. Batterie des 6. bayerischen Reserve-Artillerie-Regiments. Am 12.08.1917 fiel er im Alter von 23 Jahren nach 20 Monaten Kriegsdienst in den Vogesen bei <a href=\"https:\/\/de.wikipedia.org\/wiki\/Spechbach-le-Bas\" target=\"_blank\" rel=\"noopener noreferrer\">Niederspechbach<\/a> (franz\u00f6sisch: Spechbach-le-Bas) durch Versch\u00fcttung und Verbrennung in einem Unterstand, nachdem dieser einen Volltreffer erhielt. Es muss ein furchtbarer Tod gewesen sein, f\u00fcr die Angeh\u00f6rigen kaum zu ertragen.<\/p>\n<p>Vermutlich wurden von Ignaz Deser keine sterblichen \u00dcberreste mehr geborgen. Er d\u00fcrfte fast vollst\u00e4ndig verbrannt sein. So ist auch zu erkl\u00e4ren, dass f\u00fcr ihn eine Grablage nicht bekannt ist.<\/p>\n<figure id=\"attachment_13028\" aria-describedby=\"caption-attachment-13028\" style=\"width: 800px\" class=\"wp-caption aligncenter\"><img loading=\"lazy\" decoding=\"async\" class=\"size-full wp-image-13028\" src=\"https:\/\/geschichte-hautnah.de\/www\/wp-content\/uploads\/2019\/07\/Ignaz_Deser_v.jpeg\" alt=\"\" width=\"800\" height=\"642\" srcset=\"https:\/\/geschichte-hautnah.de\/www\/wp-content\/uploads\/2019\/07\/Ignaz_Deser_v.jpeg 800w, https:\/\/geschichte-hautnah.de\/www\/wp-content\/uploads\/2019\/07\/Ignaz_Deser_v-300x241.jpeg 300w, https:\/\/geschichte-hautnah.de\/www\/wp-content\/uploads\/2019\/07\/Ignaz_Deser_v-768x616.jpeg 768w\" sizes=\"auto, (max-width: 800px) 100vw, 800px\" \/><figcaption id=\"caption-attachment-13028\" class=\"wp-caption-text\">Sterbebild von Ignaz Deser<\/figcaption><\/figure>\n<figure id=\"attachment_13027\" aria-describedby=\"caption-attachment-13027\" style=\"width: 800px\" class=\"wp-caption aligncenter\"><img loading=\"lazy\" decoding=\"async\" class=\"size-full wp-image-13027\" src=\"https:\/\/geschichte-hautnah.de\/www\/wp-content\/uploads\/2019\/07\/Ignaz_Deser_h.jpeg\" alt=\"\" width=\"800\" height=\"642\" srcset=\"https:\/\/geschichte-hautnah.de\/www\/wp-content\/uploads\/2019\/07\/Ignaz_Deser_h.jpeg 800w, https:\/\/geschichte-hautnah.de\/www\/wp-content\/uploads\/2019\/07\/Ignaz_Deser_h-300x241.jpeg 300w, https:\/\/geschichte-hautnah.de\/www\/wp-content\/uploads\/2019\/07\/Ignaz_Deser_h-768x616.jpeg 768w\" sizes=\"auto, (max-width: 800px) 100vw, 800px\" \/><figcaption id=\"caption-attachment-13027\" class=\"wp-caption-text\">R\u00fcckseite des Sterbebildes von Ignaz Deser<\/figcaption><\/figure>\n<p>&nbsp;<\/p>\n","protected":false},"excerpt":{"rendered":"<p>Ignaz Deser wurde am 29.07.1894 geboren und stammte aus Burgkirchen an der Alz in Oberbayern. Im Ersten Weltkrieg diente er als Kanonier in der 2. Batterie des 6. bayerischen Reserve-Artillerie-Regiments. Am 12.08.1917 fiel er im Alter von 23 Jahren nach 20 Monaten Kriegsdienst in den Vogesen bei Niederspechbach (franz\u00f6sisch: Spechbach-le-Bas) durch Versch\u00fcttung und Verbrennung in [&hellip;]<\/p>\n","protected":false},"author":2,"featured_media":0,"comment_status":"closed","ping_status":"closed","sticky":false,"template":"","format":"standard","meta":{"footnotes":"","_wp_rev_ctl_limit":""},"categories":[2,8,1876,18],"tags":[3938,1366,3933,33,36,3939,3940,3941,3942,356,82,2269],"class_list":["post-13036","post","type-post","status-publish","format-standard","hentry","category-1-weltkrieg","category-sterbebilder","category-frankreich-1-weltkrieg","category-vogesenkampfe","tag-6-bayerisches-reserve-artillerie-regiment","tag-bayern","tag-burgkirchen-an-der-alz","tag-elsass","tag-frankreich","tag-niederspechbach","tag-spechbach-le-bas","tag-unterstand","tag-verbrennung","tag-verschuettung","tag-vogesen","tag-volltreffer"],"_links":{"self":[{"href":"https:\/\/geschichte-hautnah.de\/www\/index.php?rest_route=\/wp\/v2\/posts\/13036","targetHints":{"allow":["GET"]}}],"collection":[{"href":"https:\/\/geschichte-hautnah.de\/www\/index.php?rest_route=\/wp\/v2\/posts"}],"about":[{"href":"https:\/\/geschichte-hautnah.de\/www\/index.php?rest_route=\/wp\/v2\/types\/post"}],"author":[{"embeddable":true,"href":"https:\/\/geschichte-hautnah.de\/www\/index.php?rest_route=\/wp\/v2\/users\/2"}],"replies":[{"embeddable":true,"href":"https:\/\/geschichte-hautnah.de\/www\/index.php?rest_route=%2Fwp%2Fv2%2Fcomments&post=13036"}],"version-history":[{"count":6,"href":"https:\/\/geschichte-hautnah.de\/www\/index.php?rest_route=\/wp\/v2\/posts\/13036\/revisions"}],"predecessor-version":[{"id":13042,"href":"https:\/\/geschichte-hautnah.de\/www\/index.php?rest_route=\/wp\/v2\/posts\/13036\/revisions\/13042"}],"wp:attachment":[{"href":"https:\/\/geschichte-hautnah.de\/www\/index.php?rest_route=%2Fwp%2Fv2%2Fmedia&parent=13036"}],"wp:term":[{"taxonomy":"category","embeddable":true,"href":"https:\/\/geschichte-hautnah.de\/www\/index.php?rest_route=%2Fwp%2Fv2%2Fcategories&post=13036"},{"taxonomy":"post_tag","embeddable":true,"href":"https:\/\/geschichte-hautnah.de\/www\/index.php?rest_route=%2Fwp%2Fv2%2Ftags&post=13036"}],"curies":[{"name":"wp","href":"https:\/\/api.w.org\/{rel}","templated":true}]}}