{"id":13094,"date":"2021-09-18T00:00:17","date_gmt":"2021-09-17T22:00:17","guid":{"rendered":"https:\/\/geschichte-hautnah.de\/www\/?p=13094"},"modified":"2019-07-30T20:02:53","modified_gmt":"2019-07-30T18:02:53","slug":"die-maenner-des-ersten-weltkrieges-teil-1-287-max-schroll","status":"publish","type":"post","link":"https:\/\/geschichte-hautnah.de\/www\/?p=13094","title":{"rendered":"Die M\u00e4nner des Ersten Weltkrieges \u2013 Teil 1.287: Max Schroll"},"content":{"rendered":"<p>Max Schroll wurde am 18.09.2021 in <a href=\"https:\/\/de.wikipedia.org\/wiki\/Seeon_(Seeon-Seebruck)\" target=\"_blank\" rel=\"noopener noreferrer\">Seeon<\/a> geboren und war Vorarbeiter bei der k\u00f6niglichen <a href=\"https:\/\/de.wikipedia.org\/wiki\/Schlossanlage_Schlei%C3%9Fheim\" target=\"_blank\" rel=\"noopener noreferrer\">Moorkulturstation Schlei\u00dfheim<\/a> bei M\u00fcnchen und G\u00e4rtner. Im Ersten Weltkrieg k\u00e4mpfte er in der 1. Kompanie des 12. Reserve-Infanterie-Regiments als Soldat. Er wurde mit dem Milit\u00e4r-Verdienstkreuz mit Krone und Schwertern ausgezeichnet. Am 21.02.1917 verstarb er nach 30 Monaten Kriegsdienst im Alter von 32 Jahren bei <a href=\"https:\/\/de.wikipedia.org\/wiki\/Saint-Aubert_(Nord)\" target=\"_blank\" rel=\"noopener noreferrer\">Saint-Aubert<\/a> durch einen Herzschlag. Sein Regiment war zu Materialtransporten und Schanzarbeiten abkommandeirt worden, um die 26. und 27. Infanterie-Division zu entlasten, obwohl das Regiment eigentlich auf Erholung gehofft hatte. Bei diesen Arbeiten verstarb Max Schwoll, wahrscheinlich durch \u00dcberlastung.<\/p>\n<p>Man begrub Max Schroll auf dem Soldatenfriedhof <span data-sheets-value=\"{&quot;1&quot;:2,&quot;2&quot;:&quot;Selvigny&quot;}\" data-sheets-userformat=\"{&quot;2&quot;:1049089,&quot;3&quot;:{&quot;1&quot;:0},&quot;12&quot;:0,&quot;23&quot;:1}\" data-sheets-formula=\"=HYPERLINK(&quot;https:\/\/goo.gl\/maps\/QEWYdk7jzbpf712g8&quot;;&quot;Selvigny&quot;)\"><a class=\"in-cell-link\" href=\"https:\/\/goo.gl\/maps\/QEWYdk7jzbpf712g8\" target=\"_blank\" rel=\"noopener noreferrer\">Selvigny<\/a><\/span> in einem Massengrab.<\/p>\n<figure id=\"attachment_13078\" aria-describedby=\"caption-attachment-13078\" style=\"width: 800px\" class=\"wp-caption aligncenter\"><img loading=\"lazy\" decoding=\"async\" class=\"size-full wp-image-13078\" src=\"https:\/\/geschichte-hautnah.de\/www\/wp-content\/uploads\/2019\/07\/Max_und_Ludwig_Schroll_v.jpeg\" alt=\"\" width=\"800\" height=\"631\" srcset=\"https:\/\/geschichte-hautnah.de\/www\/wp-content\/uploads\/2019\/07\/Max_und_Ludwig_Schroll_v.jpeg 800w, https:\/\/geschichte-hautnah.de\/www\/wp-content\/uploads\/2019\/07\/Max_und_Ludwig_Schroll_v-300x237.jpeg 300w, https:\/\/geschichte-hautnah.de\/www\/wp-content\/uploads\/2019\/07\/Max_und_Ludwig_Schroll_v-768x606.jpeg 768w\" sizes=\"auto, (max-width: 800px) 100vw, 800px\" \/><figcaption id=\"caption-attachment-13078\" class=\"wp-caption-text\">Sterbebild von Max und Ludwig Schroll<\/figcaption><\/figure>\n<figure id=\"attachment_13077\" aria-describedby=\"caption-attachment-13077\" style=\"width: 800px\" class=\"wp-caption aligncenter\"><img loading=\"lazy\" decoding=\"async\" class=\"size-full wp-image-13077\" src=\"https:\/\/geschichte-hautnah.de\/www\/wp-content\/uploads\/2019\/07\/Max_und_Ludwig_Schroll_h.jpeg\" alt=\"\" width=\"800\" height=\"631\" srcset=\"https:\/\/geschichte-hautnah.de\/www\/wp-content\/uploads\/2019\/07\/Max_und_Ludwig_Schroll_h.jpeg 800w, https:\/\/geschichte-hautnah.de\/www\/wp-content\/uploads\/2019\/07\/Max_und_Ludwig_Schroll_h-300x237.jpeg 300w, https:\/\/geschichte-hautnah.de\/www\/wp-content\/uploads\/2019\/07\/Max_und_Ludwig_Schroll_h-768x606.jpeg 768w\" sizes=\"auto, (max-width: 800px) 100vw, 800px\" \/><figcaption id=\"caption-attachment-13077\" class=\"wp-caption-text\">R\u00fcckseite des Sterbebildes von Max und Ludwig Schroll<\/figcaption><\/figure>\n","protected":false},"excerpt":{"rendered":"<p>Max Schroll wurde am 18.09.2021 in Seeon geboren und war Vorarbeiter bei der k\u00f6niglichen Moorkulturstation Schlei\u00dfheim bei M\u00fcnchen und G\u00e4rtner. Im Ersten Weltkrieg k\u00e4mpfte er in der 1. Kompanie des 12. Reserve-Infanterie-Regiments als Soldat. Er wurde mit dem Milit\u00e4r-Verdienstkreuz mit Krone und Schwertern ausgezeichnet. Am 21.02.1917 verstarb er nach 30 Monaten Kriegsdienst im Alter von [&hellip;]<\/p>\n","protected":false},"author":2,"featured_media":0,"comment_status":"closed","ping_status":"closed","sticky":false,"template":"","format":"standard","meta":{"footnotes":"","_wp_rev_ctl_limit":""},"categories":[2,8,1876],"tags":[451,36,3953,2614,92,3581,3951,3958,3954,3952,3957,3955,3956,3192],"class_list":["post-13094","post","type-post","status-publish","format-standard","hentry","category-1-weltkrieg","category-sterbebilder","category-frankreich-1-weltkrieg","tag-12-reserve-infanterie-regiment","tag-frankreich","tag-gaertner","tag-herzschlag","tag-massengrab","tag-militaer-verdienst-kreuz-mit-krone-und-schwertern","tag-moorkulturstation-schleissheim","tag-saint-aubert","tag-schanzarbeiten","tag-seeon","tag-selvigny","tag-transportarbeiten","tag-ueberlastung","tag-vorarbeiter"],"_links":{"self":[{"href":"https:\/\/geschichte-hautnah.de\/www\/index.php?rest_route=\/wp\/v2\/posts\/13094","targetHints":{"allow":["GET"]}}],"collection":[{"href":"https:\/\/geschichte-hautnah.de\/www\/index.php?rest_route=\/wp\/v2\/posts"}],"about":[{"href":"https:\/\/geschichte-hautnah.de\/www\/index.php?rest_route=\/wp\/v2\/types\/post"}],"author":[{"embeddable":true,"href":"https:\/\/geschichte-hautnah.de\/www\/index.php?rest_route=\/wp\/v2\/users\/2"}],"replies":[{"embeddable":true,"href":"https:\/\/geschichte-hautnah.de\/www\/index.php?rest_route=%2Fwp%2Fv2%2Fcomments&post=13094"}],"version-history":[{"count":4,"href":"https:\/\/geschichte-hautnah.de\/www\/index.php?rest_route=\/wp\/v2\/posts\/13094\/revisions"}],"predecessor-version":[{"id":13098,"href":"https:\/\/geschichte-hautnah.de\/www\/index.php?rest_route=\/wp\/v2\/posts\/13094\/revisions\/13098"}],"wp:attachment":[{"href":"https:\/\/geschichte-hautnah.de\/www\/index.php?rest_route=%2Fwp%2Fv2%2Fmedia&parent=13094"}],"wp:term":[{"taxonomy":"category","embeddable":true,"href":"https:\/\/geschichte-hautnah.de\/www\/index.php?rest_route=%2Fwp%2Fv2%2Fcategories&post=13094"},{"taxonomy":"post_tag","embeddable":true,"href":"https:\/\/geschichte-hautnah.de\/www\/index.php?rest_route=%2Fwp%2Fv2%2Ftags&post=13094"}],"curies":[{"name":"wp","href":"https:\/\/api.w.org\/{rel}","templated":true}]}}