{"id":1399,"date":"2013-06-01T15:00:41","date_gmt":"2013-06-01T15:00:41","guid":{"rendered":"http:\/\/geschichte-hautnah.de\/html\/?p=1399"},"modified":"2019-05-31T07:36:43","modified_gmt":"2019-05-31T05:36:43","slug":"die-manner-des-ersten-weltkriegs-teil-42-georg-seltinger","status":"publish","type":"post","link":"https:\/\/geschichte-hautnah.de\/www\/?p=1399","title":{"rendered":"Die M\u00e4nner des Ersten Weltkriegs \u2013 Teil 42: Georg Geltinger"},"content":{"rendered":"<p>Georg Geltinger wurde 1887 als Sohn eines Landwirts in <a title=\"Helmsau bei Google Maps\" href=\"https:\/\/maps.google.de\/maps?q=Helmsau&amp;hl=de&amp;ll=48.506711,12.306318&amp;spn=0.042592,0.077162&amp;sll=50.121212,8.636564&amp;sspn=0.32975,0.617294&amp;oq=helmsa&amp;hnear=Helmsau&amp;t=m&amp;z=14\" target=\"_blank\" rel=\"noopener noreferrer\">Helmsau<\/a> (heute Ortsteil von <a title=\"Geisenhausen bei Wikipedia\" href=\"http:\/\/de.wikipedia.org\/wiki\/Geisenhausen\" target=\"_blank\" rel=\"noopener noreferrer\">Geisenhausen<\/a>) in Bayern geboren. Im Ersten Weltkrieg diente er als Ersatz-Reservist in der 11. Kompanie des 3. bayerischen <a title=\"Landwehr bei Wikipedia\" href=\"http:\/\/de.wikipedia.org\/wiki\/Landwehr_(Milit%C3%A4r)#Norddeutscher_Bund_und_Deutsches_Reich_bis_1918\" target=\"_blank\" rel=\"noopener noreferrer\">Landwehr<\/a>-Infanterie-Regiments.<\/p>\n<p>Am 26.02.1915 wurde er er bei den Vogesenk\u00e4mpfen schwer verletzt. Er erlag am 27.02.1915 im Reservelazarett in <a title=\"Colmar bei Google Maps\" href=\"https:\/\/maps.google.de\/maps?q=Colmar&amp;hl=de&amp;sll=48.506711,12.306318&amp;sspn=0.042592,0.077162&amp;hnear=Colmar,+Haut-Rhin,+Elsass,+Frankreich&amp;t=m&amp;z=11\" target=\"_blank\" rel=\"noopener noreferrer\">Colmar<\/a> im Elsass seinen Verletzungen.<\/p>\n<p>Die sterblichen \u00dcberreste von Georg Geltinger ruhen heute auf der Kriegsgr\u00e4berst\u00e4tte <a title=\"Colmar bei Google Maps\" href=\"https:\/\/maps.google.de\/maps?q=Colmar&amp;hl=de&amp;sll=48.506711,12.306318&amp;sspn=0.042592,0.077162&amp;hnear=Colmar,+Haut-Rhin,+Elsass,+Frankreich&amp;t=m&amp;z=11\" target=\"_blank\" rel=\"noopener noreferrer\">Colmar<\/a> in Grab Nr. 706.<\/p>\n<figure id=\"attachment_1400\" aria-describedby=\"caption-attachment-1400\" style=\"width: 370px\" class=\"wp-caption aligncenter\"><a href=\"http:\/\/geschichte-hautnah.de\/www\/wp-content\/uploads\/2013\/05\/Sterbebild_Georg_Seltinger_v.jpeg\"><img loading=\"lazy\" decoding=\"async\" class=\"size-full wp-image-1400\" src=\"http:\/\/geschichte-hautnah.de\/www\/wp-content\/uploads\/2013\/05\/Sterbebild_Georg_Seltinger_v.jpeg\" alt=\"Sterbebild_Georg_Seltinger_v\" width=\"370\" height=\"600\" srcset=\"https:\/\/geschichte-hautnah.de\/www\/wp-content\/uploads\/2013\/05\/Sterbebild_Georg_Seltinger_v.jpeg 370w, https:\/\/geschichte-hautnah.de\/www\/wp-content\/uploads\/2013\/05\/Sterbebild_Georg_Seltinger_v-185x300.jpeg 185w\" sizes=\"auto, (max-width: 370px) 100vw, 370px\" \/><\/a><figcaption id=\"caption-attachment-1400\" class=\"wp-caption-text\">Sterbebild von Georg Geltinger<\/figcaption><\/figure>\n<p style=\"text-align: center;\">\n","protected":false},"excerpt":{"rendered":"<p>Georg Geltinger wurde 1887 als Sohn eines Landwirts in Helmsau (heute Ortsteil von Geisenhausen) in Bayern geboren. Im Ersten Weltkrieg diente er als Ersatz-Reservist in der 11. Kompanie des 3. bayerischen Landwehr-Infanterie-Regiments. Am 26.02.1915 wurde er er bei den Vogesenk\u00e4mpfen schwer verletzt. Er erlag am 27.02.1915 im Reservelazarett in Colmar im Elsass seinen Verletzungen. Die [&hellip;]<\/p>\n","protected":false},"author":2,"featured_media":0,"comment_status":"closed","ping_status":"closed","sticky":false,"template":"","format":"standard","meta":{"footnotes":"","_wp_rev_ctl_limit":""},"categories":[2,8,1876,18],"tags":[429,302,1366,422,33,332,1934,3433,3410,447],"class_list":["post-1399","post","type-post","status-publish","format-standard","hentry","category-1-weltkrieg","category-sterbebilder","category-frankreich-1-weltkrieg","category-vogesenkampfe","tag-3-bayerisches-landwehr-infanterie-regiment","tag-bauerssohn","tag-bayern","tag-colmar","tag-elsass","tag-ersatz-reservist","tag-geisenhausen","tag-helmsau","tag-schwere-verletzung","tag-vogesenkaempfe"],"_links":{"self":[{"href":"https:\/\/geschichte-hautnah.de\/www\/index.php?rest_route=\/wp\/v2\/posts\/1399","targetHints":{"allow":["GET"]}}],"collection":[{"href":"https:\/\/geschichte-hautnah.de\/www\/index.php?rest_route=\/wp\/v2\/posts"}],"about":[{"href":"https:\/\/geschichte-hautnah.de\/www\/index.php?rest_route=\/wp\/v2\/types\/post"}],"author":[{"embeddable":true,"href":"https:\/\/geschichte-hautnah.de\/www\/index.php?rest_route=\/wp\/v2\/users\/2"}],"replies":[{"embeddable":true,"href":"https:\/\/geschichte-hautnah.de\/www\/index.php?rest_route=%2Fwp%2Fv2%2Fcomments&post=1399"}],"version-history":[{"count":2,"href":"https:\/\/geschichte-hautnah.de\/www\/index.php?rest_route=\/wp\/v2\/posts\/1399\/revisions"}],"predecessor-version":[{"id":11505,"href":"https:\/\/geschichte-hautnah.de\/www\/index.php?rest_route=\/wp\/v2\/posts\/1399\/revisions\/11505"}],"wp:attachment":[{"href":"https:\/\/geschichte-hautnah.de\/www\/index.php?rest_route=%2Fwp%2Fv2%2Fmedia&parent=1399"}],"wp:term":[{"taxonomy":"category","embeddable":true,"href":"https:\/\/geschichte-hautnah.de\/www\/index.php?rest_route=%2Fwp%2Fv2%2Fcategories&post=1399"},{"taxonomy":"post_tag","embeddable":true,"href":"https:\/\/geschichte-hautnah.de\/www\/index.php?rest_route=%2Fwp%2Fv2%2Ftags&post=1399"}],"curies":[{"name":"wp","href":"https:\/\/api.w.org\/{rel}","templated":true}]}}