{"id":14037,"date":"2022-01-04T00:00:54","date_gmt":"2022-01-03T23:00:54","guid":{"rendered":"https:\/\/geschichte-hautnah.de\/www\/?p=14037"},"modified":"2019-09-14T10:01:22","modified_gmt":"2019-09-14T08:01:22","slug":"die-maenner-des-ersten-weltkrieges-teil-1-396-ludwig-hierl","status":"publish","type":"post","link":"https:\/\/geschichte-hautnah.de\/www\/?p=14037","title":{"rendered":"Die M\u00e4nner des Ersten Weltkrieges \u2013 Teil 1.396: Ludwig Hierl"},"content":{"rendered":"<p>Der Hauptmann Ludwig Hierl wurde am 25.08.1877 in <a href=\"https:\/\/de.wikipedia.org\/wiki\/Wolfratshausen\" target=\"_blank\" rel=\"noopener noreferrer\">Wolfratshausen<\/a> in Bayern geboren. Er war Realschullehrer in <a href=\"https:\/\/de.wikipedia.org\/wiki\/Ansbach\" target=\"_blank\" rel=\"noopener noreferrer\">Ansbach<\/a>. Im Ersten Weltkrieg diente er als Kompanief\u00fchrer in der 10. Kompanie des 15. bayerischen Infanterie-Regiments. Er wurde mit dem Eisernen Kreuz 1. und 2. Klasse, mit dem Milit\u00e4r-Verdienstorden 4. Klasse mit Schwertern, mit dem Ritterkreuz 2. Klasse mit Schwertern zum s\u00e4chsischen Albrechtsorden, der Prinzregenten-Jubil\u00e4ums-Medaille und mit der Landwehr-Dienst-Auszeichnung 2. Klasse ausgezeichnet. Am 25.05.1916 fiel er im Alter von 38 Jahren bei Verdun w\u00e4hrend eines Sturmangriffs nach \u00a022 Monate Kriegsdienst.<\/p>\n<p><span data-sheets-value=\"{&quot;1&quot;:2,&quot;2&quot;:&quot;Mangiennes&quot;}\" data-sheets-userformat=\"{&quot;2&quot;:1049089,&quot;3&quot;:{&quot;1&quot;:0},&quot;12&quot;:0,&quot;23&quot;:1}\" data-sheets-formula=\"=HYPERLINK(&quot;https:\/\/goo.gl\/maps\/dN6gh4aKjbN2&quot;;&quot;Mangiennes&quot;)\">Man begrub Ludwig Hierl auf dem Soldatenfriedhof <a class=\"in-cell-link\" href=\"https:\/\/goo.gl\/maps\/dN6gh4aKjbN2\" target=\"_blank\" rel=\"noopener noreferrer\">Mangiennes<\/a> in<\/span> Block 2, Grab 566.<\/p>\n<figure id=\"attachment_13888\" aria-describedby=\"caption-attachment-13888\" style=\"width: 800px\" class=\"wp-caption aligncenter\"><img loading=\"lazy\" decoding=\"async\" class=\"size-full wp-image-13888\" src=\"https:\/\/geschichte-hautnah.de\/www\/wp-content\/uploads\/2019\/09\/Ludwig_Hierl_v.jpeg\" alt=\"\" width=\"800\" height=\"643\" srcset=\"https:\/\/geschichte-hautnah.de\/www\/wp-content\/uploads\/2019\/09\/Ludwig_Hierl_v.jpeg 800w, https:\/\/geschichte-hautnah.de\/www\/wp-content\/uploads\/2019\/09\/Ludwig_Hierl_v-300x241.jpeg 300w, https:\/\/geschichte-hautnah.de\/www\/wp-content\/uploads\/2019\/09\/Ludwig_Hierl_v-768x617.jpeg 768w\" sizes=\"auto, (max-width: 800px) 100vw, 800px\" \/><figcaption id=\"caption-attachment-13888\" class=\"wp-caption-text\">Sterbebild von Ludwig Hierl<\/figcaption><\/figure>\n<figure id=\"attachment_13887\" aria-describedby=\"caption-attachment-13887\" style=\"width: 800px\" class=\"wp-caption aligncenter\"><img loading=\"lazy\" decoding=\"async\" class=\"size-full wp-image-13887\" src=\"https:\/\/geschichte-hautnah.de\/www\/wp-content\/uploads\/2019\/09\/Ludwig_Hierl_h.jpeg\" alt=\"\" width=\"800\" height=\"643\" srcset=\"https:\/\/geschichte-hautnah.de\/www\/wp-content\/uploads\/2019\/09\/Ludwig_Hierl_h.jpeg 800w, https:\/\/geschichte-hautnah.de\/www\/wp-content\/uploads\/2019\/09\/Ludwig_Hierl_h-300x241.jpeg 300w, https:\/\/geschichte-hautnah.de\/www\/wp-content\/uploads\/2019\/09\/Ludwig_Hierl_h-768x617.jpeg 768w\" sizes=\"auto, (max-width: 800px) 100vw, 800px\" \/><figcaption id=\"caption-attachment-13887\" class=\"wp-caption-text\">R\u00fcckseite des Sterbebildes von Ludwig Hierl<\/figcaption><\/figure>\n","protected":false},"excerpt":{"rendered":"<p>Der Hauptmann Ludwig Hierl wurde am 25.08.1877 in Wolfratshausen in Bayern geboren. Er war Realschullehrer in Ansbach. Im Ersten Weltkrieg diente er als Kompanief\u00fchrer in der 10. Kompanie des 15. bayerischen Infanterie-Regiments. Er wurde mit dem Eisernen Kreuz 1. und 2. Klasse, mit dem Milit\u00e4r-Verdienstorden 4. Klasse mit Schwertern, mit dem Ritterkreuz 2. Klasse mit [&hellip;]<\/p>\n","protected":false},"author":2,"featured_media":0,"comment_status":"closed","ping_status":"closed","sticky":false,"template":"","format":"standard","meta":{"footnotes":"","_wp_rev_ctl_limit":""},"categories":[2,8,1876,16],"tags":[519,4214,568,567,112,4212,566,4219,1940,4218,4213,4216,4217,301,125,4215],"class_list":["post-14037","post","type-post","status-publish","format-standard","hentry","category-1-weltkrieg","category-sterbebilder","category-frankreich-1-weltkrieg","category-verdun","tag-15-bayerisches-infanterie-regiment","tag-ansbach","tag-bayerisches-militaer-verdienstkreuz-4-klasse-mit-schwertern","tag-eisernes-kreuz-1-klasse","tag-eisernes-kreuz-2-klasse","tag-hauptmann","tag-kompaniefuehrer","tag-landwehr-dienst-auszeichnung-2-klasse","tag-mangiennes","tag-prinzregenten-jubilaeums-medaille","tag-realschullehrer","tag-ritterkreuz-2-klasse-mit-schwertern","tag-saechsischer-albrechtsorden","tag-sturmangriff","tag-verdun","tag-wolfratshausen"],"_links":{"self":[{"href":"https:\/\/geschichte-hautnah.de\/www\/index.php?rest_route=\/wp\/v2\/posts\/14037","targetHints":{"allow":["GET"]}}],"collection":[{"href":"https:\/\/geschichte-hautnah.de\/www\/index.php?rest_route=\/wp\/v2\/posts"}],"about":[{"href":"https:\/\/geschichte-hautnah.de\/www\/index.php?rest_route=\/wp\/v2\/types\/post"}],"author":[{"embeddable":true,"href":"https:\/\/geschichte-hautnah.de\/www\/index.php?rest_route=\/wp\/v2\/users\/2"}],"replies":[{"embeddable":true,"href":"https:\/\/geschichte-hautnah.de\/www\/index.php?rest_route=%2Fwp%2Fv2%2Fcomments&post=14037"}],"version-history":[{"count":4,"href":"https:\/\/geschichte-hautnah.de\/www\/index.php?rest_route=\/wp\/v2\/posts\/14037\/revisions"}],"predecessor-version":[{"id":14041,"href":"https:\/\/geschichte-hautnah.de\/www\/index.php?rest_route=\/wp\/v2\/posts\/14037\/revisions\/14041"}],"wp:attachment":[{"href":"https:\/\/geschichte-hautnah.de\/www\/index.php?rest_route=%2Fwp%2Fv2%2Fmedia&parent=14037"}],"wp:term":[{"taxonomy":"category","embeddable":true,"href":"https:\/\/geschichte-hautnah.de\/www\/index.php?rest_route=%2Fwp%2Fv2%2Fcategories&post=14037"},{"taxonomy":"post_tag","embeddable":true,"href":"https:\/\/geschichte-hautnah.de\/www\/index.php?rest_route=%2Fwp%2Fv2%2Ftags&post=14037"}],"curies":[{"name":"wp","href":"https:\/\/api.w.org\/{rel}","templated":true}]}}