{"id":14209,"date":"2022-01-26T00:00:46","date_gmt":"2022-01-25T23:00:46","guid":{"rendered":"https:\/\/geschichte-hautnah.de\/www\/?p=14209"},"modified":"2019-09-22T11:37:58","modified_gmt":"2019-09-22T09:37:58","slug":"die-maenner-des-ersten-weltkrieges-teil-1-358-johann-frauenlob","status":"publish","type":"post","link":"https:\/\/geschichte-hautnah.de\/www\/?p=14209","title":{"rendered":"Die M\u00e4nner des Ersten Weltkrieges \u2013 Teil 1.358: Johann Frauenlob"},"content":{"rendered":"<p>Johann Frauenlob stammte aus\u00a0 Brunnthal, Pfarrei Feichten, und war der Sohn eines Kleinbauern. Im Ersten Weltkrieg k\u00e4mpfte er in der 3. Kompanie des 25. bayerischen Infanterie-Regiments. Am 00.08.1916 fiel er im Alter von 31 Jahren w\u00e4hrend der <a href=\"https:\/\/de.wikipedia.org\/wiki\/Schlacht_um_Verdun\" target=\"_blank\" rel=\"noopener noreferrer\">Schlacht um Verdun<\/a>.<\/p>\n<p>Eine Grablage ist f\u00fcr Johann Frauenlob nicht bekannt. Ich vermute, dass er wie seine im gleichen Zeitraum gefallenen Regimentskameraden auf dem Soldatenfriedhof <span data-sheets-value=\"{&quot;1&quot;:2,&quot;2&quot;:&quot;Hautecourt-l\u00e8s-Broville&quot;}\" data-sheets-userformat=\"{&quot;2&quot;:1049089,&quot;3&quot;:{&quot;1&quot;:0},&quot;12&quot;:0,&quot;23&quot;:1}\" data-sheets-formula=\"=HYPERLINK(&quot;https:\/\/goo.gl\/maps\/EGHJFoxDbwm&quot;;&quot;Hautecourt-l\u00e8s-Broville&quot;)\"><a class=\"in-cell-link\" href=\"https:\/\/goo.gl\/maps\/EGHJFoxDbwm\" target=\"_blank\" rel=\"noopener noreferrer\">Hautecourt-l\u00e8s-Broville<\/a> anonym in einem Massengrab beigesetzt wurde.<\/span><\/p>\n<figure id=\"attachment_14181\" aria-describedby=\"caption-attachment-14181\" style=\"width: 488px\" class=\"wp-caption aligncenter\"><img loading=\"lazy\" decoding=\"async\" class=\"size-full wp-image-14181\" src=\"https:\/\/geschichte-hautnah.de\/www\/wp-content\/uploads\/2019\/09\/Johann_Frauenlob_v.jpeg\" alt=\"\" width=\"488\" height=\"800\" srcset=\"https:\/\/geschichte-hautnah.de\/www\/wp-content\/uploads\/2019\/09\/Johann_Frauenlob_v.jpeg 488w, https:\/\/geschichte-hautnah.de\/www\/wp-content\/uploads\/2019\/09\/Johann_Frauenlob_v-183x300.jpeg 183w\" sizes=\"auto, (max-width: 488px) 100vw, 488px\" \/><figcaption id=\"caption-attachment-14181\" class=\"wp-caption-text\">Sterbebild von Johann Frauenlob<\/figcaption><\/figure>\n<figure id=\"attachment_14180\" aria-describedby=\"caption-attachment-14180\" style=\"width: 488px\" class=\"wp-caption aligncenter\"><img loading=\"lazy\" decoding=\"async\" class=\"size-full wp-image-14180\" src=\"https:\/\/geschichte-hautnah.de\/www\/wp-content\/uploads\/2019\/09\/Johann_Frauenlob_h.jpeg\" alt=\"\" width=\"488\" height=\"800\" srcset=\"https:\/\/geschichte-hautnah.de\/www\/wp-content\/uploads\/2019\/09\/Johann_Frauenlob_h.jpeg 488w, https:\/\/geschichte-hautnah.de\/www\/wp-content\/uploads\/2019\/09\/Johann_Frauenlob_h-183x300.jpeg 183w\" sizes=\"auto, (max-width: 488px) 100vw, 488px\" \/><figcaption id=\"caption-attachment-14180\" class=\"wp-caption-text\">R\u00fcckseite des Sterbebildes von Johann Frauenlob<\/figcaption><\/figure>\n","protected":false},"excerpt":{"rendered":"<p>Johann Frauenlob stammte aus\u00a0 Brunnthal, Pfarrei Feichten, und war der Sohn eines Kleinbauern. Im Ersten Weltkrieg k\u00e4mpfte er in der 3. Kompanie des 25. bayerischen Infanterie-Regiments. Am 00.08.1916 fiel er im Alter von 31 Jahren w\u00e4hrend der Schlacht um Verdun. Eine Grablage ist f\u00fcr Johann Frauenlob nicht bekannt. Ich vermute, dass er wie seine im [&hellip;]<\/p>\n","protected":false},"author":2,"featured_media":0,"comment_status":"closed","ping_status":"closed","sticky":false,"template":"","format":"standard","meta":{"footnotes":"","_wp_rev_ctl_limit":""},"categories":[2,8,1876,16],"tags":[822,1366,2806,1699,36,551,267,598,3155,99],"class_list":["post-14209","post","type-post","status-publish","format-standard","hentry","category-1-weltkrieg","category-sterbebilder","category-frankreich-1-weltkrieg","category-verdun","tag-25-bayerisches-infanterie-regiment","tag-bayern","tag-bruennthal","tag-feichten","tag-frankreich","tag-guetlerssohn","tag-hautecourt-les-broville","tag-lothringen","tag-schlacht-um-verdun","tag-unbekannte-grablage"],"_links":{"self":[{"href":"https:\/\/geschichte-hautnah.de\/www\/index.php?rest_route=\/wp\/v2\/posts\/14209","targetHints":{"allow":["GET"]}}],"collection":[{"href":"https:\/\/geschichte-hautnah.de\/www\/index.php?rest_route=\/wp\/v2\/posts"}],"about":[{"href":"https:\/\/geschichte-hautnah.de\/www\/index.php?rest_route=\/wp\/v2\/types\/post"}],"author":[{"embeddable":true,"href":"https:\/\/geschichte-hautnah.de\/www\/index.php?rest_route=\/wp\/v2\/users\/2"}],"replies":[{"embeddable":true,"href":"https:\/\/geschichte-hautnah.de\/www\/index.php?rest_route=%2Fwp%2Fv2%2Fcomments&post=14209"}],"version-history":[{"count":4,"href":"https:\/\/geschichte-hautnah.de\/www\/index.php?rest_route=\/wp\/v2\/posts\/14209\/revisions"}],"predecessor-version":[{"id":14213,"href":"https:\/\/geschichte-hautnah.de\/www\/index.php?rest_route=\/wp\/v2\/posts\/14209\/revisions\/14213"}],"wp:attachment":[{"href":"https:\/\/geschichte-hautnah.de\/www\/index.php?rest_route=%2Fwp%2Fv2%2Fmedia&parent=14209"}],"wp:term":[{"taxonomy":"category","embeddable":true,"href":"https:\/\/geschichte-hautnah.de\/www\/index.php?rest_route=%2Fwp%2Fv2%2Fcategories&post=14209"},{"taxonomy":"post_tag","embeddable":true,"href":"https:\/\/geschichte-hautnah.de\/www\/index.php?rest_route=%2Fwp%2Fv2%2Ftags&post=14209"}],"curies":[{"name":"wp","href":"https:\/\/api.w.org\/{rel}","templated":true}]}}