{"id":14226,"date":"2022-01-29T00:00:18","date_gmt":"2022-01-28T23:00:18","guid":{"rendered":"https:\/\/geschichte-hautnah.de\/www\/?p=14226"},"modified":"2019-09-22T13:53:37","modified_gmt":"2019-09-22T11:53:37","slug":"die-maenner-des-ersten-weltkrieges-teil-1-361-anton-hammerstingel","status":"publish","type":"post","link":"https:\/\/geschichte-hautnah.de\/www\/?p=14226","title":{"rendered":"Die M\u00e4nner des Ersten Weltkrieges \u2013 Teil 1.361: Anton Hammerstingel"},"content":{"rendered":"<p>Der Zimmermann Anton Hammerstingel wurde am 15.01.1892 geboren und arbeitete in M\u00fcnchen. Am 03.05.1919, also nach dem Krieg, verungl\u00fcckte er im Alter von 27 Jahren t\u00f6dlich durch einen Kopfschuss (vermutlich beim Reinigen und Hantieren mit der Waffe). Vermutlich war er in einem Freikorps eingesetzt.<\/p>\n<figure id=\"attachment_14201\" aria-describedby=\"caption-attachment-14201\" style=\"width: 800px\" class=\"wp-caption aligncenter\"><img loading=\"lazy\" decoding=\"async\" class=\"size-full wp-image-14201\" src=\"https:\/\/geschichte-hautnah.de\/www\/wp-content\/uploads\/2019\/09\/Anton_Hammerstingel_v.jpeg\" alt=\"\" width=\"800\" height=\"663\" srcset=\"https:\/\/geschichte-hautnah.de\/www\/wp-content\/uploads\/2019\/09\/Anton_Hammerstingel_v.jpeg 800w, https:\/\/geschichte-hautnah.de\/www\/wp-content\/uploads\/2019\/09\/Anton_Hammerstingel_v-300x249.jpeg 300w, https:\/\/geschichte-hautnah.de\/www\/wp-content\/uploads\/2019\/09\/Anton_Hammerstingel_v-768x636.jpeg 768w\" sizes=\"auto, (max-width: 800px) 100vw, 800px\" \/><figcaption id=\"caption-attachment-14201\" class=\"wp-caption-text\">Sterbebild von Anton Hammerstingel<\/figcaption><\/figure>\n<figure id=\"attachment_14200\" aria-describedby=\"caption-attachment-14200\" style=\"width: 800px\" class=\"wp-caption aligncenter\"><img loading=\"lazy\" decoding=\"async\" class=\"size-full wp-image-14200\" src=\"https:\/\/geschichte-hautnah.de\/www\/wp-content\/uploads\/2019\/09\/Anton_Hammerstingel_h.jpeg\" alt=\"\" width=\"800\" height=\"663\" srcset=\"https:\/\/geschichte-hautnah.de\/www\/wp-content\/uploads\/2019\/09\/Anton_Hammerstingel_h.jpeg 800w, https:\/\/geschichte-hautnah.de\/www\/wp-content\/uploads\/2019\/09\/Anton_Hammerstingel_h-300x249.jpeg 300w, https:\/\/geschichte-hautnah.de\/www\/wp-content\/uploads\/2019\/09\/Anton_Hammerstingel_h-768x636.jpeg 768w\" sizes=\"auto, (max-width: 800px) 100vw, 800px\" \/><figcaption id=\"caption-attachment-14200\" class=\"wp-caption-text\">R\u00fcckseite des Sterbebildes von Anton Hammerstingel<\/figcaption><\/figure>\n","protected":false},"excerpt":{"rendered":"<p>Der Zimmermann Anton Hammerstingel wurde am 15.01.1892 geboren und arbeitete in M\u00fcnchen. Am 03.05.1919, also nach dem Krieg, verungl\u00fcckte er im Alter von 27 Jahren t\u00f6dlich durch einen Kopfschuss (vermutlich beim Reinigen und Hantieren mit der Waffe). Vermutlich war er in einem Freikorps eingesetzt.<\/p>\n","protected":false},"author":2,"featured_media":0,"comment_status":"closed","ping_status":"closed","sticky":false,"template":"","format":"standard","meta":{"footnotes":"","_wp_rev_ctl_limit":""},"categories":[2,8],"tags":[4270,295,340,1217],"class_list":["post-14226","post","type-post","status-publish","format-standard","hentry","category-1-weltkrieg","category-sterbebilder","tag-freikops","tag-kopfschuss","tag-muenchen","tag-zimmermann"],"_links":{"self":[{"href":"https:\/\/geschichte-hautnah.de\/www\/index.php?rest_route=\/wp\/v2\/posts\/14226","targetHints":{"allow":["GET"]}}],"collection":[{"href":"https:\/\/geschichte-hautnah.de\/www\/index.php?rest_route=\/wp\/v2\/posts"}],"about":[{"href":"https:\/\/geschichte-hautnah.de\/www\/index.php?rest_route=\/wp\/v2\/types\/post"}],"author":[{"embeddable":true,"href":"https:\/\/geschichte-hautnah.de\/www\/index.php?rest_route=\/wp\/v2\/users\/2"}],"replies":[{"embeddable":true,"href":"https:\/\/geschichte-hautnah.de\/www\/index.php?rest_route=%2Fwp%2Fv2%2Fcomments&post=14226"}],"version-history":[{"count":3,"href":"https:\/\/geschichte-hautnah.de\/www\/index.php?rest_route=\/wp\/v2\/posts\/14226\/revisions"}],"predecessor-version":[{"id":14229,"href":"https:\/\/geschichte-hautnah.de\/www\/index.php?rest_route=\/wp\/v2\/posts\/14226\/revisions\/14229"}],"wp:attachment":[{"href":"https:\/\/geschichte-hautnah.de\/www\/index.php?rest_route=%2Fwp%2Fv2%2Fmedia&parent=14226"}],"wp:term":[{"taxonomy":"category","embeddable":true,"href":"https:\/\/geschichte-hautnah.de\/www\/index.php?rest_route=%2Fwp%2Fv2%2Fcategories&post=14226"},{"taxonomy":"post_tag","embeddable":true,"href":"https:\/\/geschichte-hautnah.de\/www\/index.php?rest_route=%2Fwp%2Fv2%2Ftags&post=14226"}],"curies":[{"name":"wp","href":"https:\/\/api.w.org\/{rel}","templated":true}]}}