{"id":14854,"date":"2022-04-09T00:00:49","date_gmt":"2022-04-08T22:00:49","guid":{"rendered":"https:\/\/geschichte-hautnah.de\/www\/?p=14854"},"modified":"2019-10-19T11:44:50","modified_gmt":"2019-10-19T09:44:50","slug":"die-maenner-des-ersten-weltkrieges-teil-1-430-johann-hofbauer","status":"publish","type":"post","link":"https:\/\/geschichte-hautnah.de\/www\/?p=14854","title":{"rendered":"Die M\u00e4nner des Ersten Weltkrieges \u2013 Teil 1.430: Johann Hofbauer"},"content":{"rendered":"<p>Der Gefreite Johann Hofbauer stammte aus Schnapping, heute ein Ortsteil der bayerischen Stadt <a href=\"https:\/\/de.wikipedia.org\/wiki\/Laufen_(Salzach)\" target=\"_blank\" rel=\"noopener noreferrer\">Laufen<\/a>, und war der Pflegesohn eines Landwirts. Im Ersten Weltkrieg k\u00e4mpfte er in der 6. Kompanie des 1. bayerischen Infanterie-Regiments. Er wurde mit dem Verdienstkreuz mit Schwertern ausgezeichnet. Am 13.06.1916 fiel er im Alter von 23 Jahren w\u00e4hrend der <a href=\"https:\/\/de.wikipedia.org\/wiki\/Schlacht_um_Verdun\" target=\"_blank\" rel=\"noopener noreferrer\">Schlacht um Verdun<\/a> bei <a href=\"https:\/\/de.wikipedia.org\/wiki\/Douaumont\" target=\"_blank\" rel=\"noopener noreferrer\">Douaumont<\/a> durch Versch\u00fcttung durch eine Granate.<\/p>\n<p>\u00dcber den Todestag von Johann Hofbauer berichtet die Regimentsgeschichte des 1. bayerischen Infanterie-Regiments:<\/p>\n<blockquote><p><em>13.06.1916 Im Laufe der Nacht vom 12.\/13.06. erfolgt die Abl\u00f6sung der vorderen Teile des Regiments durch II.\/Infanterie-Regiment 78. Das gesamte Regiment sammelte dann in der Chaffour-Schlucht, wo es mittags durch 2. bayerisches Infanterie-Regiment abgel\u00f6st wurde, worauf es nach Lager Romagne merschierte.<\/em><\/p>\n<p><em>Unter vielen anderen waren auch die beiden tapferen Eroberer des J-Werkes gefallen: Oberleutnant Eder traf die t\u00f6dliche Granate noch im Abmarsch aus der Chaffour-Schlucht, Leutnant der Reserve Lang fiel kurz vorher.<\/em><\/p>\n<p><em>Zum zweiten Mal kehrten die Bataillone erfolgsgekr\u00f6nt nach Romagne zur\u00fcck. Aber eine frohe Siegesstimmung kam nicht auf, zu gro\u00df waren die Anforderungen gewesen, die an K\u00f6rper und Nerven gestellt worden und zu schwer die Verluste.<\/em><\/p>\n<p><em>Nur mit einer so vorz\u00fcglichen Truppe, wie sie zu dieser Zeit das 1. Infanterie-Regiment K\u00f6nig bildete, fest in sich gef\u00fcgt und diszipliniert, seinen F\u00fchrern unbedingt ergeben und voll berechtigten Vertrauens in sie, war es m\u00f6glich, solche Erfolge zu erzielen.&#8220;<\/em><\/p><\/blockquote>\n<p><span data-sheets-value=\"{&quot;1&quot;:2,&quot;2&quot;:&quot;Hautecourt-l\u00e8s-Broville&quot;}\" data-sheets-userformat=\"{&quot;2&quot;:1049089,&quot;3&quot;:{&quot;1&quot;:0},&quot;12&quot;:0,&quot;23&quot;:1}\" data-sheets-formula=\"=HYPERLINK(&quot;https:\/\/goo.gl\/maps\/EGHJFoxDbwm&quot;;&quot;Hautecourt-l\u00e8s-Broville&quot;)\">Man begrub Johann Hofbauer auf dem Soldatenfriedhof <a class=\"in-cell-link\" href=\"https:\/\/goo.gl\/maps\/EGHJFoxDbwm\" target=\"_blank\" rel=\"noopener noreferrer\">Hautecourt-l\u00e8s-Broville<\/a><\/span> in einem Massengrab.<\/p>\n<figure id=\"attachment_14818\" aria-describedby=\"caption-attachment-14818\" style=\"width: 469px\" class=\"wp-caption aligncenter\"><img loading=\"lazy\" decoding=\"async\" class=\"size-full wp-image-14818\" src=\"https:\/\/geschichte-hautnah.de\/www\/wp-content\/uploads\/2019\/10\/Johann_Hofbauer_v.jpeg\" alt=\"\" width=\"469\" height=\"800\" srcset=\"https:\/\/geschichte-hautnah.de\/www\/wp-content\/uploads\/2019\/10\/Johann_Hofbauer_v.jpeg 469w, https:\/\/geschichte-hautnah.de\/www\/wp-content\/uploads\/2019\/10\/Johann_Hofbauer_v-176x300.jpeg 176w\" sizes=\"auto, (max-width: 469px) 100vw, 469px\" \/><figcaption id=\"caption-attachment-14818\" class=\"wp-caption-text\">Sterbebild von Johann Hofbauer<\/figcaption><\/figure>\n<figure id=\"attachment_14817\" aria-describedby=\"caption-attachment-14817\" style=\"width: 469px\" class=\"wp-caption aligncenter\"><img loading=\"lazy\" decoding=\"async\" class=\"size-full wp-image-14817\" src=\"https:\/\/geschichte-hautnah.de\/www\/wp-content\/uploads\/2019\/10\/Johann_Hofbauer_h.jpeg\" alt=\"\" width=\"469\" height=\"800\" srcset=\"https:\/\/geschichte-hautnah.de\/www\/wp-content\/uploads\/2019\/10\/Johann_Hofbauer_h.jpeg 469w, https:\/\/geschichte-hautnah.de\/www\/wp-content\/uploads\/2019\/10\/Johann_Hofbauer_h-176x300.jpeg 176w\" sizes=\"auto, (max-width: 469px) 100vw, 469px\" \/><figcaption id=\"caption-attachment-14817\" class=\"wp-caption-text\">R\u00fcckseite des Sterbebildes von Johann Hofbauer<\/figcaption><\/figure>\n","protected":false},"excerpt":{"rendered":"<p>Der Gefreite Johann Hofbauer stammte aus Schnapping, heute ein Ortsteil der bayerischen Stadt Laufen, und war der Pflegesohn eines Landwirts. Im Ersten Weltkrieg k\u00e4mpfte er in der 6. Kompanie des 1. bayerischen Infanterie-Regiments. Er wurde mit dem Verdienstkreuz mit Schwertern ausgezeichnet. Am 13.06.1916 fiel er im Alter von 23 Jahren w\u00e4hrend der Schlacht um Verdun [&hellip;]<\/p>\n","protected":false},"author":2,"featured_media":0,"comment_status":"closed","ping_status":"closed","sticky":false,"template":"","format":"standard","meta":{"footnotes":"","_wp_rev_ctl_limit":""},"categories":[2,8,1876,16],"tags":[245,1366,268,36,1349,267,1272,598,1771,1087,4444,982,356],"class_list":["post-14854","post","type-post","status-publish","format-standard","hentry","category-1-weltkrieg","category-sterbebilder","category-frankreich-1-weltkrieg","category-verdun","tag-1-bayerisches-infanterie-regiment","tag-bayern","tag-douaumont","tag-frankreich","tag-granate","tag-hautecourt-les-broville","tag-laufen-salzach","tag-lothringen","tag-pflegesohn","tag-regimentsgeschichte","tag-schnapping","tag-verdienstkreuz-mit-schwertern","tag-verschuettung"],"_links":{"self":[{"href":"https:\/\/geschichte-hautnah.de\/www\/index.php?rest_route=\/wp\/v2\/posts\/14854","targetHints":{"allow":["GET"]}}],"collection":[{"href":"https:\/\/geschichte-hautnah.de\/www\/index.php?rest_route=\/wp\/v2\/posts"}],"about":[{"href":"https:\/\/geschichte-hautnah.de\/www\/index.php?rest_route=\/wp\/v2\/types\/post"}],"author":[{"embeddable":true,"href":"https:\/\/geschichte-hautnah.de\/www\/index.php?rest_route=\/wp\/v2\/users\/2"}],"replies":[{"embeddable":true,"href":"https:\/\/geschichte-hautnah.de\/www\/index.php?rest_route=%2Fwp%2Fv2%2Fcomments&post=14854"}],"version-history":[{"count":6,"href":"https:\/\/geschichte-hautnah.de\/www\/index.php?rest_route=\/wp\/v2\/posts\/14854\/revisions"}],"predecessor-version":[{"id":14860,"href":"https:\/\/geschichte-hautnah.de\/www\/index.php?rest_route=\/wp\/v2\/posts\/14854\/revisions\/14860"}],"wp:attachment":[{"href":"https:\/\/geschichte-hautnah.de\/www\/index.php?rest_route=%2Fwp%2Fv2%2Fmedia&parent=14854"}],"wp:term":[{"taxonomy":"category","embeddable":true,"href":"https:\/\/geschichte-hautnah.de\/www\/index.php?rest_route=%2Fwp%2Fv2%2Fcategories&post=14854"},{"taxonomy":"post_tag","embeddable":true,"href":"https:\/\/geschichte-hautnah.de\/www\/index.php?rest_route=%2Fwp%2Fv2%2Ftags&post=14854"}],"curies":[{"name":"wp","href":"https:\/\/api.w.org\/{rel}","templated":true}]}}