{"id":15285,"date":"2022-05-28T00:00:34","date_gmt":"2022-05-27T22:00:34","guid":{"rendered":"https:\/\/geschichte-hautnah.de\/www\/?p=15285"},"modified":"2019-11-04T19:38:30","modified_gmt":"2019-11-04T18:38:30","slug":"die-maenner-des-ersten-weltkrieges-teil-1-478-andreas-spormeier","status":"publish","type":"post","link":"https:\/\/geschichte-hautnah.de\/www\/?p=15285","title":{"rendered":"Die M\u00e4nner des Ersten Weltkrieges \u2013 Teil 1.478: Andreas Spormeier"},"content":{"rendered":"<p>Andreas Spormeier stammte aus Wetzberg, heute ein Ortsteil der bayerischen Gemeinde <a href=\"https:\/\/de.wikipedia.org\/wiki\/Unterneukirchen\" target=\"_blank\" rel=\"noopener noreferrer\">Unterneukirchen<\/a> und war der Sohn eines Landwirts. Im Ersten Weltkrieg diente er in der 7. Kompanie des 2. bayerischen Landwehr-Infanterie-Regiments als Infanterist. Am 22.07.1915 fiel er im Alter von 33 Jahren in Frankreich w\u00e4hrend der Stellungsk\u00e4mpfe im Oberelsass am Schratzmaennele hoch \u00fcber <a href=\"https:\/\/de.wikipedia.org\/wiki\/Munster_(Haut-Rhin)\" target=\"_blank\" rel=\"noopener noreferrer\">M\u00fcnster<\/a> (Elsass).<\/p>\n<p>Offiziell ist f\u00fcr Andreas Spormeier keine Grablage bekannt. Ich gehe jedoch davon aus, dass er anony auf dem Soldatenfriedhof <span data-sheets-value=\"{&quot;1&quot;:2,&quot;2&quot;:&quot;Hohrod&quot;}\" data-sheets-userformat=\"{&quot;2&quot;:1049089,&quot;3&quot;:{&quot;1&quot;:0},&quot;12&quot;:0,&quot;23&quot;:1}\" data-sheets-formula=\"=HYPERLINK(&quot;https:\/\/www.google.de\/maps\/place\/La+n%C3%A9cropole+allemande+du+Linge+Hohrod\/@48.0789162,7.1419617,494m\/data=!3m1!1e3!4m12!1m6!3m5!1s0x4793d8d8db925e89:0xba92ac4cb3276849!2sLinge+Memorial!8m2!3d48.083526!4d7.140328!3m4!1s0x4793d8ddb8ffffff:0xf865918dce0a94d2!8m2!3d48.0789042!4d7.1443239&quot;;&quot;Hohrod&quot;)\"><a class=\"in-cell-link\" href=\"https:\/\/www.google.de\/maps\/place\/La+n%C3%A9cropole+allemande+du+Linge+Hohrod\/@48.0789162,7.1419617,494m\/data=!3m1!1e3!4m12!1m6!3m5!1s0x4793d8d8db925e89:0xba92ac4cb3276849!2sLinge+Memorial!8m2!3d48.083526!4d7.140328!3m4!1s0x4793d8ddb8ffffff:0xf865918dce0a94d2!8m2!3d48.0789042!4d7.1443239\" target=\"_blank\" rel=\"noopener noreferrer\">Hohrod<\/a><\/span> in einem Massengrab beigesetzt wurde, wo seine Regimentskameraden begraben wurden, die im gleichen Zeitraum fielen, u. a.<\/p>\n<ul>\n<li>Offiziersstellvertreter Franz Heigl, gefallen am 20.07.1915 am Schratzmaennele, begraben auf dem Soldatenfiredhof <span data-sheets-value=\"{&quot;1&quot;:2,&quot;2&quot;:&quot;Hohrod&quot;}\" data-sheets-userformat=\"{&quot;2&quot;:1049089,&quot;3&quot;:{&quot;1&quot;:0},&quot;12&quot;:0,&quot;23&quot;:1}\" data-sheets-formula=\"=HYPERLINK(&quot;https:\/\/www.google.de\/maps\/place\/La+n%C3%A9cropole+allemande+du+Linge+Hohrod\/@48.0789162,7.1419617,494m\/data=!3m1!1e3!4m12!1m6!3m5!1s0x4793d8d8db925e89:0xba92ac4cb3276849!2sLinge+Memorial!8m2!3d48.083526!4d7.140328!3m4!1s0x4793d8ddb8ffffff:0xf865918dce0a94d2!8m2!3d48.0789042!4d7.1443239&quot;;&quot;Hohrod&quot;)\"><a class=\"in-cell-link\" href=\"https:\/\/www.google.de\/maps\/place\/La+n%C3%A9cropole+allemande+du+Linge+Hohrod\/@48.0789162,7.1419617,494m\/data=!3m1!1e3!4m12!1m6!3m5!1s0x4793d8d8db925e89:0xba92ac4cb3276849!2sLinge+Memorial!8m2!3d48.083526!4d7.140328!3m4!1s0x4793d8ddb8ffffff:0xf865918dce0a94d2!8m2!3d48.0789042!4d7.1443239\" target=\"_blank\" rel=\"noopener noreferrer\">Hohrod<\/a> Block 3, Grab 105;<\/span><\/li>\n<li>Offiziersstellvertreter Franz Heigl, gefallen am 20.07.1915 am Schratzmaennele, begraben auf dem Soldatenfiredhof <span data-sheets-value=\"{&quot;1&quot;:2,&quot;2&quot;:&quot;Hohrod&quot;}\" data-sheets-userformat=\"{&quot;2&quot;:1049089,&quot;3&quot;:{&quot;1&quot;:0},&quot;12&quot;:0,&quot;23&quot;:1}\" data-sheets-formula=\"=HYPERLINK(&quot;https:\/\/www.google.de\/maps\/place\/La+n%C3%A9cropole+allemande+du+Linge+Hohrod\/@48.0789162,7.1419617,494m\/data=!3m1!1e3!4m12!1m6!3m5!1s0x4793d8d8db925e89:0xba92ac4cb3276849!2sLinge+Memorial!8m2!3d48.083526!4d7.140328!3m4!1s0x4793d8ddb8ffffff:0xf865918dce0a94d2!8m2!3d48.0789042!4d7.1443239&quot;;&quot;Hohrod&quot;)\"><a class=\"in-cell-link\" href=\"https:\/\/www.google.de\/maps\/place\/La+n%C3%A9cropole+allemande+du+Linge+Hohrod\/@48.0789162,7.1419617,494m\/data=!3m1!1e3!4m12!1m6!3m5!1s0x4793d8d8db925e89:0xba92ac4cb3276849!2sLinge+Memorial!8m2!3d48.083526!4d7.140328!3m4!1s0x4793d8ddb8ffffff:0xf865918dce0a94d2!8m2!3d48.0789042!4d7.1443239\" target=\"_blank\" rel=\"noopener noreferrer\">Hohrod<\/a> Block 2, Grab 551;<\/span><\/li>\n<li>Oberleutnant Gustav Voigt, gefallen am 20.07.1915 am Schratzmaennele, begraben auf dem Soldatenfiredhof <span data-sheets-value=\"{&quot;1&quot;:2,&quot;2&quot;:&quot;Hohrod&quot;}\" data-sheets-userformat=\"{&quot;2&quot;:1049089,&quot;3&quot;:{&quot;1&quot;:0},&quot;12&quot;:0,&quot;23&quot;:1}\" data-sheets-formula=\"=HYPERLINK(&quot;https:\/\/www.google.de\/maps\/place\/La+n%C3%A9cropole+allemande+du+Linge+Hohrod\/@48.0789162,7.1419617,494m\/data=!3m1!1e3!4m12!1m6!3m5!1s0x4793d8d8db925e89:0xba92ac4cb3276849!2sLinge+Memorial!8m2!3d48.083526!4d7.140328!3m4!1s0x4793d8ddb8ffffff:0xf865918dce0a94d2!8m2!3d48.0789042!4d7.1443239&quot;;&quot;Hohrod&quot;)\"><a class=\"in-cell-link\" href=\"https:\/\/www.google.de\/maps\/place\/La+n%C3%A9cropole+allemande+du+Linge+Hohrod\/@48.0789162,7.1419617,494m\/data=!3m1!1e3!4m12!1m6!3m5!1s0x4793d8d8db925e89:0xba92ac4cb3276849!2sLinge+Memorial!8m2!3d48.083526!4d7.140328!3m4!1s0x4793d8ddb8ffffff:0xf865918dce0a94d2!8m2!3d48.0789042!4d7.1443239\" target=\"_blank\" rel=\"noopener noreferrer\">Hohrod<\/a> Block 3, Grab 130;<\/span><\/li>\n<li>Hauptmann Alois Ruidisch, gefallen am 22.07.1915 am Barrenkopf, begraben auf dem Soldatenfiredhof <span data-sheets-value=\"{&quot;1&quot;:2,&quot;2&quot;:&quot;Hohrod&quot;}\" data-sheets-userformat=\"{&quot;2&quot;:1049089,&quot;3&quot;:{&quot;1&quot;:0},&quot;12&quot;:0,&quot;23&quot;:1}\" data-sheets-formula=\"=HYPERLINK(&quot;https:\/\/www.google.de\/maps\/place\/La+n%C3%A9cropole+allemande+du+Linge+Hohrod\/@48.0789162,7.1419617,494m\/data=!3m1!1e3!4m12!1m6!3m5!1s0x4793d8d8db925e89:0xba92ac4cb3276849!2sLinge+Memorial!8m2!3d48.083526!4d7.140328!3m4!1s0x4793d8ddb8ffffff:0xf865918dce0a94d2!8m2!3d48.0789042!4d7.1443239&quot;;&quot;Hohrod&quot;)\"><a class=\"in-cell-link\" href=\"https:\/\/www.google.de\/maps\/place\/La+n%C3%A9cropole+allemande+du+Linge+Hohrod\/@48.0789162,7.1419617,494m\/data=!3m1!1e3!4m12!1m6!3m5!1s0x4793d8d8db925e89:0xba92ac4cb3276849!2sLinge+Memorial!8m2!3d48.083526!4d7.140328!3m4!1s0x4793d8ddb8ffffff:0xf865918dce0a94d2!8m2!3d48.0789042!4d7.1443239\" target=\"_blank\" rel=\"noopener noreferrer\">Hohrod<\/a> Block 3, Grab 272;<\/span><\/li>\n<li>Leutnant <a href=\"https:\/\/geschichte-hautnah.de\/www\/?p=15039\" target=\"_blank\" rel=\"noopener noreferrer\">Josef Pr\u00e4huber<\/a>, gefallen am 22.07.1915 am Barrenkopf, begraben auf dem Soldatenfiredhof <span data-sheets-value=\"{&quot;1&quot;:2,&quot;2&quot;:&quot;Hohrod&quot;}\" data-sheets-userformat=\"{&quot;2&quot;:1049089,&quot;3&quot;:{&quot;1&quot;:0},&quot;12&quot;:0,&quot;23&quot;:1}\" data-sheets-formula=\"=HYPERLINK(&quot;https:\/\/www.google.de\/maps\/place\/La+n%C3%A9cropole+allemande+du+Linge+Hohrod\/@48.0789162,7.1419617,494m\/data=!3m1!1e3!4m12!1m6!3m5!1s0x4793d8d8db925e89:0xba92ac4cb3276849!2sLinge+Memorial!8m2!3d48.083526!4d7.140328!3m4!1s0x4793d8ddb8ffffff:0xf865918dce0a94d2!8m2!3d48.0789042!4d7.1443239&quot;;&quot;Hohrod&quot;)\"><a class=\"in-cell-link\" href=\"https:\/\/www.google.de\/maps\/place\/La+n%C3%A9cropole+allemande+du+Linge+Hohrod\/@48.0789162,7.1419617,494m\/data=!3m1!1e3!4m12!1m6!3m5!1s0x4793d8d8db925e89:0xba92ac4cb3276849!2sLinge+Memorial!8m2!3d48.083526!4d7.140328!3m4!1s0x4793d8ddb8ffffff:0xf865918dce0a94d2!8m2!3d48.0789042!4d7.1443239\" target=\"_blank\" rel=\"noopener noreferrer\">Hohrod<\/a> Block 3, Grab 272.<\/span><\/li>\n<\/ul>\n<p>&nbsp;<\/p>\n<figure id=\"attachment_15163\" aria-describedby=\"caption-attachment-15163\" style=\"width: 494px\" class=\"wp-caption aligncenter\"><img loading=\"lazy\" decoding=\"async\" class=\"size-full wp-image-15163\" src=\"https:\/\/geschichte-hautnah.de\/www\/wp-content\/uploads\/2019\/11\/Andreas_Spormeier_v.jpeg\" alt=\"\" width=\"494\" height=\"800\" srcset=\"https:\/\/geschichte-hautnah.de\/www\/wp-content\/uploads\/2019\/11\/Andreas_Spormeier_v.jpeg 494w, https:\/\/geschichte-hautnah.de\/www\/wp-content\/uploads\/2019\/11\/Andreas_Spormeier_v-185x300.jpeg 185w\" sizes=\"auto, (max-width: 494px) 100vw, 494px\" \/><figcaption id=\"caption-attachment-15163\" class=\"wp-caption-text\">Sterbebild von Andreas Spormeier<\/figcaption><\/figure>\n<figure id=\"attachment_15162\" aria-describedby=\"caption-attachment-15162\" style=\"width: 494px\" class=\"wp-caption aligncenter\"><img loading=\"lazy\" decoding=\"async\" class=\"size-full wp-image-15162\" src=\"https:\/\/geschichte-hautnah.de\/www\/wp-content\/uploads\/2019\/11\/Andreas_Spormeier_h.jpeg\" alt=\"\" width=\"494\" height=\"800\" srcset=\"https:\/\/geschichte-hautnah.de\/www\/wp-content\/uploads\/2019\/11\/Andreas_Spormeier_h.jpeg 494w, https:\/\/geschichte-hautnah.de\/www\/wp-content\/uploads\/2019\/11\/Andreas_Spormeier_h-185x300.jpeg 185w\" sizes=\"auto, (max-width: 494px) 100vw, 494px\" \/><figcaption id=\"caption-attachment-15162\" class=\"wp-caption-text\">R\u00fcckseite des Sterbebildes von Andreas Spormeier<\/figcaption><\/figure>\n","protected":false},"excerpt":{"rendered":"<p>Andreas Spormeier stammte aus Wetzberg, heute ein Ortsteil der bayerischen Gemeinde Unterneukirchen und war der Sohn eines Landwirts. Im Ersten Weltkrieg diente er in der 7. Kompanie des 2. bayerischen Landwehr-Infanterie-Regiments als Infanterist. Am 22.07.1915 fiel er im Alter von 33 Jahren in Frankreich w\u00e4hrend der Stellungsk\u00e4mpfe im Oberelsass am Schratzmaennele hoch \u00fcber M\u00fcnster (Elsass). [&hellip;]<\/p>\n","protected":false},"author":2,"featured_media":0,"comment_status":"closed","ping_status":"closed","sticky":false,"template":"","format":"standard","meta":{"footnotes":"","_wp_rev_ctl_limit":""},"categories":[2,8,1876,18],"tags":[916,280,302,1366,33,36,97,92,402,423,1287,82,4540],"class_list":["post-15285","post","type-post","status-publish","format-standard","hentry","category-1-weltkrieg","category-sterbebilder","category-frankreich-1-weltkrieg","category-vogesenkampfe","tag-2-bayerisches-landwehr-infanterie-regiment","tag-anonym","tag-bauerssohn","tag-bayern","tag-elsass","tag-frankreich","tag-infanterist","tag-massengrab","tag-muenster-elsass","tag-schratzmaennele","tag-unterneukirchen","tag-vogesen","tag-wetzberg"],"_links":{"self":[{"href":"https:\/\/geschichte-hautnah.de\/www\/index.php?rest_route=\/wp\/v2\/posts\/15285","targetHints":{"allow":["GET"]}}],"collection":[{"href":"https:\/\/geschichte-hautnah.de\/www\/index.php?rest_route=\/wp\/v2\/posts"}],"about":[{"href":"https:\/\/geschichte-hautnah.de\/www\/index.php?rest_route=\/wp\/v2\/types\/post"}],"author":[{"embeddable":true,"href":"https:\/\/geschichte-hautnah.de\/www\/index.php?rest_route=\/wp\/v2\/users\/2"}],"replies":[{"embeddable":true,"href":"https:\/\/geschichte-hautnah.de\/www\/index.php?rest_route=%2Fwp%2Fv2%2Fcomments&post=15285"}],"version-history":[{"count":6,"href":"https:\/\/geschichte-hautnah.de\/www\/index.php?rest_route=\/wp\/v2\/posts\/15285\/revisions"}],"predecessor-version":[{"id":15291,"href":"https:\/\/geschichte-hautnah.de\/www\/index.php?rest_route=\/wp\/v2\/posts\/15285\/revisions\/15291"}],"wp:attachment":[{"href":"https:\/\/geschichte-hautnah.de\/www\/index.php?rest_route=%2Fwp%2Fv2%2Fmedia&parent=15285"}],"wp:term":[{"taxonomy":"category","embeddable":true,"href":"https:\/\/geschichte-hautnah.de\/www\/index.php?rest_route=%2Fwp%2Fv2%2Fcategories&post=15285"},{"taxonomy":"post_tag","embeddable":true,"href":"https:\/\/geschichte-hautnah.de\/www\/index.php?rest_route=%2Fwp%2Fv2%2Ftags&post=15285"}],"curies":[{"name":"wp","href":"https:\/\/api.w.org\/{rel}","templated":true}]}}