{"id":15627,"date":"2022-07-08T00:00:21","date_gmt":"2022-07-07T22:00:21","guid":{"rendered":"https:\/\/geschichte-hautnah.de\/www\/?p=15627"},"modified":"2019-11-24T08:14:29","modified_gmt":"2019-11-24T07:14:29","slug":"die-maenner-des-ersten-weltkrieges-teil-1-520-mathias-romstaetter","status":"publish","type":"post","link":"https:\/\/geschichte-hautnah.de\/www\/?p=15627","title":{"rendered":"Die M\u00e4nner des Ersten Weltkrieges \u2013 Teil 1.519: Mathias Romst\u00e4tter"},"content":{"rendered":"<p>Der Soldat Mathias Romst\u00e4tter stammte aus <a href=\"https:\/\/de.wikipedia.org\/wiki\/Saaldorf-Surheim#Geschichte\" target=\"_blank\" rel=\"noopener noreferrer\">Saaldorf<\/a>, heute ein Ortsteil der bayerischen Gemeinde <a href=\"https:\/\/de.wikipedia.org\/wiki\/Saaldorf-Surheim\" target=\"_blank\" rel=\"noopener noreferrer\">Saaldorf-Surheim<\/a> und war der Sohn eines Webers. Im Ersten Weltkrieg k\u00e4mpfte er in der 4. Kompanie des 1. bayerischen Infanterie-Regiments. Am 11.07.1916 fiel er im Alter von 21 Jahren w\u00e4hrend der Schlacht um Verdun, bei den K\u00e4mpfen auf Kalter Erde und bei Fleury im Fosses Wald.<\/p>\n<p>\u00dcber den Todestag von Mathias Romst\u00e4tter berichtet die Regimentsgeschichte des 1. bayerischen Infanterie-Regiments:<\/p>\n<blockquote><p><em>&#8222;11.07. Regimentsstab bezieht die Befehlstelle im Fosses-Wald. Unter F\u00fchrung des Leutnants Rasp (12. Kompanie) werden zu einem Angriff auf die Bras-Mulde n\u00f6rdlich Zwischenwerk Thiaumont Bereitstellungspl\u00e4tze f\u00fcr das III. Bataillon erkundet.&#8220;<\/em><\/p><\/blockquote>\n<p>Offiziell ist keine Grablage f\u00fcr Mathias Romst\u00e4tter bekannt. Er k\u00f6nnte, wenn seine Gebeine geborgen wurden, auf dem Soldatenfriedhof <span data-sheets-value=\"{&quot;1&quot;:2,&quot;2&quot;:&quot;Romagne-sous-les-Cotes&quot;}\" data-sheets-userformat=\"{&quot;2&quot;:1049089,&quot;3&quot;:{&quot;1&quot;:0},&quot;12&quot;:0,&quot;23&quot;:1}\" data-sheets-formula=\"=HYPERLINK(&quot;https:\/\/goo.gl\/maps\/yjYCM8QRGoT2&quot;;&quot;Romagne-sous-les-Cotes&quot;)\"><a class=\"in-cell-link\" href=\"https:\/\/goo.gl\/maps\/yjYCM8QRGoT2\" target=\"_blank\" rel=\"noopener noreferrer\">Romagne-sous-les-Cotes<\/a><\/span>\u00a0anonym in einem Massengrab begraben worden sein.<\/p>\n<figure id=\"attachment_15573\" aria-describedby=\"caption-attachment-15573\" style=\"width: 493px\" class=\"wp-caption aligncenter\"><img loading=\"lazy\" decoding=\"async\" class=\"size-full wp-image-15573\" src=\"https:\/\/geschichte-hautnah.de\/www\/wp-content\/uploads\/2019\/11\/Mathias_Romst\u00e4tter_v.jpeg\" alt=\"\" width=\"493\" height=\"800\" srcset=\"https:\/\/geschichte-hautnah.de\/www\/wp-content\/uploads\/2019\/11\/Mathias_Romst\u00e4tter_v.jpeg 493w, https:\/\/geschichte-hautnah.de\/www\/wp-content\/uploads\/2019\/11\/Mathias_Romst\u00e4tter_v-185x300.jpeg 185w\" sizes=\"auto, (max-width: 493px) 100vw, 493px\" \/><figcaption id=\"caption-attachment-15573\" class=\"wp-caption-text\">Sterbebild von Mathias Romst\u00e4tter<\/figcaption><\/figure>\n<figure id=\"attachment_15572\" aria-describedby=\"caption-attachment-15572\" style=\"width: 493px\" class=\"wp-caption aligncenter\"><img loading=\"lazy\" decoding=\"async\" class=\"size-full wp-image-15572\" src=\"https:\/\/geschichte-hautnah.de\/www\/wp-content\/uploads\/2019\/11\/Mathias_Romst\u00e4tter_h.jpeg\" alt=\"\" width=\"493\" height=\"800\" srcset=\"https:\/\/geschichte-hautnah.de\/www\/wp-content\/uploads\/2019\/11\/Mathias_Romst\u00e4tter_h.jpeg 493w, https:\/\/geschichte-hautnah.de\/www\/wp-content\/uploads\/2019\/11\/Mathias_Romst\u00e4tter_h-185x300.jpeg 185w\" sizes=\"auto, (max-width: 493px) 100vw, 493px\" \/><figcaption id=\"caption-attachment-15572\" class=\"wp-caption-text\">R\u00fcckseite des Sterbebildes von Mathias Romst\u00e4tter<\/figcaption><\/figure>\n","protected":false},"excerpt":{"rendered":"<p>Der Soldat Mathias Romst\u00e4tter stammte aus Saaldorf, heute ein Ortsteil der bayerischen Gemeinde Saaldorf-Surheim und war der Sohn eines Webers. Im Ersten Weltkrieg k\u00e4mpfte er in der 4. Kompanie des 1. bayerischen Infanterie-Regiments. Am 11.07.1916 fiel er im Alter von 21 Jahren w\u00e4hrend der Schlacht um Verdun, bei den K\u00e4mpfen auf Kalter Erde und bei [&hellip;]<\/p>\n","protected":false},"author":2,"featured_media":0,"comment_status":"closed","ping_status":"closed","sticky":false,"template":"","format":"standard","meta":{"footnotes":"","_wp_rev_ctl_limit":""},"categories":[2,8,1876,16],"tags":[245,1366,4639,3046,36,598,236,2833,1216,3155,1783,3009],"class_list":["post-15627","post","type-post","status-publish","format-standard","hentry","category-1-weltkrieg","category-sterbebilder","category-frankreich-1-weltkrieg","category-verdun","tag-1-bayerisches-infanterie-regiment","tag-bayern","tag-bras-mulde","tag-fosses-wald","tag-frankreich","tag-lothringen","tag-romagne-sous-les-cotes","tag-saaldorf","tag-saaldorf-surheim","tag-schlacht-um-verdun","tag-weberssohn","tag-zwischenwerk-thiaumont"],"_links":{"self":[{"href":"https:\/\/geschichte-hautnah.de\/www\/index.php?rest_route=\/wp\/v2\/posts\/15627","targetHints":{"allow":["GET"]}}],"collection":[{"href":"https:\/\/geschichte-hautnah.de\/www\/index.php?rest_route=\/wp\/v2\/posts"}],"about":[{"href":"https:\/\/geschichte-hautnah.de\/www\/index.php?rest_route=\/wp\/v2\/types\/post"}],"author":[{"embeddable":true,"href":"https:\/\/geschichte-hautnah.de\/www\/index.php?rest_route=\/wp\/v2\/users\/2"}],"replies":[{"embeddable":true,"href":"https:\/\/geschichte-hautnah.de\/www\/index.php?rest_route=%2Fwp%2Fv2%2Fcomments&post=15627"}],"version-history":[{"count":8,"href":"https:\/\/geschichte-hautnah.de\/www\/index.php?rest_route=\/wp\/v2\/posts\/15627\/revisions"}],"predecessor-version":[{"id":15635,"href":"https:\/\/geschichte-hautnah.de\/www\/index.php?rest_route=\/wp\/v2\/posts\/15627\/revisions\/15635"}],"wp:attachment":[{"href":"https:\/\/geschichte-hautnah.de\/www\/index.php?rest_route=%2Fwp%2Fv2%2Fmedia&parent=15627"}],"wp:term":[{"taxonomy":"category","embeddable":true,"href":"https:\/\/geschichte-hautnah.de\/www\/index.php?rest_route=%2Fwp%2Fv2%2Fcategories&post=15627"},{"taxonomy":"post_tag","embeddable":true,"href":"https:\/\/geschichte-hautnah.de\/www\/index.php?rest_route=%2Fwp%2Fv2%2Ftags&post=15627"}],"curies":[{"name":"wp","href":"https:\/\/api.w.org\/{rel}","templated":true}]}}