{"id":15786,"date":"2022-07-24T00:00:48","date_gmt":"2022-07-23T22:00:48","guid":{"rendered":"https:\/\/geschichte-hautnah.de\/www\/?p=15786"},"modified":"2019-12-01T19:17:57","modified_gmt":"2019-12-01T18:17:57","slug":"die-maenner-des-ersten-weltkrieges-teil-1-535-franz-haistracher","status":"publish","type":"post","link":"https:\/\/geschichte-hautnah.de\/www\/?p=15786","title":{"rendered":"Die M\u00e4nner des Ersten Weltkrieges \u2013 Teil 1.535: Franz Haistracher"},"content":{"rendered":"<p>Der Landsturmmann Franz Haistracher stammte aus <a href=\"https:\/\/de.wikipedia.org\/wiki\/Katzwalchen\" target=\"_blank\" rel=\"noopener noreferrer\">Katzwalchen<\/a>, heute ein Ortsteil der bayerischen Gemeinde <a href=\"https:\/\/de.wikipedia.org\/wiki\/Palling\" target=\"_blank\" rel=\"noopener noreferrer\">Palling<\/a>, und war der Sohn eines Landwirts. Im Ersten Weltkrieg k\u00e4mpfte er in der 11. Kompanie des 2. bayerischen Reserve-Infanterie-Regiments. Am 17.01.1916 fiel er im Alter von 33 Jahren w\u00e4hrend der Stellungsk\u00e4mpfe im Artois durch Kopfschuss.<\/p>\n<p>Offiziell ist f\u00fcr Franz Haistracher keine Grablage bekannt. Ich vermute jedoch, dass er anonym in einem Massengrab auf dem Soldatenfriedhof <span data-sheets-value=\"{&quot;1&quot;:2,&quot;2&quot;:&quot;Neuville-St.Vaast&quot;}\" data-sheets-userformat=\"{&quot;2&quot;:1049089,&quot;3&quot;:{&quot;1&quot;:0},&quot;12&quot;:0,&quot;23&quot;:1}\" data-sheets-formula=\"=HYPERLINK(&quot;https:\/\/www.google.de\/maps\/place\/62580+Neuville-Saint-Vaast,+Frankreich\/@50.3564686,2.6139312,11z\/data=!4m5!3m4!1s0x47dd384b01eb6f13:0xc06ce78123b81518!8m2!3d50.355234!4d2.760256&quot;;&quot;Neuville-St.Vaast&quot;)\"><a class=\"in-cell-link\" href=\"https:\/\/www.google.de\/maps\/place\/62580+Neuville-Saint-Vaast,+Frankreich\/@50.3564686,2.6139312,11z\/data=!4m5!3m4!1s0x47dd384b01eb6f13:0xc06ce78123b81518!8m2!3d50.355234!4d2.760256\" target=\"_blank\" rel=\"noopener noreferrer\">Neuville-St.Vaast<\/a> begraben wurde, wo bereits seine Kameraden vom 2. bayerischen Reserve-Infanterie-Regiment beigesetzt wurden, die im gleichen Zeitraum fielen, u. a.\u00a0<\/span><\/p>\n<ul>\n<li>Infanterist Simon D\u00fcnzl, gefallen am 18.01.1916, begraben auf dem Soldatendfriedhof <span data-sheets-value=\"{&quot;1&quot;:2,&quot;2&quot;:&quot;Neuville-St.Vaast&quot;}\" data-sheets-userformat=\"{&quot;2&quot;:1049089,&quot;3&quot;:{&quot;1&quot;:0},&quot;12&quot;:0,&quot;23&quot;:1}\" data-sheets-formula=\"=HYPERLINK(&quot;https:\/\/www.google.de\/maps\/place\/62580+Neuville-Saint-Vaast,+Frankreich\/@50.3564686,2.6139312,11z\/data=!4m5!3m4!1s0x47dd384b01eb6f13:0xc06ce78123b81518!8m2!3d50.355234!4d2.760256&quot;;&quot;Neuville-St.Vaast&quot;)\"><a class=\"in-cell-link\" href=\"https:\/\/www.google.de\/maps\/place\/62580+Neuville-Saint-Vaast,+Frankreich\/@50.3564686,2.6139312,11z\/data=!4m5!3m4!1s0x47dd384b01eb6f13:0xc06ce78123b81518!8m2!3d50.355234!4d2.760256\" target=\"_blank\" rel=\"noopener noreferrer\">Neuville-St.Vaast<\/a> in Block 17, Grab 1075;<\/span><\/li>\n<li>Infanterist Michael Leonhardt, gefallen am 18.01.1916, begraben auf dem Soldatendfriedhof <span data-sheets-value=\"{&quot;1&quot;:2,&quot;2&quot;:&quot;Neuville-St.Vaast&quot;}\" data-sheets-userformat=\"{&quot;2&quot;:1049089,&quot;3&quot;:{&quot;1&quot;:0},&quot;12&quot;:0,&quot;23&quot;:1}\" data-sheets-formula=\"=HYPERLINK(&quot;https:\/\/www.google.de\/maps\/place\/62580+Neuville-Saint-Vaast,+Frankreich\/@50.3564686,2.6139312,11z\/data=!4m5!3m4!1s0x47dd384b01eb6f13:0xc06ce78123b81518!8m2!3d50.355234!4d2.760256&quot;;&quot;Neuville-St.Vaast&quot;)\"><a class=\"in-cell-link\" href=\"https:\/\/www.google.de\/maps\/place\/62580+Neuville-Saint-Vaast,+Frankreich\/@50.3564686,2.6139312,11z\/data=!4m5!3m4!1s0x47dd384b01eb6f13:0xc06ce78123b81518!8m2!3d50.355234!4d2.760256\" target=\"_blank\" rel=\"noopener noreferrer\">Neuville-St.Vaast<\/a> in Block 17, Grab 1076.<\/span><\/li>\n<\/ul>\n<p>&nbsp;<\/p>\n<figure id=\"attachment_15741\" aria-describedby=\"caption-attachment-15741\" style=\"width: 800px\" class=\"wp-caption aligncenter\"><img loading=\"lazy\" decoding=\"async\" class=\"size-full wp-image-15741\" src=\"https:\/\/geschichte-hautnah.de\/www\/wp-content\/uploads\/2019\/11\/Franz_Haistracher_v.jpeg\" alt=\"\" width=\"800\" height=\"620\" srcset=\"https:\/\/geschichte-hautnah.de\/www\/wp-content\/uploads\/2019\/11\/Franz_Haistracher_v.jpeg 800w, https:\/\/geschichte-hautnah.de\/www\/wp-content\/uploads\/2019\/11\/Franz_Haistracher_v-300x233.jpeg 300w, https:\/\/geschichte-hautnah.de\/www\/wp-content\/uploads\/2019\/11\/Franz_Haistracher_v-768x595.jpeg 768w\" sizes=\"auto, (max-width: 800px) 100vw, 800px\" \/><figcaption id=\"caption-attachment-15741\" class=\"wp-caption-text\">Sterbebild von Franz Haistracher<\/figcaption><\/figure>\n<figure id=\"attachment_15740\" aria-describedby=\"caption-attachment-15740\" style=\"width: 800px\" class=\"wp-caption aligncenter\"><img loading=\"lazy\" decoding=\"async\" class=\"size-full wp-image-15740\" src=\"https:\/\/geschichte-hautnah.de\/www\/wp-content\/uploads\/2019\/11\/Franz_Haistracher_h.jpeg\" alt=\"\" width=\"800\" height=\"620\" srcset=\"https:\/\/geschichte-hautnah.de\/www\/wp-content\/uploads\/2019\/11\/Franz_Haistracher_h.jpeg 800w, https:\/\/geschichte-hautnah.de\/www\/wp-content\/uploads\/2019\/11\/Franz_Haistracher_h-300x233.jpeg 300w, https:\/\/geschichte-hautnah.de\/www\/wp-content\/uploads\/2019\/11\/Franz_Haistracher_h-768x595.jpeg 768w\" sizes=\"auto, (max-width: 800px) 100vw, 800px\" \/><figcaption id=\"caption-attachment-15740\" class=\"wp-caption-text\">R\u00fcckseite des Sterbebildes von Franz Haistracher<\/figcaption><\/figure>\n<p>Der theoretische Weg von Franz Haistracher von seinem Geburtsort zu seinem Grab:<\/p>\n<p><iframe loading=\"lazy\" style=\"border: 0;\" src=\"https:\/\/www.google.com\/maps\/embed?pb=!1m28!1m12!1m3!1d2672609.6088331942!2d5.445713142595168!3d49.144187913628265!2m3!1f0!2f0!3f0!3m2!1i1024!2i768!4f13.1!4m13!3e2!4m5!1s0x4776770d826e8f2d%3A0xa1d25a6760e9a00!2sKatzwalchen%2C%2083349%20Palling!3m2!1d47.973835199999996!2d12.615994599999999!4m5!1s0x47dd384b01eb6f13%3A0xc06ce78123b81518!2sNeuville-Saint-Vaast%2C%20Frankreich!3m2!1d50.355233999999996!2d2.760256!5e0!3m2!1sde!2sde!4v1575224248949!5m2!1sde!2sde\" width=\"600\" height=\"450\" frameborder=\"0\" allowfullscreen=\"allowfullscreen\"><\/iframe><\/p>\n","protected":false},"excerpt":{"rendered":"<p>Der Landsturmmann Franz Haistracher stammte aus Katzwalchen, heute ein Ortsteil der bayerischen Gemeinde Palling, und war der Sohn eines Landwirts. Im Ersten Weltkrieg k\u00e4mpfte er in der 11. Kompanie des 2. bayerischen Reserve-Infanterie-Regiments. Am 17.01.1916 fiel er im Alter von 33 Jahren w\u00e4hrend der Stellungsk\u00e4mpfe im Artois durch Kopfschuss. Offiziell ist f\u00fcr Franz Haistracher keine [&hellip;]<\/p>\n","protected":false},"author":2,"featured_media":0,"comment_status":"closed","ping_status":"closed","sticky":false,"template":"","format":"standard","meta":{"footnotes":"","_wp_rev_ctl_limit":""},"categories":[2,8],"tags":[790,280,302,1366,36,4672,295,124,92,493,642,631],"class_list":["post-15786","post","type-post","status-publish","format-standard","hentry","category-1-weltkrieg","category-sterbebilder","tag-2-bayerisches-reserve-infanterie-regiment","tag-anonym","tag-bauerssohn","tag-bayern","tag-frankreich","tag-katzwalchen","tag-kopfschuss","tag-landsturmmann","tag-massengrab","tag-neuville-st-vaast","tag-palling","tag-somme"],"_links":{"self":[{"href":"https:\/\/geschichte-hautnah.de\/www\/index.php?rest_route=\/wp\/v2\/posts\/15786","targetHints":{"allow":["GET"]}}],"collection":[{"href":"https:\/\/geschichte-hautnah.de\/www\/index.php?rest_route=\/wp\/v2\/posts"}],"about":[{"href":"https:\/\/geschichte-hautnah.de\/www\/index.php?rest_route=\/wp\/v2\/types\/post"}],"author":[{"embeddable":true,"href":"https:\/\/geschichte-hautnah.de\/www\/index.php?rest_route=\/wp\/v2\/users\/2"}],"replies":[{"embeddable":true,"href":"https:\/\/geschichte-hautnah.de\/www\/index.php?rest_route=%2Fwp%2Fv2%2Fcomments&post=15786"}],"version-history":[{"count":7,"href":"https:\/\/geschichte-hautnah.de\/www\/index.php?rest_route=\/wp\/v2\/posts\/15786\/revisions"}],"predecessor-version":[{"id":15793,"href":"https:\/\/geschichte-hautnah.de\/www\/index.php?rest_route=\/wp\/v2\/posts\/15786\/revisions\/15793"}],"wp:attachment":[{"href":"https:\/\/geschichte-hautnah.de\/www\/index.php?rest_route=%2Fwp%2Fv2%2Fmedia&parent=15786"}],"wp:term":[{"taxonomy":"category","embeddable":true,"href":"https:\/\/geschichte-hautnah.de\/www\/index.php?rest_route=%2Fwp%2Fv2%2Fcategories&post=15786"},{"taxonomy":"post_tag","embeddable":true,"href":"https:\/\/geschichte-hautnah.de\/www\/index.php?rest_route=%2Fwp%2Fv2%2Ftags&post=15786"}],"curies":[{"name":"wp","href":"https:\/\/api.w.org\/{rel}","templated":true}]}}