{"id":15896,"date":"2022-08-05T00:00:40","date_gmt":"2022-08-04T22:00:40","guid":{"rendered":"https:\/\/geschichte-hautnah.de\/www\/?p=15896"},"modified":"2019-12-05T18:25:12","modified_gmt":"2019-12-05T17:25:12","slug":"die-maenner-des-ersten-weltkrieges-teil-1-547-anton-fedlmeier","status":"publish","type":"post","link":"https:\/\/geschichte-hautnah.de\/www\/?p=15896","title":{"rendered":"Die M\u00e4nner des Ersten Weltkrieges \u2013 Teil 1.547: Anton Fedlmeier"},"content":{"rendered":"<p>Der Soldat Anton Fedlmeier wurde am 31.12.1897 in Ringstetten als Sohn eines Landwirts geboren. Im Ersten Weltkrieg diente er im 3. Regiment des 2. bayerischen Infanterie-Regiment. Seit dem 20.08.1918 gilt er nach den Abwehrk\u00e4mpfen zwischen Oise und Aisne bei <a href=\"https:\/\/de.wikipedia.org\/wiki\/Saint-Paul-aux-Bois\" target=\"_blank\" rel=\"noopener noreferrer\">Saint-Paul-aux-Bois<\/a>\u00a0\/ <a href=\"https:\/\/de.wikipedia.org\/wiki\/Soissons\" target=\"_blank\" rel=\"noopener noreferrer\">Soissons<\/a> \/ <a href=\"https:\/\/de.wikipedia.org\/wiki\/Bl%C3%A9rancourt\" target=\"_blank\" rel=\"noopener noreferrer\">Blerancourt<\/a> als vermisst. Er wurde nur 20 Jahre alt.<\/p>\n<p>\u00dcber seine Todesumst\u00e4nde berichtet die Regimentsgeschichte des 2. bayerischen Infanterie-Regiments:<\/p>\n<blockquote><p><em>Vernichtung des I. Bataillons 2. Infanterie-Regiments am 20.08.1918 &#8211; w\u00f6rtlicher Bericht durch den zuerst die Katastrophe zur dienstlichen Kenntnis kam.<\/em><\/p>\n<p><em>Das I. Bataillon erhielt am 19.08.1918 Befehl, sich nach rechts zu verschieben und wurde dem Infanterie-Regiment 160 unterstellt. Gegen 6.00 Uhr fr\u00fch erreichte das Bataillon ohne Verluste den befohlenen Bereitstellungsplatz.<\/em><\/p>\n<p><em>Die Kompanien waren im Walde untergebracht, der dichtes Unterholz hatte; Unterst\u00e4nde fehlten g\u00e4nzlich; am Abend des 19. legte der Gegner schweres Artilleriefeuer dicht s\u00fcdlich des Bereitstellungsplatzes. Nachts Ruhe. Gegen 5.00 Uhr begann das feindliche Zerst\u00f6rungsfeuer, das direkt um den Bereitstellungsraum lag, sodass das Gel\u00e4nde abgesperrt wurde. Mit Sturmbeginn 8.30 Uhr vormittags verlegte der Gegner das Feuer auf den Bereitstellungsraum selbst.\u00a0 Es war von furchtbarer Wirkung. Das Bataillon scheint schwere Verluste erlitten zu haben und ist wahrscheinlich mit geringen Ausnahmen gefangen genommen worden. Die Wirkung des feindlichen Gases macht sich bei den wenigen entkommenen Leuten erst jetzt bemerkbar.&#8220;<\/em><\/p><\/blockquote>\n<p>Einer der Gefallenen war mit an Sicherheit grenzender Wahrscheinlichkeit Anton Fedlmeier.<\/p>\n<p>Offiziell ist f\u00fcr Anton Fedlmeier keine Grablage bekannt. Ich vermute, er wurde wie sein Kamerad, Leitnant Joseph Stiefel, auf dem Soldatenfriedhof <span data-sheets-value=\"{&quot;1&quot;:2,&quot;2&quot;:&quot;Nampcel&quot;}\" data-sheets-userformat=\"{&quot;2&quot;:1049089,&quot;3&quot;:{&quot;1&quot;:0},&quot;12&quot;:0,&quot;23&quot;:1}\" data-sheets-formula=\"=HYPERLINK(&quot;https:\/\/goo.gl\/maps\/Vb7Fp2kZLnC2&quot;;&quot;Nampcel&quot;)\"><a class=\"in-cell-link\" href=\"https:\/\/goo.gl\/maps\/Vb7Fp2kZLnC2\" target=\"_blank\" rel=\"noopener noreferrer\">Nampcel<\/a> anonym in einem Massengrab begraben wurde.<\/span><\/p>\n<p>&nbsp;<\/p>\n<figure id=\"attachment_15834\" aria-describedby=\"caption-attachment-15834\" style=\"width: 800px\" class=\"wp-caption aligncenter\"><img loading=\"lazy\" decoding=\"async\" class=\"size-full wp-image-15834\" src=\"https:\/\/geschichte-hautnah.de\/www\/wp-content\/uploads\/2019\/12\/Anton_Fedlmeier_v.jpeg\" alt=\"\" width=\"800\" height=\"613\" srcset=\"https:\/\/geschichte-hautnah.de\/www\/wp-content\/uploads\/2019\/12\/Anton_Fedlmeier_v.jpeg 800w, https:\/\/geschichte-hautnah.de\/www\/wp-content\/uploads\/2019\/12\/Anton_Fedlmeier_v-300x230.jpeg 300w, https:\/\/geschichte-hautnah.de\/www\/wp-content\/uploads\/2019\/12\/Anton_Fedlmeier_v-768x588.jpeg 768w\" sizes=\"auto, (max-width: 800px) 100vw, 800px\" \/><figcaption id=\"caption-attachment-15834\" class=\"wp-caption-text\">Sterbebild von Anton Fedlmeier<\/figcaption><\/figure>\n<figure id=\"attachment_15833\" aria-describedby=\"caption-attachment-15833\" style=\"width: 800px\" class=\"wp-caption aligncenter\"><img loading=\"lazy\" decoding=\"async\" class=\"size-full wp-image-15833\" src=\"https:\/\/geschichte-hautnah.de\/www\/wp-content\/uploads\/2019\/12\/Anton_Fedlmeier_h.jpeg\" alt=\"\" width=\"800\" height=\"613\" srcset=\"https:\/\/geschichte-hautnah.de\/www\/wp-content\/uploads\/2019\/12\/Anton_Fedlmeier_h.jpeg 800w, https:\/\/geschichte-hautnah.de\/www\/wp-content\/uploads\/2019\/12\/Anton_Fedlmeier_h-300x230.jpeg 300w, https:\/\/geschichte-hautnah.de\/www\/wp-content\/uploads\/2019\/12\/Anton_Fedlmeier_h-768x588.jpeg 768w\" sizes=\"auto, (max-width: 800px) 100vw, 800px\" \/><figcaption id=\"caption-attachment-15833\" class=\"wp-caption-text\">R\u00fcckseite des Sterbebildes von Anton Fedlmeier<\/figcaption><\/figure>\n","protected":false},"excerpt":{"rendered":"<p>Der Soldat Anton Fedlmeier wurde am 31.12.1897 in Ringstetten als Sohn eines Landwirts geboren. Im Ersten Weltkrieg diente er im 3. Regiment des 2. bayerischen Infanterie-Regiment. Seit dem 20.08.1918 gilt er nach den Abwehrk\u00e4mpfen zwischen Oise und Aisne bei Saint-Paul-aux-Bois\u00a0\/ Soissons \/ Blerancourt als vermisst. Er wurde nur 20 Jahre alt. \u00dcber seine Todesumst\u00e4nde berichtet [&hellip;]<\/p>\n","protected":false},"author":2,"featured_media":0,"comment_status":"closed","ping_status":"closed","sticky":false,"template":"","format":"standard","meta":{"footnotes":"","_wp_rev_ctl_limit":""},"categories":[2,8,1876],"tags":[3475,1476,280,302,1366,36,92,1529,1534,4705,4707,3407,4706],"class_list":["post-15896","post","type-post","status-publish","format-standard","hentry","category-1-weltkrieg","category-sterbebilder","category-frankreich-1-weltkrieg","tag-2-bayerisches-iinfanterie-regiment","tag-aisne","tag-anonym","tag-bauerssohn","tag-bayern","tag-frankreich","tag-massengrab","tag-nampcel","tag-oise","tag-ringstetten","tag-saint-paul-aux-bois","tag-soissons","tag-st-paul"],"_links":{"self":[{"href":"https:\/\/geschichte-hautnah.de\/www\/index.php?rest_route=\/wp\/v2\/posts\/15896","targetHints":{"allow":["GET"]}}],"collection":[{"href":"https:\/\/geschichte-hautnah.de\/www\/index.php?rest_route=\/wp\/v2\/posts"}],"about":[{"href":"https:\/\/geschichte-hautnah.de\/www\/index.php?rest_route=\/wp\/v2\/types\/post"}],"author":[{"embeddable":true,"href":"https:\/\/geschichte-hautnah.de\/www\/index.php?rest_route=\/wp\/v2\/users\/2"}],"replies":[{"embeddable":true,"href":"https:\/\/geschichte-hautnah.de\/www\/index.php?rest_route=%2Fwp%2Fv2%2Fcomments&post=15896"}],"version-history":[{"count":9,"href":"https:\/\/geschichte-hautnah.de\/www\/index.php?rest_route=\/wp\/v2\/posts\/15896\/revisions"}],"predecessor-version":[{"id":15905,"href":"https:\/\/geschichte-hautnah.de\/www\/index.php?rest_route=\/wp\/v2\/posts\/15896\/revisions\/15905"}],"wp:attachment":[{"href":"https:\/\/geschichte-hautnah.de\/www\/index.php?rest_route=%2Fwp%2Fv2%2Fmedia&parent=15896"}],"wp:term":[{"taxonomy":"category","embeddable":true,"href":"https:\/\/geschichte-hautnah.de\/www\/index.php?rest_route=%2Fwp%2Fv2%2Fcategories&post=15896"},{"taxonomy":"post_tag","embeddable":true,"href":"https:\/\/geschichte-hautnah.de\/www\/index.php?rest_route=%2Fwp%2Fv2%2Ftags&post=15896"}],"curies":[{"name":"wp","href":"https:\/\/api.w.org\/{rel}","templated":true}]}}