{"id":16120,"date":"2022-09-01T00:00:54","date_gmt":"2022-08-31T22:00:54","guid":{"rendered":"https:\/\/geschichte-hautnah.de\/www\/?p=16120"},"modified":"2019-12-13T19:52:03","modified_gmt":"2019-12-13T18:52:03","slug":"die-maenner-des-ersten-weltkrieges-teil-1-574-christian-standl","status":"publish","type":"post","link":"https:\/\/geschichte-hautnah.de\/www\/?p=16120","title":{"rendered":"Die M\u00e4nner des Ersten Weltkrieges \u2013 Teil 1.574: Christian Standl"},"content":{"rendered":"<p>Der Musketier Christian Standl stammte aus <a href=\"https:\/\/de.wikipedia.org\/wiki\/Triebenbach_(Laufen)\" target=\"_blank\" rel=\"noopener noreferrer\">Triebenbach<\/a>, heute ein Ortsteil der bayerischen Stadt <a href=\"https:\/\/de.wikipedia.org\/wiki\/Laufen_(Salzach)\" target=\"_blank\" rel=\"noopener noreferrer\">Laufen<\/a>, und war der Sohn eines Kleinbauern. Im Ersten Weltkrieg k\u00e4mpfte er in der 1. Kompanie des 16. bayerischen Infanterie-Regiments. Am 12.03.1915 fiel er im Alter von 20 Jahren w\u00e4hrend der Stellungsk\u00e4mpfe an der Somme.<\/p>\n<p>Die Lages des Grabes von Christian Standl ist heute unbekannt. Ich vermute jedoch, dass er gemeinsam mit Regimentskameraden, die im gleichen Zeitraum fielen, anonym in einem Massengrab auf dem Soldatenfriedhof <span data-sheets-value=\"{&quot;1&quot;:2,&quot;2&quot;:&quot;Illies&quot;}\" data-sheets-userformat=\"{&quot;2&quot;:1049089,&quot;3&quot;:{&quot;1&quot;:0},&quot;12&quot;:0,&quot;23&quot;:1}\" data-sheets-formula=\"=HYPERLINK(&quot;https:\/\/www.google.de\/maps\/place\/59480+Illies,+Frankreich\/@50.5643718,2.6913758,11z\/data=!4m5!3m4!1s0x47dd28cb799cd2a7:0x40af13e81646540!8m2!3d50.562049!4d2.831381&quot;;&quot;Illies&quot;)\"><a class=\"in-cell-link\" href=\"https:\/\/www.google.de\/maps\/place\/59480+Illies,+Frankreich\/@50.5643718,2.6913758,11z\/data=!4m5!3m4!1s0x47dd28cb799cd2a7:0x40af13e81646540!8m2!3d50.562049!4d2.831381\" target=\"_blank\" rel=\"noopener noreferrer\">Illies<\/a> begraben wurden, u. a.<\/span><\/p>\n<ul>\n<li>Leutnant Rudolf West, gefallen am 12.03.1915, begraben auf dem Soldatenfriedhof <span data-sheets-value=\"{&quot;1&quot;:2,&quot;2&quot;:&quot;Illies&quot;}\" data-sheets-userformat=\"{&quot;2&quot;:1049089,&quot;3&quot;:{&quot;1&quot;:0},&quot;12&quot;:0,&quot;23&quot;:1}\" data-sheets-formula=\"=HYPERLINK(&quot;https:\/\/www.google.de\/maps\/place\/59480+Illies,+Frankreich\/@50.5643718,2.6913758,11z\/data=!4m5!3m4!1s0x47dd28cb799cd2a7:0x40af13e81646540!8m2!3d50.562049!4d2.831381&quot;;&quot;Illies&quot;)\"><a class=\"in-cell-link\" href=\"https:\/\/www.google.de\/maps\/place\/59480+Illies,+Frankreich\/@50.5643718,2.6913758,11z\/data=!4m5!3m4!1s0x47dd28cb799cd2a7:0x40af13e81646540!8m2!3d50.562049!4d2.831381\" target=\"_blank\" rel=\"noopener noreferrer\">Illies<\/a> in Block 2 Grab 105;<\/span><\/li>\n<li>Leutnant Otto M\u00fcller, gefallen am 12.03.1915, begraben auf dem Soldatenfriedhof <span data-sheets-value=\"{&quot;1&quot;:2,&quot;2&quot;:&quot;Illies&quot;}\" data-sheets-userformat=\"{&quot;2&quot;:1049089,&quot;3&quot;:{&quot;1&quot;:0},&quot;12&quot;:0,&quot;23&quot;:1}\" data-sheets-formula=\"=HYPERLINK(&quot;https:\/\/www.google.de\/maps\/place\/59480+Illies,+Frankreich\/@50.5643718,2.6913758,11z\/data=!4m5!3m4!1s0x47dd28cb799cd2a7:0x40af13e81646540!8m2!3d50.562049!4d2.831381&quot;;&quot;Illies&quot;)\"><a class=\"in-cell-link\" href=\"https:\/\/www.google.de\/maps\/place\/59480+Illies,+Frankreich\/@50.5643718,2.6913758,11z\/data=!4m5!3m4!1s0x47dd28cb799cd2a7:0x40af13e81646540!8m2!3d50.562049!4d2.831381\" target=\"_blank\" rel=\"noopener noreferrer\">Illies<\/a> in Block 2 Grab 104;<\/span><\/li>\n<li>F\u00e4hnrich Georg Hochgesand, gefallen am 12.03.1915, begraben auf dem Soldatenfriedhof <span data-sheets-value=\"{&quot;1&quot;:2,&quot;2&quot;:&quot;Illies&quot;}\" data-sheets-userformat=\"{&quot;2&quot;:1049089,&quot;3&quot;:{&quot;1&quot;:0},&quot;12&quot;:0,&quot;23&quot;:1}\" data-sheets-formula=\"=HYPERLINK(&quot;https:\/\/www.google.de\/maps\/place\/59480+Illies,+Frankreich\/@50.5643718,2.6913758,11z\/data=!4m5!3m4!1s0x47dd28cb799cd2a7:0x40af13e81646540!8m2!3d50.562049!4d2.831381&quot;;&quot;Illies&quot;)\"><a class=\"in-cell-link\" href=\"https:\/\/www.google.de\/maps\/place\/59480+Illies,+Frankreich\/@50.5643718,2.6913758,11z\/data=!4m5!3m4!1s0x47dd28cb799cd2a7:0x40af13e81646540!8m2!3d50.562049!4d2.831381\" target=\"_blank\" rel=\"noopener noreferrer\">Illies<\/a> in Block 2 Grab 88.<\/span><\/li>\n<\/ul>\n<p>&nbsp;<\/p>\n<figure id=\"attachment_16087\" aria-describedby=\"caption-attachment-16087\" style=\"width: 465px\" class=\"wp-caption aligncenter\"><img loading=\"lazy\" decoding=\"async\" class=\"size-full wp-image-16087\" src=\"https:\/\/geschichte-hautnah.de\/www\/wp-content\/uploads\/2019\/12\/Christian_Standl_v.jpeg\" alt=\"\" width=\"465\" height=\"800\" srcset=\"https:\/\/geschichte-hautnah.de\/www\/wp-content\/uploads\/2019\/12\/Christian_Standl_v.jpeg 465w, https:\/\/geschichte-hautnah.de\/www\/wp-content\/uploads\/2019\/12\/Christian_Standl_v-174x300.jpeg 174w\" sizes=\"auto, (max-width: 465px) 100vw, 465px\" \/><figcaption id=\"caption-attachment-16087\" class=\"wp-caption-text\">Sterbebild von Christian Standl<\/figcaption><\/figure>\n<figure id=\"attachment_16086\" aria-describedby=\"caption-attachment-16086\" style=\"width: 465px\" class=\"wp-caption aligncenter\"><img loading=\"lazy\" decoding=\"async\" class=\"size-full wp-image-16086\" src=\"https:\/\/geschichte-hautnah.de\/www\/wp-content\/uploads\/2019\/12\/Christian_Standl_h.jpeg\" alt=\"\" width=\"465\" height=\"800\" srcset=\"https:\/\/geschichte-hautnah.de\/www\/wp-content\/uploads\/2019\/12\/Christian_Standl_h.jpeg 465w, https:\/\/geschichte-hautnah.de\/www\/wp-content\/uploads\/2019\/12\/Christian_Standl_h-174x300.jpeg 174w\" sizes=\"auto, (max-width: 465px) 100vw, 465px\" \/><figcaption id=\"caption-attachment-16086\" class=\"wp-caption-text\">R\u00fcckseite des Sterbebildes von Christian Standl<\/figcaption><\/figure>\n","protected":false},"excerpt":{"rendered":"<p>Der Musketier Christian Standl stammte aus Triebenbach, heute ein Ortsteil der bayerischen Stadt Laufen, und war der Sohn eines Kleinbauern. Im Ersten Weltkrieg k\u00e4mpfte er in der 1. Kompanie des 16. bayerischen Infanterie-Regiments. Am 12.03.1915 fiel er im Alter von 20 Jahren w\u00e4hrend der Stellungsk\u00e4mpfe an der Somme. Die Lages des Grabes von Christian Standl [&hellip;]<\/p>\n","protected":false},"author":2,"featured_media":0,"comment_status":"closed","ping_status":"closed","sticky":false,"template":"","format":"standard","meta":{"footnotes":"","_wp_rev_ctl_limit":""},"categories":[2,8,1876,651],"tags":[475,280,1366,36,551,1596,1272,92,320,631,2200,2781,211],"class_list":["post-16120","post","type-post","status-publish","format-standard","hentry","category-1-weltkrieg","category-sterbebilder","category-frankreich-1-weltkrieg","category-schlacht-an-der-somme","tag-16-bayerisches-infanterie-regiment","tag-anonym","tag-bayern","tag-frankreich","tag-guetlerssohn","tag-illies","tag-laufen-salzach","tag-massengrab","tag-musketier","tag-somme","tag-stellungskaempfe","tag-triebenbach","tag-vermisst"],"_links":{"self":[{"href":"https:\/\/geschichte-hautnah.de\/www\/index.php?rest_route=\/wp\/v2\/posts\/16120","targetHints":{"allow":["GET"]}}],"collection":[{"href":"https:\/\/geschichte-hautnah.de\/www\/index.php?rest_route=\/wp\/v2\/posts"}],"about":[{"href":"https:\/\/geschichte-hautnah.de\/www\/index.php?rest_route=\/wp\/v2\/types\/post"}],"author":[{"embeddable":true,"href":"https:\/\/geschichte-hautnah.de\/www\/index.php?rest_route=\/wp\/v2\/users\/2"}],"replies":[{"embeddable":true,"href":"https:\/\/geschichte-hautnah.de\/www\/index.php?rest_route=%2Fwp%2Fv2%2Fcomments&post=16120"}],"version-history":[{"count":5,"href":"https:\/\/geschichte-hautnah.de\/www\/index.php?rest_route=\/wp\/v2\/posts\/16120\/revisions"}],"predecessor-version":[{"id":16125,"href":"https:\/\/geschichte-hautnah.de\/www\/index.php?rest_route=\/wp\/v2\/posts\/16120\/revisions\/16125"}],"wp:attachment":[{"href":"https:\/\/geschichte-hautnah.de\/www\/index.php?rest_route=%2Fwp%2Fv2%2Fmedia&parent=16120"}],"wp:term":[{"taxonomy":"category","embeddable":true,"href":"https:\/\/geschichte-hautnah.de\/www\/index.php?rest_route=%2Fwp%2Fv2%2Fcategories&post=16120"},{"taxonomy":"post_tag","embeddable":true,"href":"https:\/\/geschichte-hautnah.de\/www\/index.php?rest_route=%2Fwp%2Fv2%2Ftags&post=16120"}],"curies":[{"name":"wp","href":"https:\/\/api.w.org\/{rel}","templated":true}]}}