{"id":16172,"date":"2022-09-07T00:00:06","date_gmt":"2022-09-06T22:00:06","guid":{"rendered":"https:\/\/geschichte-hautnah.de\/www\/?p=16172"},"modified":"2019-12-15T13:43:23","modified_gmt":"2019-12-15T12:43:23","slug":"die-maenner-des-zweiten-weltkrieges-teil-1-580-georg-knappich","status":"publish","type":"post","link":"https:\/\/geschichte-hautnah.de\/www\/?p=16172","title":{"rendered":"Die M\u00e4nner des Ersten Weltkrieges \u2013 Teil 1.580: Georg Knappich"},"content":{"rendered":"<p>Der Unteroffizier Georg Knappich wurde am 22.01.1880 im bayerischen <a href=\"https:\/\/de.wikipedia.org\/wiki\/P%C3%A4hl\" target=\"_blank\" rel=\"noopener noreferrer\">P\u00e4hl<\/a> geboren und war k\u00f6niglicher Postbote in <a href=\"https:\/\/de.wikipedia.org\/wiki\/Bernbeuren\" target=\"_blank\" rel=\"noopener noreferrer\">Bernbeuern<\/a>. Im Ersten Weltkrieg k\u00e4mpfte er im 26. bayerischen Infanterie-Regiment. Er wurde mit dem <a href=\"https:\/\/de.wikipedia.org\/wiki\/Eisernes_Kreuz#Erster_Weltkrieg\" target=\"_blank\" rel=\"noopener noreferrer\">Eisernen Kreuz 2. Klasse<\/a>, der <a href=\"https:\/\/de.wikipedia.org\/wiki\/Dienstauszeichnung\" target=\"_blank\" rel=\"noopener noreferrer\">Landwehrdienstauszeichnung<\/a> und mit der <a href=\"https:\/\/de.wikipedia.org\/wiki\/China-Denkm%C3%BCnze\" target=\"_blank\" rel=\"noopener noreferrer\">China-Denkm\u00fcnze<\/a> ausgezeichnet. Am 07.01.1917 fiel er im Alter von 36 Jahren bei Botesti in Rum\u00e4nien.<\/p>\n<p>\u00dcber den Todestag von Georg Knappich berichtet die Regimentsgeschichte des 26. bayerischen Infanterie-Regiments:<\/p>\n<blockquote><p><em>&#8222;b) Wegnahme des Milcovulabschnittes 07.01.1917<\/em><\/p>\n<p><em>Der urspr\u00fcnglich f\u00fcr 06.01.1917 befohlene Angriff unterblieb, er wurde f\u00fcr 07.01.1917 endg\u00fcltig angeordnet. Das Regiment stand an diesem Tage mit II. Bataillon rechts, I. Bataillon links, beide Bataillone in sich tief gegliedert zum Angriff bereit. Das Regiment hatte zun\u00e4chst den Auftrag, durch starkes Feuer aus MG und Minenwerfer den Feind frontal zu fesseln, w\u00e4hrend das 27. Infanterie-Regiment links von uns das Milcovultal \u00fcberschreiten und die feindliche Stellung nach rechts aufrollen sollte. Entsprechend dem Vorw\u00e4rtsschreiten des Angriffs beim 27. Infanterie-Regiment sollte das Regiment zeitgerecht zum Angriff antreten. Nach halbst\u00fcndigem Artillerie-Feuer begann 7.30 Uhr vormittags der Angriff. Um 8.30 Uhr vormittags erhielt das Regiment die Meldung, dass 27. Infanterie-Regiment die vorderste feindliche Linie genommen habe. Nunmehr beabsichtige der Regiments-Kommandeur mit dem linken Fl\u00fcgel-Bataillon (I.\/26.) die ostw\u00e4rts Kirche von Botesti zu gewinnen und von dort aus mit starken Teilen von rechts her die feindliche Stellung vor der Front des Regiments aufzurollen.<br \/>\nUm 8.45 Uhr vormittags trat das I. Bataillon zum Angriff auf Botesti an, die dadurch entstehende L\u00fccke wurde durch Postierungen ausgef\u00fcllt.<br \/>\nUm 10 Uhr vormittags erhielt das II. Bataillon den Befehl, nunmehr in losen Sch\u00fctzenlinien auf Pintecesti-Ost vorzugehen. Die vorgehenden Sch\u00fctzen erhielten jedoch aus der unersch\u00fctterten Feindstellung \u00fcberaus starkes Infanterie- und MG-Feuer und wurden zu Boden gezwungen.<br \/>\nPinteccesti West selbst lag dauernd unter starkem feindlichen Artillerie-Feuer.<br \/>\n<\/em><em>Um 01.30 Uhr meldete Hauptmann von Kuepach: &#8222;Der Feind hat zwischen den beiden Kirchen von Botesti und nordw\u00e4rts davon eine Abwehrflanke nach Nordwesten gebildet, Ausdehnung etwa 500 Meter, z\u00e4hester Widerstand!&#8220; Um diese Zeit wurde das 27. Infanterie-Regiment durch Brigade-Befehl zur Umfassung mit frontaler Unterst\u00fctzung der Gruppe Kuepach in Botesti bestimmt.<br \/>\nDer Regiments-Kommandeur begab sich nunmehr pers\u00f6nlich nach Botesti, um hier den Angriff selbst zu leiten. II. Bataillon erhielt Befehl, als selbst\u00e4ndige Gruppe weiterhin den Feind frontal durch Feuer zu fesseln.<br \/>\nUnter pers\u00f6nlicher F\u00fchrung des Regiments-Kommandeurs wurde nun am Sp\u00e4tnachmittag gegen 4.45 Uhr nachmittags Botesti in erbittertem H\u00e4userkampf vom Feinde ges\u00e4ubert. Das Regiment drang unter erheblichen Verlusten etwa 100 Meter \u00fcber die ostw\u00e4rtige Kirche von Botesti vor und grub sich dort ein. Der feindliche Widerstand hatte sich neuerdings verst\u00e4rkt, die Dunkelheit brach herein, Patrouillen f\u00fchlten an den Feind heran, der nachts\u00fcber zeitweise reges Infanterie- und MG-Feuer unterhielt.&#8220;<\/em><\/p><\/blockquote>\n<p>Am Ende dieser Aktion war Georg Knappicht tot.<\/p>\n<p><span data-sheets-value=\"{&quot;1&quot;:2,&quot;2&quot;:&quot;Tifesti-Frunzoaia&quot;}\" data-sheets-userformat=\"{&quot;2&quot;:1049345,&quot;3&quot;:{&quot;1&quot;:0},&quot;11&quot;:4,&quot;12&quot;:0,&quot;23&quot;:1}\" data-sheets-formula=\"=HYPERLINK(&quot;https:\/\/www.volksbund.de\/kriegsgraeberstaette\/tifesti-frunzoaia.html&quot;;&quot;Tifesti-Frunzoaia&quot;)\">Man begrub Georg Knappich auf dem Soldatenfriedehof <a class=\"in-cell-link\" href=\"https:\/\/www.volksbund.de\/kriegsgraeberstaette\/tifesti-frunzoaia.html\" target=\"_blank\" rel=\"noopener noreferrer\">Tifesti-Frunzoaia<\/a> in<\/span> Parzelle H, Grab 15.<\/p>\n<figure id=\"attachment_16158\" aria-describedby=\"caption-attachment-16158\" style=\"width: 488px\" class=\"wp-caption aligncenter\"><img loading=\"lazy\" decoding=\"async\" class=\"size-full wp-image-16158\" src=\"https:\/\/geschichte-hautnah.de\/www\/wp-content\/uploads\/2019\/12\/Georg_Knappich_v.jpeg\" alt=\"\" width=\"488\" height=\"800\" srcset=\"https:\/\/geschichte-hautnah.de\/www\/wp-content\/uploads\/2019\/12\/Georg_Knappich_v.jpeg 488w, https:\/\/geschichte-hautnah.de\/www\/wp-content\/uploads\/2019\/12\/Georg_Knappich_v-183x300.jpeg 183w\" sizes=\"auto, (max-width: 488px) 100vw, 488px\" \/><figcaption id=\"caption-attachment-16158\" class=\"wp-caption-text\">Sterbebild von Georg Knappich<\/figcaption><\/figure>\n<figure id=\"attachment_16157\" aria-describedby=\"caption-attachment-16157\" style=\"width: 488px\" class=\"wp-caption aligncenter\"><img loading=\"lazy\" decoding=\"async\" class=\"size-full wp-image-16157\" src=\"https:\/\/geschichte-hautnah.de\/www\/wp-content\/uploads\/2019\/12\/Georg_Knappich_h.jpeg\" alt=\"\" width=\"488\" height=\"800\" srcset=\"https:\/\/geschichte-hautnah.de\/www\/wp-content\/uploads\/2019\/12\/Georg_Knappich_h.jpeg 488w, https:\/\/geschichte-hautnah.de\/www\/wp-content\/uploads\/2019\/12\/Georg_Knappich_h-183x300.jpeg 183w\" sizes=\"auto, (max-width: 488px) 100vw, 488px\" \/><figcaption id=\"caption-attachment-16157\" class=\"wp-caption-text\">R\u00fcckseite des Sterbebildes von Georg Knappich<\/figcaption><\/figure>\n","protected":false},"excerpt":{"rendered":"<p>Der Unteroffizier Georg Knappich wurde am 22.01.1880 im bayerischen P\u00e4hl geboren und war k\u00f6niglicher Postbote in Bernbeuern. Im Ersten Weltkrieg k\u00e4mpfte er im 26. bayerischen Infanterie-Regiment. Er wurde mit dem Eisernen Kreuz 2. Klasse, der Landwehrdienstauszeichnung und mit der China-Denkm\u00fcnze ausgezeichnet. Am 07.01.1917 fiel er im Alter von 36 Jahren bei Botesti in Rum\u00e4nien. \u00dcber [&hellip;]<\/p>\n","protected":false},"author":2,"featured_media":0,"comment_status":"closed","ping_status":"closed","sticky":false,"template":"","format":"standard","meta":{"footnotes":"","_wp_rev_ctl_limit":""},"categories":[2,8,1875],"tags":[1359,380,4759,112,4219,4758,1213,1879,1889,101],"class_list":["post-16172","post","type-post","status-publish","format-standard","hentry","category-1-weltkrieg","category-sterbebilder","category-rumaenien","tag-26-bayerisches-infanterie-regiment","tag-bernbeuren","tag-china-gedenkmuenze","tag-eisernes-kreuz-2-klasse","tag-landwehr-dienst-auszeichnung-2-klasse","tag-paehl","tag-postbote","tag-rumaenien","tag-tifesti-frunzoaia","tag-unteroffizier"],"_links":{"self":[{"href":"https:\/\/geschichte-hautnah.de\/www\/index.php?rest_route=\/wp\/v2\/posts\/16172","targetHints":{"allow":["GET"]}}],"collection":[{"href":"https:\/\/geschichte-hautnah.de\/www\/index.php?rest_route=\/wp\/v2\/posts"}],"about":[{"href":"https:\/\/geschichte-hautnah.de\/www\/index.php?rest_route=\/wp\/v2\/types\/post"}],"author":[{"embeddable":true,"href":"https:\/\/geschichte-hautnah.de\/www\/index.php?rest_route=\/wp\/v2\/users\/2"}],"replies":[{"embeddable":true,"href":"https:\/\/geschichte-hautnah.de\/www\/index.php?rest_route=%2Fwp%2Fv2%2Fcomments&post=16172"}],"version-history":[{"count":9,"href":"https:\/\/geschichte-hautnah.de\/www\/index.php?rest_route=\/wp\/v2\/posts\/16172\/revisions"}],"predecessor-version":[{"id":16187,"href":"https:\/\/geschichte-hautnah.de\/www\/index.php?rest_route=\/wp\/v2\/posts\/16172\/revisions\/16187"}],"wp:attachment":[{"href":"https:\/\/geschichte-hautnah.de\/www\/index.php?rest_route=%2Fwp%2Fv2%2Fmedia&parent=16172"}],"wp:term":[{"taxonomy":"category","embeddable":true,"href":"https:\/\/geschichte-hautnah.de\/www\/index.php?rest_route=%2Fwp%2Fv2%2Fcategories&post=16172"},{"taxonomy":"post_tag","embeddable":true,"href":"https:\/\/geschichte-hautnah.de\/www\/index.php?rest_route=%2Fwp%2Fv2%2Ftags&post=16172"}],"curies":[{"name":"wp","href":"https:\/\/api.w.org\/{rel}","templated":true}]}}