{"id":16384,"date":"2022-09-23T00:00:31","date_gmt":"2022-09-22T22:00:31","guid":{"rendered":"https:\/\/geschichte-hautnah.de\/www\/?p=16384"},"modified":"2019-12-18T12:46:23","modified_gmt":"2019-12-18T11:46:23","slug":"die-maenner-des-zweiten-weltkrieges-teil-1-596-hans-tissen","status":"publish","type":"post","link":"https:\/\/geschichte-hautnah.de\/www\/?p=16384","title":{"rendered":"Die M\u00e4nner des Zweiten Weltkrieges \u2013 Teil 1.596: Hans Tissen"},"content":{"rendered":"<p>Der Leutnant Hans Tissen wurde am 12.10.1920 in <a href=\"https:\/\/de.wikipedia.org\/wiki\/Kranenburg_(Niederrhein)\" target=\"_blank\" rel=\"noopener noreferrer\">Kranenburg<\/a> geboren, im heutigen Nordrhein-Westfalen. Im Zweiten Weltkrieg diente er in einer Stabsbatterie und wurde mit dem <a href=\"https:\/\/de.wikipedia.org\/wiki\/Kriegsverdienstkreuz\" target=\"_blank\" rel=\"noopener noreferrer\">Kriegsverdienstkreuz<\/a> ausgezeichnet. Am 29.11.1944 fiel er im Alter von 24 Jahren durch einen Granatsplitter.<\/p>\n<p>Zun\u00e4chst wurde Hans Tissen in <a href=\"https:\/\/de.wikipedia.org\/wiki\/Bitschwiller-l%C3%A8s-Thann\" target=\"_blank\" rel=\"noopener noreferrer\">Bitschweiler<\/a> begraben (franz\u00f6sisch: Bitschwiller-l\u00e8s-Thann). Sp\u00e4ter wurde sein Leichnam auf den Soldatenfriedhof <span data-sheets-value=\"{&quot;1&quot;:2,&quot;2&quot;:&quot;Cernay&quot;}\" data-sheets-userformat=\"{&quot;2&quot;:1049089,&quot;3&quot;:{&quot;1&quot;:0},&quot;12&quot;:0,&quot;23&quot;:1}\" data-sheets-formula=\"=HYPERLINK(&quot;https:\/\/goo.gl\/maps\/bJCyhRPnUgD2&quot;;&quot;Cernay&quot;)\" data-sheets-hyperlink=\"https:\/\/goo.gl\/maps\/bJCyhRPnUgD2\"><a class=\"in-cell-link\" href=\"https:\/\/goo.gl\/maps\/bJCyhRPnUgD2\" target=\"_blank\" rel=\"noopener noreferrer\">Cernay<\/a> in<\/span> Block 13, Reihe 5, Grab 103 umgebettet.<\/p>\n<p>Seine Heimatgemeinde Kranenburg gedenkt Hans Tissen noch heute auf einem Denkmal: <a href=\"http:\/\/www.denkmalprojekt.org\/dkm_deutschland\/kranenburg_wk1u2_nrw.htm\" target=\"_blank\" rel=\"noopener noreferrer\">http:\/\/www.denkmalprojekt.org\/dkm_deutschland\/kranenburg_wk1u2_nrw.htm<\/a><\/p>\n<figure id=\"attachment_16342\" aria-describedby=\"caption-attachment-16342\" style=\"width: 513px\" class=\"wp-caption aligncenter\"><img loading=\"lazy\" decoding=\"async\" class=\"size-full wp-image-16342\" src=\"https:\/\/geschichte-hautnah.de\/www\/wp-content\/uploads\/2019\/12\/Hans_Tissens_v.jpeg\" alt=\"\" width=\"513\" height=\"800\" srcset=\"https:\/\/geschichte-hautnah.de\/www\/wp-content\/uploads\/2019\/12\/Hans_Tissens_v.jpeg 513w, https:\/\/geschichte-hautnah.de\/www\/wp-content\/uploads\/2019\/12\/Hans_Tissens_v-192x300.jpeg 192w\" sizes=\"auto, (max-width: 513px) 100vw, 513px\" \/><figcaption id=\"caption-attachment-16342\" class=\"wp-caption-text\">Sterbebild von Hans Tissen<\/figcaption><\/figure>\n<figure id=\"attachment_16341\" aria-describedby=\"caption-attachment-16341\" style=\"width: 513px\" class=\"wp-caption aligncenter\"><img loading=\"lazy\" decoding=\"async\" class=\"size-full wp-image-16341\" src=\"https:\/\/geschichte-hautnah.de\/www\/wp-content\/uploads\/2019\/12\/Hans_Tissens_h.jpeg\" alt=\"\" width=\"513\" height=\"800\" srcset=\"https:\/\/geschichte-hautnah.de\/www\/wp-content\/uploads\/2019\/12\/Hans_Tissens_h.jpeg 513w, https:\/\/geschichte-hautnah.de\/www\/wp-content\/uploads\/2019\/12\/Hans_Tissens_h-192x300.jpeg 192w\" sizes=\"auto, (max-width: 513px) 100vw, 513px\" \/><figcaption id=\"caption-attachment-16341\" class=\"wp-caption-text\">R\u00fcckseite des Sterbebildes von Hans Tissen<\/figcaption><\/figure>\n","protected":false},"excerpt":{"rendered":"<p>Der Leutnant Hans Tissen wurde am 12.10.1920 in Kranenburg geboren, im heutigen Nordrhein-Westfalen. Im Zweiten Weltkrieg diente er in einer Stabsbatterie und wurde mit dem Kriegsverdienstkreuz ausgezeichnet. Am 29.11.1944 fiel er im Alter von 24 Jahren durch einen Granatsplitter. Zun\u00e4chst wurde Hans Tissen in Bitschweiler begraben (franz\u00f6sisch: Bitschwiller-l\u00e8s-Thann). Sp\u00e4ter wurde sein Leichnam auf den Soldatenfriedhof [&hellip;]<\/p>\n","protected":false},"author":2,"featured_media":0,"comment_status":"closed","ping_status":"closed","sticky":false,"template":"","format":"standard","meta":{"footnotes":"","_wp_rev_ctl_limit":""},"categories":[3,812],"tags":[4800,4801,217,33,36,132,4802,1641,565,2609,2646],"class_list":["post-16384","post","type-post","status-publish","format-standard","hentry","category-2-weltkrieg","category-frankreich","tag-bitschweiler","tag-bitschwiller-les-thann","tag-denkmal","tag-elsass","tag-frankreich","tag-granatsplitter","tag-kranenburg","tag-kriegsverdienstkreuz","tag-leutnant","tag-nordrhein-westfalen","tag-umbettung"],"_links":{"self":[{"href":"https:\/\/geschichte-hautnah.de\/www\/index.php?rest_route=\/wp\/v2\/posts\/16384","targetHints":{"allow":["GET"]}}],"collection":[{"href":"https:\/\/geschichte-hautnah.de\/www\/index.php?rest_route=\/wp\/v2\/posts"}],"about":[{"href":"https:\/\/geschichte-hautnah.de\/www\/index.php?rest_route=\/wp\/v2\/types\/post"}],"author":[{"embeddable":true,"href":"https:\/\/geschichte-hautnah.de\/www\/index.php?rest_route=\/wp\/v2\/users\/2"}],"replies":[{"embeddable":true,"href":"https:\/\/geschichte-hautnah.de\/www\/index.php?rest_route=%2Fwp%2Fv2%2Fcomments&post=16384"}],"version-history":[{"count":4,"href":"https:\/\/geschichte-hautnah.de\/www\/index.php?rest_route=\/wp\/v2\/posts\/16384\/revisions"}],"predecessor-version":[{"id":16388,"href":"https:\/\/geschichte-hautnah.de\/www\/index.php?rest_route=\/wp\/v2\/posts\/16384\/revisions\/16388"}],"wp:attachment":[{"href":"https:\/\/geschichte-hautnah.de\/www\/index.php?rest_route=%2Fwp%2Fv2%2Fmedia&parent=16384"}],"wp:term":[{"taxonomy":"category","embeddable":true,"href":"https:\/\/geschichte-hautnah.de\/www\/index.php?rest_route=%2Fwp%2Fv2%2Fcategories&post=16384"},{"taxonomy":"post_tag","embeddable":true,"href":"https:\/\/geschichte-hautnah.de\/www\/index.php?rest_route=%2Fwp%2Fv2%2Ftags&post=16384"}],"curies":[{"name":"wp","href":"https:\/\/api.w.org\/{rel}","templated":true}]}}