{"id":16794,"date":"2022-11-12T00:00:53","date_gmt":"2022-11-11T23:00:53","guid":{"rendered":"https:\/\/geschichte-hautnah.de\/www\/?p=16794"},"modified":"2019-12-23T17:21:44","modified_gmt":"2019-12-23T16:21:44","slug":"die-maenner-des-ersten-weltkrieges-teil-1-646-alois-schacherbauer","status":"publish","type":"post","link":"https:\/\/geschichte-hautnah.de\/www\/?p=16794","title":{"rendered":"Die M\u00e4nner des Ersten Weltkrieges \u2013 Teil 1.646: Alois Schacherbauer"},"content":{"rendered":"<p>Der Soldat Alois Schacherbauer stammte aus <a href=\"https:\/\/de.wikipedia.org\/wiki\/Ranshofen_(Gemeinde_Braunau)\" target=\"_blank\" rel=\"noopener noreferrer\">Ranshofen<\/a>, einem Ortsteil der \u00f6sterreichischen Stadt <a href=\"https:\/\/de.wikipedia.org\/wiki\/Braunau_am_Inn\" target=\"_blank\" rel=\"noopener noreferrer\">Braunau am Inn<\/a>, aus der der deutsche Diktator Adolf Hitler stammte. Im Ersten Weltkrieg k\u00e4mpfte der \u00d6sterreicher im 59. kaiserlich und k\u00f6niglichen Infanterie-Regiment als Infanterist. Am 17.11.1914 fiel er im Alter von 32 Jahren bei Krakau w\u00e4hrend eines Sturmangriffs.<\/p>\n<p>Die Grablage von Alois Schacherbauer konnte ich nicht ermitteln.<\/p>\n<figure id=\"attachment_16698\" aria-describedby=\"caption-attachment-16698\" style=\"width: 494px\" class=\"wp-caption aligncenter\"><img loading=\"lazy\" decoding=\"async\" class=\"size-full wp-image-16698\" src=\"https:\/\/geschichte-hautnah.de\/www\/wp-content\/uploads\/2019\/12\/Alois_Schacherbauer_v.jpeg\" alt=\"\" width=\"494\" height=\"800\" srcset=\"https:\/\/geschichte-hautnah.de\/www\/wp-content\/uploads\/2019\/12\/Alois_Schacherbauer_v.jpeg 494w, https:\/\/geschichte-hautnah.de\/www\/wp-content\/uploads\/2019\/12\/Alois_Schacherbauer_v-185x300.jpeg 185w\" sizes=\"auto, (max-width: 494px) 100vw, 494px\" \/><figcaption id=\"caption-attachment-16698\" class=\"wp-caption-text\">Sterbebild von Alois Schacherbauer<\/figcaption><\/figure>\n<figure id=\"attachment_16697\" aria-describedby=\"caption-attachment-16697\" style=\"width: 494px\" class=\"wp-caption aligncenter\"><img loading=\"lazy\" decoding=\"async\" class=\"size-full wp-image-16697\" src=\"https:\/\/geschichte-hautnah.de\/www\/wp-content\/uploads\/2019\/12\/Alois_Schacherbauer_h.jpeg\" alt=\"\" width=\"494\" height=\"800\" srcset=\"https:\/\/geschichte-hautnah.de\/www\/wp-content\/uploads\/2019\/12\/Alois_Schacherbauer_h.jpeg 494w, https:\/\/geschichte-hautnah.de\/www\/wp-content\/uploads\/2019\/12\/Alois_Schacherbauer_h-185x300.jpeg 185w\" sizes=\"auto, (max-width: 494px) 100vw, 494px\" \/><figcaption id=\"caption-attachment-16697\" class=\"wp-caption-text\">R\u00fcckseite des Sterbebildes von Alois Schacherbauer<\/figcaption><\/figure>\n","protected":false},"excerpt":{"rendered":"<p>Der Soldat Alois Schacherbauer stammte aus Ranshofen, einem Ortsteil der \u00f6sterreichischen Stadt Braunau am Inn, aus der der deutsche Diktator Adolf Hitler stammte. Im Ersten Weltkrieg k\u00e4mpfte der \u00d6sterreicher im 59. kaiserlich und k\u00f6niglichen Infanterie-Regiment als Infanterist. Am 17.11.1914 fiel er im Alter von 32 Jahren bei Krakau w\u00e4hrend eines Sturmangriffs. Die Grablage von Alois [&hellip;]<\/p>\n","protected":false},"author":2,"featured_media":0,"comment_status":"closed","ping_status":"closed","sticky":false,"template":"","format":"standard","meta":{"footnotes":"","_wp_rev_ctl_limit":""},"categories":[2,8,1897,2355],"tags":[2408,1090,4912,97,4913,815,2017,4911,301,99],"class_list":["post-16794","post","type-post","status-publish","format-standard","hentry","category-1-weltkrieg","category-sterbebilder","category-galizien-polen","category-oesterreicher","tag-59-k-u-k-infanterie-regiment","tag-adolf-hitler","tag-braunau-am-inn","tag-infanterist","tag-krakau","tag-oesterreicher","tag-polen","tag-ranshofen","tag-sturmangriff","tag-unbekannte-grablage"],"_links":{"self":[{"href":"https:\/\/geschichte-hautnah.de\/www\/index.php?rest_route=\/wp\/v2\/posts\/16794","targetHints":{"allow":["GET"]}}],"collection":[{"href":"https:\/\/geschichte-hautnah.de\/www\/index.php?rest_route=\/wp\/v2\/posts"}],"about":[{"href":"https:\/\/geschichte-hautnah.de\/www\/index.php?rest_route=\/wp\/v2\/types\/post"}],"author":[{"embeddable":true,"href":"https:\/\/geschichte-hautnah.de\/www\/index.php?rest_route=\/wp\/v2\/users\/2"}],"replies":[{"embeddable":true,"href":"https:\/\/geschichte-hautnah.de\/www\/index.php?rest_route=%2Fwp%2Fv2%2Fcomments&post=16794"}],"version-history":[{"count":4,"href":"https:\/\/geschichte-hautnah.de\/www\/index.php?rest_route=\/wp\/v2\/posts\/16794\/revisions"}],"predecessor-version":[{"id":16798,"href":"https:\/\/geschichte-hautnah.de\/www\/index.php?rest_route=\/wp\/v2\/posts\/16794\/revisions\/16798"}],"wp:attachment":[{"href":"https:\/\/geschichte-hautnah.de\/www\/index.php?rest_route=%2Fwp%2Fv2%2Fmedia&parent=16794"}],"wp:term":[{"taxonomy":"category","embeddable":true,"href":"https:\/\/geschichte-hautnah.de\/www\/index.php?rest_route=%2Fwp%2Fv2%2Fcategories&post=16794"},{"taxonomy":"post_tag","embeddable":true,"href":"https:\/\/geschichte-hautnah.de\/www\/index.php?rest_route=%2Fwp%2Fv2%2Ftags&post=16794"}],"curies":[{"name":"wp","href":"https:\/\/api.w.org\/{rel}","templated":true}]}}