{"id":17044,"date":"2022-12-12T00:00:24","date_gmt":"2022-12-11T23:00:24","guid":{"rendered":"https:\/\/geschichte-hautnah.de\/www\/?p=17044"},"modified":"2019-12-27T14:09:39","modified_gmt":"2019-12-27T13:09:39","slug":"die-maenner-des-ersten-weltkrieges-teil-1-676-blasius-schretzlmaier","status":"publish","type":"post","link":"https:\/\/geschichte-hautnah.de\/www\/?p=17044","title":{"rendered":"Die M\u00e4nner des Ersten Weltkrieges \u2013 Teil 1.676: Blasius Schretzlmaier"},"content":{"rendered":"<p>Der Soldat Blasius Schretzlmaier stammte aus <a href=\"https:\/\/de.wikipedia.org\/wiki\/Fahlenbach\" target=\"_blank\" rel=\"noopener noreferrer\">Fahlenbach<\/a>, heute ein Ortsteil der bayerischen Gemeinde <a href=\"https:\/\/de.wikipedia.org\/wiki\/Rohrbach_(Ilm)\" target=\"_blank\" rel=\"noopener noreferrer\">Rohrbach (Ilm)<\/a> und war Hafnergehilfe (T\u00f6pfer oder Ofenbauer). Im Ersten Weltkrieg k\u00e4mpfte er in der 8. Kompanie des 10. bayerischen Infanterie-Regiments als Gefreiter und Gruppenf\u00fchrer. Er wurde mit dem bayerischen Milit\u00e4rverdienstkreuz 3. Klasse ausgezeichnet. Am 21.03.1918 fiel er im Alter von 28 Jahren w\u00e4hrend der Gro\u00dfen Schlacht in Frankreich bei <a href=\"https:\/\/de.wikipedia.org\/wiki\/%C3%89court-Saint-Quentin\" target=\"_blank\" rel=\"noopener noreferrer\">\u00c9court-Saint-Quentin<\/a>.<\/p>\n<p>Offiziell ist f\u00fcr Blasius Schretzlmeier keine Grablage bekannt. Es liegt jedoch nahe, dass er auf dem neben seinem Todesort befindlichen Soldatenfriedhof <a href=\"https:\/\/de.wikipedia.org\/wiki\/%C3%89court-Saint-Quentin\" target=\"_blank\" rel=\"noopener noreferrer\">\u00c9court-Saint-Quentin<\/a> beigesetzt wurde, wo auch andere Soldaten begraben wurden, die in der N\u00e4he im gleichen Zeitraum fielen, u. a. Kanonier Hermann Fl\u00f6ring, gefallen am 07.03.1916, begraben auf dem Soldatenfriedhof <a href=\"https:\/\/de.wikipedia.org\/wiki\/%C3%89court-Saint-Quentin\" target=\"_blank\" rel=\"noopener noreferrer\">\u00c9court-Saint-Quentin<\/a> in Block 2, Grab 311; Kanonier Josef Fellner, gefallen am 20.07.1918, begraben auf dem Soldatenfriedhof <a href=\"https:\/\/de.wikipedia.org\/wiki\/%C3%89court-Saint-Quentin\" target=\"_blank\" rel=\"noopener noreferrer\">\u00c9court-Saint-Quentin<\/a> in Block 7, Grab 94.<\/p>\n<p>&nbsp;<\/p>\n<figure id=\"attachment_17001\" aria-describedby=\"caption-attachment-17001\" style=\"width: 508px\" class=\"wp-caption aligncenter\"><img loading=\"lazy\" decoding=\"async\" class=\"size-full wp-image-17001\" src=\"https:\/\/geschichte-hautnah.de\/www\/wp-content\/uploads\/2019\/12\/Blasius_Schretzlmaier_v.jpeg\" alt=\"\" width=\"508\" height=\"800\" srcset=\"https:\/\/geschichte-hautnah.de\/www\/wp-content\/uploads\/2019\/12\/Blasius_Schretzlmaier_v.jpeg 508w, https:\/\/geschichte-hautnah.de\/www\/wp-content\/uploads\/2019\/12\/Blasius_Schretzlmaier_v-191x300.jpeg 191w\" sizes=\"auto, (max-width: 508px) 100vw, 508px\" \/><figcaption id=\"caption-attachment-17001\" class=\"wp-caption-text\">Sterbebild von Blasius Schretzlmaier<\/figcaption><\/figure>\n<figure id=\"attachment_17000\" aria-describedby=\"caption-attachment-17000\" style=\"width: 508px\" class=\"wp-caption aligncenter\"><img loading=\"lazy\" decoding=\"async\" class=\"size-full wp-image-17000\" src=\"https:\/\/geschichte-hautnah.de\/www\/wp-content\/uploads\/2019\/12\/Blasius_Schretzlmaier_h.jpeg\" alt=\"\" width=\"508\" height=\"800\" srcset=\"https:\/\/geschichte-hautnah.de\/www\/wp-content\/uploads\/2019\/12\/Blasius_Schretzlmaier_h.jpeg 508w, https:\/\/geschichte-hautnah.de\/www\/wp-content\/uploads\/2019\/12\/Blasius_Schretzlmaier_h-191x300.jpeg 191w\" sizes=\"auto, (max-width: 508px) 100vw, 508px\" \/><figcaption id=\"caption-attachment-17000\" class=\"wp-caption-text\">R\u00fcckseite des Sterbebildes von Blasius Schretzlmaier<\/figcaption><\/figure>\n","protected":false},"excerpt":{"rendered":"<p>Der Soldat Blasius Schretzlmaier stammte aus Fahlenbach, heute ein Ortsteil der bayerischen Gemeinde Rohrbach (Ilm) und war Hafnergehilfe (T\u00f6pfer oder Ofenbauer). Im Ersten Weltkrieg k\u00e4mpfte er in der 8. Kompanie des 10. bayerischen Infanterie-Regiments als Gefreiter und Gruppenf\u00fchrer. Er wurde mit dem bayerischen Milit\u00e4rverdienstkreuz 3. Klasse ausgezeichnet. Am 21.03.1918 fiel er im Alter von 28 [&hellip;]<\/p>\n","protected":false},"author":2,"featured_media":0,"comment_status":"closed","ping_status":"closed","sticky":false,"template":"","format":"standard","meta":{"footnotes":"","_wp_rev_ctl_limit":""},"categories":[2,8,1876,854],"tags":[1366,4960,4966,4967,4961,4962,560,4964,4965,4963,3142],"class_list":["post-17044","post","type-post","status-publish","format-standard","hentry","category-1-weltkrieg","category-sterbebilder","category-frankreich-1-weltkrieg","category-st-quentin","tag-bayern","tag-ecourt","tag-ecourt-saint-quentin","tag-ecourt-st-quentin","tag-fahlenbach","tag-hafnergehilfe","tag-militaerverdienstkreuz-3-klasse","tag-ofenbauergeselle","tag-rohrbach-ilm","tag-toepfergehilfe","tag-unbakannte-grablage"],"_links":{"self":[{"href":"https:\/\/geschichte-hautnah.de\/www\/index.php?rest_route=\/wp\/v2\/posts\/17044","targetHints":{"allow":["GET"]}}],"collection":[{"href":"https:\/\/geschichte-hautnah.de\/www\/index.php?rest_route=\/wp\/v2\/posts"}],"about":[{"href":"https:\/\/geschichte-hautnah.de\/www\/index.php?rest_route=\/wp\/v2\/types\/post"}],"author":[{"embeddable":true,"href":"https:\/\/geschichte-hautnah.de\/www\/index.php?rest_route=\/wp\/v2\/users\/2"}],"replies":[{"embeddable":true,"href":"https:\/\/geschichte-hautnah.de\/www\/index.php?rest_route=%2Fwp%2Fv2%2Fcomments&post=17044"}],"version-history":[{"count":5,"href":"https:\/\/geschichte-hautnah.de\/www\/index.php?rest_route=\/wp\/v2\/posts\/17044\/revisions"}],"predecessor-version":[{"id":17049,"href":"https:\/\/geschichte-hautnah.de\/www\/index.php?rest_route=\/wp\/v2\/posts\/17044\/revisions\/17049"}],"wp:attachment":[{"href":"https:\/\/geschichte-hautnah.de\/www\/index.php?rest_route=%2Fwp%2Fv2%2Fmedia&parent=17044"}],"wp:term":[{"taxonomy":"category","embeddable":true,"href":"https:\/\/geschichte-hautnah.de\/www\/index.php?rest_route=%2Fwp%2Fv2%2Fcategories&post=17044"},{"taxonomy":"post_tag","embeddable":true,"href":"https:\/\/geschichte-hautnah.de\/www\/index.php?rest_route=%2Fwp%2Fv2%2Ftags&post=17044"}],"curies":[{"name":"wp","href":"https:\/\/api.w.org\/{rel}","templated":true}]}}