{"id":17187,"date":"2022-12-29T00:00:28","date_gmt":"2022-12-28T23:00:28","guid":{"rendered":"https:\/\/geschichte-hautnah.de\/www\/?p=17187"},"modified":"2019-12-28T18:14:10","modified_gmt":"2019-12-28T17:14:10","slug":"die-maenner-des-ersten-weltkrieges-teil-1-693-josef-luxenburger","status":"publish","type":"post","link":"https:\/\/geschichte-hautnah.de\/www\/?p=17187","title":{"rendered":"Die M\u00e4nner des Ersten Weltkrieges \u2013 Teil 1.693: Josef Luxenburger"},"content":{"rendered":"<p>Der Ersatz-Reservist Josef Luxenburger stammte aus Hirnsberg, heute ein Ortsteil der bayerischen Gemeinde <a href=\"https:\/\/de.wikipedia.org\/wiki\/Wolnzach\" target=\"_blank\" rel=\"noopener noreferrer\">Wolnzach,<\/a> und war der Sohn eines Landwirts. Im Ersten Weltkrieg diente er in der 6. Kompanie des 21. bayerischen Reserve-Infanterie-Regiments. Am 20.11.1915 fiel er im Alter von 29 Jahren bei <a href=\"https:\/\/de.wikipedia.org\/wiki\/Fromelles\" target=\"_blank\" rel=\"noopener noreferrer\">Fromelles<\/a> w\u00e4hrend der Stellungsk\u00e4mpfe in Franz\u00f6sisch Flandern durch Kopfschuss.<\/p>\n<p>\u00dcber den Todestag von Josef Luxenburger schreibt die Regimentsgeschichte des 21. bayerischen Reserve-Infanterie-Regiments:<\/p>\n<blockquote><p><em>20.11.1915 Wiederabl\u00f6sung des Reserve-Infanterie-Regiments 64 durch Reserve-Infanterie-Regiment 21. Leider scheint der Gegner davon Kenntnis zu bekommen haben, denn alle Stellungsteile und die Verbindungswege werden wiederholt mit Feuer\u00fcberf\u00e4llen belegt, was uns 2 Tote und 6 Verwundete kostet. Der seit Oktober niedergehende Regen hat au\u00dferordentlich st\u00f6rend gewirkt, zumal das Reserve-Infanterie-Regiment 64 in der Bek\u00e4mpfung des Wassers noch unge\u00fcbt war. Der nicht verschalte, sondern nur aus Sandsackw\u00e4llen bestehende Inselst\u00fctzpunkt ist in sich zusammengesunken. Mit Ausnahme des Depot- und des Etappengrabens steht in allen Verbindungswegen Wasser. Gl\u00fccklicherweise scheint auch der Gegner sehr unter den Wasserverh\u00e4ltnissen zu leiden, denn sein Feuer, besonders das der Infanterie, l\u00e4sst auffalend nach. Auch seine Artillerie schie\u00dft fast nur noch aus flankierender Richtung gegen die zwei erw\u00e4hnten Verbindungsgr\u00e4ben und gegen unsere Pionier-Ger\u00e4teniederlage am &#8222;Christuskreuz&#8220;. Die Besetzung ist die gleiche wie fr\u00fcher.&#8220;<\/em><\/p><\/blockquote>\n<p><span data-sheets-value=\"{&quot;1&quot;:2,&quot;2&quot;:&quot;Beaucamps-Ligny&quot;}\" data-sheets-userformat=\"{&quot;2&quot;:1049089,&quot;3&quot;:{&quot;1&quot;:0},&quot;12&quot;:0,&quot;23&quot;:1}\" data-sheets-formula=\"=HYPERLINK(&quot;https:\/\/www.google.de\/maps\/place\/59134+Beaucamps-Ligny,+Frankreich\/@50.6037169,2.7752722,11z\/data=!4m5!3m4!1s0x47dd2a328f128ba9:0x40af13e81647580!8m2!3d50.6083209!4d2.915517&quot;;&quot;Beaucamps-Ligny&quot;)\" data-sheets-hyperlink=\"https:\/\/www.google.de\/maps\/place\/59134+Beaucamps-Ligny,+Frankreich\/@50.6037169,2.7752722,11z\/data=!4m5!3m4!1s0x47dd2a328f128ba9:0x40af13e81647580!8m2!3d50.6083209!4d2.915517\">Man begrub Josef Luxenburger auf dem Soldatenfriedhof <a class=\"in-cell-link\" href=\"https:\/\/www.google.de\/maps\/place\/59134+Beaucamps-Ligny,+Frankreich\/@50.6037169,2.7752722,11z\/data=!4m5!3m4!1s0x47dd2a328f128ba9:0x40af13e81647580!8m2!3d50.6083209!4d2.915517\" target=\"_blank\" rel=\"noopener noreferrer\">Beaucamps-Ligny<\/a> in<\/span> Block 3, Grab 104.<\/p>\n<figure id=\"attachment_17137\" aria-describedby=\"caption-attachment-17137\" style=\"width: 800px\" class=\"wp-caption aligncenter\"><img loading=\"lazy\" decoding=\"async\" class=\"size-full wp-image-17137\" src=\"https:\/\/geschichte-hautnah.de\/www\/wp-content\/uploads\/2019\/12\/Josef_Luxenburger_v.jpeg\" alt=\"\" width=\"800\" height=\"650\" srcset=\"https:\/\/geschichte-hautnah.de\/www\/wp-content\/uploads\/2019\/12\/Josef_Luxenburger_v.jpeg 800w, https:\/\/geschichte-hautnah.de\/www\/wp-content\/uploads\/2019\/12\/Josef_Luxenburger_v-300x244.jpeg 300w, https:\/\/geschichte-hautnah.de\/www\/wp-content\/uploads\/2019\/12\/Josef_Luxenburger_v-768x624.jpeg 768w\" sizes=\"auto, (max-width: 800px) 100vw, 800px\" \/><figcaption id=\"caption-attachment-17137\" class=\"wp-caption-text\">Sterbebild von Josef Luxenburger<\/figcaption><\/figure>\n<figure id=\"attachment_17136\" aria-describedby=\"caption-attachment-17136\" style=\"width: 800px\" class=\"wp-caption aligncenter\"><img loading=\"lazy\" decoding=\"async\" class=\"size-full wp-image-17136\" src=\"https:\/\/geschichte-hautnah.de\/www\/wp-content\/uploads\/2019\/12\/Josef_Luxenburger_h.jpeg\" alt=\"\" width=\"800\" height=\"650\" srcset=\"https:\/\/geschichte-hautnah.de\/www\/wp-content\/uploads\/2019\/12\/Josef_Luxenburger_h.jpeg 800w, https:\/\/geschichte-hautnah.de\/www\/wp-content\/uploads\/2019\/12\/Josef_Luxenburger_h-300x244.jpeg 300w, https:\/\/geschichte-hautnah.de\/www\/wp-content\/uploads\/2019\/12\/Josef_Luxenburger_h-768x624.jpeg 768w\" sizes=\"auto, (max-width: 800px) 100vw, 800px\" \/><figcaption id=\"caption-attachment-17136\" class=\"wp-caption-text\">R\u00fcckseite des Sterbebildes von Josef Luxenburger<\/figcaption><\/figure>\n<p>Der theoretische Weg von Josef Luxenburger von seinem Geburtsort \u00fcber seinen Sterbeort zu seinem Grab:<\/p>\n<p><iframe loading=\"lazy\" style=\"border: 0;\" src=\"https:\/\/www.google.com\/maps\/embed?pb=!1m34!1m12!1m3!1d2648880.9700765214!2d5.0339536248276255!3d49.58270254845008!2m3!1f0!2f0!3f0!3m2!1i1024!2i768!4f13.1!4m19!3e2!4m5!1s0x479e45986aa19f27%3A0xa1e48b04cf74f90!2sHirnsberg%2C%2085283%20Wolnzach!3m2!1d48.5884061!2d11.6943916!4m5!1s0x47dd2852cdfe5e2f%3A0x40af13e81646920!2sFromelles%2C%20Frankreich!3m2!1d50.607966999999995!2d2.8580259999999997!4m5!1s0x47dd2a328f128ba9%3A0x40af13e81647580!2sBeaucamps-Ligny%2C%20Frankreich!3m2!1d50.608320899999995!2d2.915517!5e0!3m2!1sde!2sde!4v1577552282492!5m2!1sde!2sde\" width=\"600\" height=\"450\" frameborder=\"0\" allowfullscreen=\"allowfullscreen\"><\/iframe><\/p>\n","protected":false},"excerpt":{"rendered":"<p>Der Ersatz-Reservist Josef Luxenburger stammte aus Hirnsberg, heute ein Ortsteil der bayerischen Gemeinde Wolnzach, und war der Sohn eines Landwirts. Im Ersten Weltkrieg diente er in der 6. Kompanie des 21. bayerischen Reserve-Infanterie-Regiments. Am 20.11.1915 fiel er im Alter von 29 Jahren bei Fromelles w\u00e4hrend der Stellungsk\u00e4mpfe in Franz\u00f6sisch Flandern durch Kopfschuss. \u00dcber den Todestag [&hellip;]<\/p>\n","protected":false},"author":2,"featured_media":0,"comment_status":"closed","ping_status":"closed","sticky":false,"template":"","format":"standard","meta":{"footnotes":"","_wp_rev_ctl_limit":""},"categories":[2],"tags":[564,302,1366,1667,332,36,140,2468,295,1087,4374],"class_list":["post-17187","post","type-post","status-publish","format-standard","hentry","category-1-weltkrieg","tag-21-bayerisches-reserve-infanterie-regiment","tag-bauerssohn","tag-bayern","tag-beaucamps-ligny","tag-ersatz-reservist","tag-frankreich","tag-fromelles","tag-hirnsberg","tag-kopfschuss","tag-regimentsgeschichte","tag-wolnzach"],"_links":{"self":[{"href":"https:\/\/geschichte-hautnah.de\/www\/index.php?rest_route=\/wp\/v2\/posts\/17187","targetHints":{"allow":["GET"]}}],"collection":[{"href":"https:\/\/geschichte-hautnah.de\/www\/index.php?rest_route=\/wp\/v2\/posts"}],"about":[{"href":"https:\/\/geschichte-hautnah.de\/www\/index.php?rest_route=\/wp\/v2\/types\/post"}],"author":[{"embeddable":true,"href":"https:\/\/geschichte-hautnah.de\/www\/index.php?rest_route=\/wp\/v2\/users\/2"}],"replies":[{"embeddable":true,"href":"https:\/\/geschichte-hautnah.de\/www\/index.php?rest_route=%2Fwp%2Fv2%2Fcomments&post=17187"}],"version-history":[{"count":6,"href":"https:\/\/geschichte-hautnah.de\/www\/index.php?rest_route=\/wp\/v2\/posts\/17187\/revisions"}],"predecessor-version":[{"id":17193,"href":"https:\/\/geschichte-hautnah.de\/www\/index.php?rest_route=\/wp\/v2\/posts\/17187\/revisions\/17193"}],"wp:attachment":[{"href":"https:\/\/geschichte-hautnah.de\/www\/index.php?rest_route=%2Fwp%2Fv2%2Fmedia&parent=17187"}],"wp:term":[{"taxonomy":"category","embeddable":true,"href":"https:\/\/geschichte-hautnah.de\/www\/index.php?rest_route=%2Fwp%2Fv2%2Fcategories&post=17187"},{"taxonomy":"post_tag","embeddable":true,"href":"https:\/\/geschichte-hautnah.de\/www\/index.php?rest_route=%2Fwp%2Fv2%2Ftags&post=17187"}],"curies":[{"name":"wp","href":"https:\/\/api.w.org\/{rel}","templated":true}]}}