{"id":17343,"date":"2023-01-13T00:00:01","date_gmt":"2023-01-12T23:00:01","guid":{"rendered":"https:\/\/geschichte-hautnah.de\/www\/?p=17343"},"modified":"2019-12-29T18:28:36","modified_gmt":"2019-12-29T17:28:36","slug":"die-maenner-des-ersten-weltkrieges-teil-1-708-johann-bichler","status":"publish","type":"post","link":"https:\/\/geschichte-hautnah.de\/www\/?p=17343","title":{"rendered":"Die M\u00e4nner des Ersten Weltkrieges \u2013 Teil 1.708: Johann Bichler"},"content":{"rendered":"<p>Der Soldat Johann Bichler stammte aus <a href=\"https:\/\/de.wikipedia.org\/wiki\/Sollach_(Valley)\" target=\"_blank\" rel=\"noopener noreferrer\">Sollach<\/a>, heute ein Ortsteil der bayerischen Gemeinde <a href=\"https:\/\/de.wikipedia.org\/wiki\/Valley\" target=\"_blank\" rel=\"noopener noreferrer\">Valley<\/a>, und war der Sohn eines Landwirts. Im Ersten Weltkrieg k\u00e4mpfte er in der 6. Kompanie des 1. bayerischen Infanterie-Regiments als Infanterist. Am 09.06.1916 fiel er im Alter von 27 Jahren w\u00e4hrend der <a href=\"https:\/\/de.wikipedia.org\/wiki\/Schlacht_um_Verdun\" target=\"_blank\" rel=\"noopener noreferrer\">Schlacht um Verdun<\/a> bei Douaumont Granatschuss nach 12 Monaten Kriegsdienst. Am Tag zuvor war er mit seiner Kompanie aus dem Fosses-Wald s\u00fcdwestlich Douaumont vorgezogen worden, um am n\u00e4chsten Morgen, dem 09.06.1916, an einem Sturm der Wabengr\u00e4ben teilzunehmen. Dabei fiel er.<\/p>\n<p><span data-sheets-value=\"{&quot;1&quot;:2,&quot;2&quot;:&quot;Hautecourt-l\u00e8s-Broville&quot;}\" data-sheets-userformat=\"{&quot;2&quot;:1049089,&quot;3&quot;:{&quot;1&quot;:0},&quot;12&quot;:0,&quot;23&quot;:1}\" data-sheets-formula=\"=HYPERLINK(&quot;https:\/\/goo.gl\/maps\/EGHJFoxDbwm&quot;;&quot;Hautecourt-l\u00e8s-Broville&quot;)\" data-sheets-hyperlink=\"https:\/\/goo.gl\/maps\/EGHJFoxDbwm\">Man begrub Johann Bichler auf dem Soldatenfriedshof <a class=\"in-cell-link\" href=\"https:\/\/goo.gl\/maps\/EGHJFoxDbwm\" target=\"_blank\" rel=\"noopener noreferrer\">Hautecourt-l\u00e8s-Broville<\/a> in einem Massengrab.<\/span><\/p>\n<figure id=\"attachment_17253\" aria-describedby=\"caption-attachment-17253\" style=\"width: 800px\" class=\"wp-caption aligncenter\"><img loading=\"lazy\" decoding=\"async\" class=\"size-full wp-image-17253\" src=\"https:\/\/geschichte-hautnah.de\/www\/wp-content\/uploads\/2019\/12\/Johann_Bichler_v.jpeg\" alt=\"\" width=\"800\" height=\"627\" srcset=\"https:\/\/geschichte-hautnah.de\/www\/wp-content\/uploads\/2019\/12\/Johann_Bichler_v.jpeg 800w, https:\/\/geschichte-hautnah.de\/www\/wp-content\/uploads\/2019\/12\/Johann_Bichler_v-300x235.jpeg 300w, https:\/\/geschichte-hautnah.de\/www\/wp-content\/uploads\/2019\/12\/Johann_Bichler_v-768x602.jpeg 768w\" sizes=\"auto, (max-width: 800px) 100vw, 800px\" \/><figcaption id=\"caption-attachment-17253\" class=\"wp-caption-text\">Sterbebild von Johann Bichler<\/figcaption><\/figure>\n<figure id=\"attachment_17252\" aria-describedby=\"caption-attachment-17252\" style=\"width: 800px\" class=\"wp-caption aligncenter\"><img loading=\"lazy\" decoding=\"async\" class=\"size-full wp-image-17252\" src=\"https:\/\/geschichte-hautnah.de\/www\/wp-content\/uploads\/2019\/12\/Johann_Bichler_h.jpeg\" alt=\"\" width=\"800\" height=\"627\" srcset=\"https:\/\/geschichte-hautnah.de\/www\/wp-content\/uploads\/2019\/12\/Johann_Bichler_h.jpeg 800w, https:\/\/geschichte-hautnah.de\/www\/wp-content\/uploads\/2019\/12\/Johann_Bichler_h-300x235.jpeg 300w, https:\/\/geschichte-hautnah.de\/www\/wp-content\/uploads\/2019\/12\/Johann_Bichler_h-768x602.jpeg 768w\" sizes=\"auto, (max-width: 800px) 100vw, 800px\" \/><figcaption id=\"caption-attachment-17252\" class=\"wp-caption-text\">R\u00fcckseite des Sterbebildes von Johann Bichler<\/figcaption><\/figure>\n<p>Der theoretische Weg von Johann Bichler von seinem Geburtsort \u00fcber seinen Sterbeort zu seinem Grab:<\/p>\n<p><iframe loading=\"lazy\" style=\"border: 0;\" src=\"https:\/\/www.google.com\/maps\/embed?pb=!1m34!1m12!1m3!1d1351918.313077152!2d7.479992637366835!3d48.5626333753779!2m3!1f0!2f0!3f0!3m2!1i1024!2i768!4f13.1!4m19!3e2!4m5!1s0x479dee2be06b8901%3A0xa1d25a67cba93e0!2sSollach%2C%2083626%20Valley!3m2!1d47.909499399999994!2d11.7661793!4m5!1s0x47eb1e3e99f2dfeb%3A0x40a5fb99a3ae0a0!2sDouaumont%2C%20Frankreich!3m2!1d49.222412!2d5.4357165!4m5!1s0x47eb20e2dff72b93%3A0x14f15d951911e15f!2sHautecourt%2C%20Abaucourt-Hautecourt%2C%20Frankreich!3m2!1d49.193677!2d5.5589319999999995!5e0!3m2!1sde!2sde!4v1577640478738!5m2!1sde!2sde\" width=\"600\" height=\"450\" frameborder=\"0\" allowfullscreen=\"allowfullscreen\"><\/iframe><\/p>\n","protected":false},"excerpt":{"rendered":"<p>Der Soldat Johann Bichler stammte aus Sollach, heute ein Ortsteil der bayerischen Gemeinde Valley, und war der Sohn eines Landwirts. Im Ersten Weltkrieg k\u00e4mpfte er in der 6. Kompanie des 1. bayerischen Infanterie-Regiments als Infanterist. Am 09.06.1916 fiel er im Alter von 27 Jahren w\u00e4hrend der Schlacht um Verdun bei Douaumont Granatschuss nach 12 Monaten [&hellip;]<\/p>\n","protected":false},"author":2,"featured_media":0,"comment_status":"closed","ping_status":"closed","sticky":false,"template":"","format":"standard","meta":{"footnotes":"","_wp_rev_ctl_limit":""},"categories":[2],"tags":[245,302,1366,268,3046,36,267,598,92,3155,3263,5008],"class_list":["post-17343","post","type-post","status-publish","format-standard","hentry","category-1-weltkrieg","tag-1-bayerisches-infanterie-regiment","tag-bauerssohn","tag-bayern","tag-douaumont","tag-fosses-wald","tag-frankreich","tag-hautecourt-les-broville","tag-lothringen","tag-massengrab","tag-schlacht-um-verdun","tag-sollach","tag-valley"],"_links":{"self":[{"href":"https:\/\/geschichte-hautnah.de\/www\/index.php?rest_route=\/wp\/v2\/posts\/17343","targetHints":{"allow":["GET"]}}],"collection":[{"href":"https:\/\/geschichte-hautnah.de\/www\/index.php?rest_route=\/wp\/v2\/posts"}],"about":[{"href":"https:\/\/geschichte-hautnah.de\/www\/index.php?rest_route=\/wp\/v2\/types\/post"}],"author":[{"embeddable":true,"href":"https:\/\/geschichte-hautnah.de\/www\/index.php?rest_route=\/wp\/v2\/users\/2"}],"replies":[{"embeddable":true,"href":"https:\/\/geschichte-hautnah.de\/www\/index.php?rest_route=%2Fwp%2Fv2%2Fcomments&post=17343"}],"version-history":[{"count":7,"href":"https:\/\/geschichte-hautnah.de\/www\/index.php?rest_route=\/wp\/v2\/posts\/17343\/revisions"}],"predecessor-version":[{"id":17350,"href":"https:\/\/geschichte-hautnah.de\/www\/index.php?rest_route=\/wp\/v2\/posts\/17343\/revisions\/17350"}],"wp:attachment":[{"href":"https:\/\/geschichte-hautnah.de\/www\/index.php?rest_route=%2Fwp%2Fv2%2Fmedia&parent=17343"}],"wp:term":[{"taxonomy":"category","embeddable":true,"href":"https:\/\/geschichte-hautnah.de\/www\/index.php?rest_route=%2Fwp%2Fv2%2Fcategories&post=17343"},{"taxonomy":"post_tag","embeddable":true,"href":"https:\/\/geschichte-hautnah.de\/www\/index.php?rest_route=%2Fwp%2Fv2%2Ftags&post=17343"}],"curies":[{"name":"wp","href":"https:\/\/api.w.org\/{rel}","templated":true}]}}