{"id":17400,"date":"2023-01-21T00:00:54","date_gmt":"2023-01-20T23:00:54","guid":{"rendered":"https:\/\/geschichte-hautnah.de\/www\/?p=17400"},"modified":"2019-12-29T21:16:09","modified_gmt":"2019-12-29T20:16:09","slug":"die-maenner-des-ersten-weltkrieges-teil-1-716-ludwig-wildenauer","status":"publish","type":"post","link":"https:\/\/geschichte-hautnah.de\/www\/?p=17400","title":{"rendered":"Die M\u00e4nner des Ersten Weltkrieges \u2013 Teil 1.716: Ludwig Wildenauer"},"content":{"rendered":"<p>Der Soldat Ludwig Wildenauer stammte aus <a href=\"https:\/\/de.wikipedia.org\/wiki\/Valley\" target=\"_blank\" rel=\"noopener noreferrer\">Valley<\/a> in Bayern. 6 Jahre war er Zum\u00fcller in Weiglm\u00fchle und arbeitete als Tagel\u00f6hner. Im Ersten Weltkrieg diente er in der 11. Kompanie des 21. bayerischen <span style=\"color: #ff0000;\">Reserve-<\/span>Infanterie-Regiments (Fehler auf Sterbebild). Am 20.06.1916 fiel er im Alter von 31 Jahren durch Bauchschuss.<\/p>\n<p><span data-sheets-value=\"{&quot;1&quot;:2,&quot;2&quot;:&quot;Haubourdin&quot;}\" data-sheets-userformat=\"{&quot;2&quot;:1049089,&quot;3&quot;:{&quot;1&quot;:0},&quot;12&quot;:0,&quot;23&quot;:1}\" data-sheets-formula=\"=HYPERLINK(&quot;https:\/\/www.google.de\/maps\/place\/59320+Haubourdin,+Frankreich\/@50.600211,2.4290077,9z\/data=!4m5!3m4!1s0x47dd2ad01f419263:0xbc10ccea9c2fb8f1!8m2!3d50.60953!4d2.984736&quot;;&quot;Haubourdin&quot;)\" data-sheets-hyperlink=\"https:\/\/www.google.de\/maps\/place\/59320+Haubourdin,+Frankreich\/@50.600211,2.4290077,9z\/data=!4m5!3m4!1s0x47dd2ad01f419263:0xbc10ccea9c2fb8f1!8m2!3d50.60953!4d2.984736\">Man begrub Ludwig Wildenauer auf dem Soldatenfriedhof <a class=\"in-cell-link\" href=\"https:\/\/www.google.de\/maps\/place\/59320+Haubourdin,+Frankreich\/@50.600211,2.4290077,9z\/data=!4m5!3m4!1s0x47dd2ad01f419263:0xbc10ccea9c2fb8f1!8m2!3d50.60953!4d2.984736\" target=\"_blank\" rel=\"noopener noreferrer\">Haubourdin<\/a> in<\/span> Reihe 16, Grab 351.<\/p>\n<figure id=\"attachment_17269\" aria-describedby=\"caption-attachment-17269\" style=\"width: 800px\" class=\"wp-caption aligncenter\"><img loading=\"lazy\" decoding=\"async\" class=\"size-full wp-image-17269\" src=\"https:\/\/geschichte-hautnah.de\/www\/wp-content\/uploads\/2019\/12\/Ludwig_Wildenauer_v.jpeg\" alt=\"\" width=\"800\" height=\"548\" srcset=\"https:\/\/geschichte-hautnah.de\/www\/wp-content\/uploads\/2019\/12\/Ludwig_Wildenauer_v.jpeg 800w, https:\/\/geschichte-hautnah.de\/www\/wp-content\/uploads\/2019\/12\/Ludwig_Wildenauer_v-300x206.jpeg 300w, https:\/\/geschichte-hautnah.de\/www\/wp-content\/uploads\/2019\/12\/Ludwig_Wildenauer_v-768x526.jpeg 768w\" sizes=\"auto, (max-width: 800px) 100vw, 800px\" \/><figcaption id=\"caption-attachment-17269\" class=\"wp-caption-text\">Sterbebild von Ludwig Wildenauer<\/figcaption><\/figure>\n<figure id=\"attachment_17268\" aria-describedby=\"caption-attachment-17268\" style=\"width: 800px\" class=\"wp-caption aligncenter\"><img loading=\"lazy\" decoding=\"async\" class=\"size-full wp-image-17268\" src=\"https:\/\/geschichte-hautnah.de\/www\/wp-content\/uploads\/2019\/12\/Ludwig_Wildenauer_h.jpeg\" alt=\"\" width=\"800\" height=\"548\" srcset=\"https:\/\/geschichte-hautnah.de\/www\/wp-content\/uploads\/2019\/12\/Ludwig_Wildenauer_h.jpeg 800w, https:\/\/geschichte-hautnah.de\/www\/wp-content\/uploads\/2019\/12\/Ludwig_Wildenauer_h-300x206.jpeg 300w, https:\/\/geschichte-hautnah.de\/www\/wp-content\/uploads\/2019\/12\/Ludwig_Wildenauer_h-768x526.jpeg 768w\" sizes=\"auto, (max-width: 800px) 100vw, 800px\" \/><figcaption id=\"caption-attachment-17268\" class=\"wp-caption-text\">R\u00fcckseite des Sterbebildes von Ludwig Wildenauer<\/figcaption><\/figure>\n<p>Der theoretische Weg von Ludwig Wildenauer von seinem Geburtsort zu seinem Grab:<\/p>\n<p><iframe loading=\"lazy\" style=\"border: 0;\" src=\"https:\/\/www.google.com\/maps\/embed?pb=!1m28!1m12!1m3!1d2667495.167308245!2d5.139682771085739!3d49.23894898312269!2m3!1f0!2f0!3f0!3m2!1i1024!2i768!4f13.1!4m13!3e2!4m5!1s0x479df1e2153ce0a5%3A0x41d25a40937a070!2s83626%20Valley!3m2!1d47.892977099999996!2d11.7794156!4m5!1s0x47dd2ad01f419263%3A0xbc10ccea9c2fb8f1!2sHaubourdin%2C%20Frankreich!3m2!1d50.60953!2d2.984736!5e0!3m2!1sde!2sde!4v1577650534040!5m2!1sde!2sde\" width=\"600\" height=\"450\" frameborder=\"0\" allowfullscreen=\"allowfullscreen\"><\/iframe><\/p>\n","protected":false},"excerpt":{"rendered":"<p>Der Soldat Ludwig Wildenauer stammte aus Valley in Bayern. 6 Jahre war er Zum\u00fcller in Weiglm\u00fchle und arbeitete als Tagel\u00f6hner. Im Ersten Weltkrieg diente er in der 11. Kompanie des 21. bayerischen Reserve-Infanterie-Regiments (Fehler auf Sterbebild). Am 20.06.1916 fiel er im Alter von 31 Jahren durch Bauchschuss. Man begrub Ludwig Wildenauer auf dem Soldatenfriedhof Haubourdin [&hellip;]<\/p>\n","protected":false},"author":2,"featured_media":0,"comment_status":"closed","ping_status":"closed","sticky":false,"template":"","format":"standard","meta":{"footnotes":"","_wp_rev_ctl_limit":""},"categories":[2],"tags":[1669,761,1366,36,1601,1079,5008,5046,5047],"class_list":["post-17400","post","type-post","status-publish","format-standard","hentry","category-1-weltkrieg","tag-21-bayerisches-infanterie-regiment","tag-bauchschuss","tag-bayern","tag-frankreich","tag-haubourdin","tag-tageloehner","tag-valley","tag-weiglmuehle","tag-zumueller"],"_links":{"self":[{"href":"https:\/\/geschichte-hautnah.de\/www\/index.php?rest_route=\/wp\/v2\/posts\/17400","targetHints":{"allow":["GET"]}}],"collection":[{"href":"https:\/\/geschichte-hautnah.de\/www\/index.php?rest_route=\/wp\/v2\/posts"}],"about":[{"href":"https:\/\/geschichte-hautnah.de\/www\/index.php?rest_route=\/wp\/v2\/types\/post"}],"author":[{"embeddable":true,"href":"https:\/\/geschichte-hautnah.de\/www\/index.php?rest_route=\/wp\/v2\/users\/2"}],"replies":[{"embeddable":true,"href":"https:\/\/geschichte-hautnah.de\/www\/index.php?rest_route=%2Fwp%2Fv2%2Fcomments&post=17400"}],"version-history":[{"count":3,"href":"https:\/\/geschichte-hautnah.de\/www\/index.php?rest_route=\/wp\/v2\/posts\/17400\/revisions"}],"predecessor-version":[{"id":17403,"href":"https:\/\/geschichte-hautnah.de\/www\/index.php?rest_route=\/wp\/v2\/posts\/17400\/revisions\/17403"}],"wp:attachment":[{"href":"https:\/\/geschichte-hautnah.de\/www\/index.php?rest_route=%2Fwp%2Fv2%2Fmedia&parent=17400"}],"wp:term":[{"taxonomy":"category","embeddable":true,"href":"https:\/\/geschichte-hautnah.de\/www\/index.php?rest_route=%2Fwp%2Fv2%2Fcategories&post=17400"},{"taxonomy":"post_tag","embeddable":true,"href":"https:\/\/geschichte-hautnah.de\/www\/index.php?rest_route=%2Fwp%2Fv2%2Ftags&post=17400"}],"curies":[{"name":"wp","href":"https:\/\/api.w.org\/{rel}","templated":true}]}}