{"id":17804,"date":"2023-03-06T00:00:51","date_gmt":"2023-03-05T23:00:51","guid":{"rendered":"https:\/\/geschichte-hautnah.de\/www\/?p=17804"},"modified":"2020-01-24T11:52:14","modified_gmt":"2020-01-24T10:52:14","slug":"die-maenner-des-ersten-weltkrieges-teil-1-760-gallus-loibl","status":"publish","type":"post","link":"https:\/\/geschichte-hautnah.de\/www\/?p=17804","title":{"rendered":"Die M\u00e4nner des Ersten Weltkrieges \u2013 Teil 1.760: Gallus Loibl"},"content":{"rendered":"<p>Der Gefreite Gallus Loibl wurde am 30.10.1891 in <a href=\"https:\/\/de.wikipedia.org\/wiki\/Oberhaindlfing\" target=\"_blank\" rel=\"noopener noreferrer\">Oberhaindlfing<\/a> geboren, heute ein Ortsteil der bayerischen Gemeinde <a href=\"https:\/\/de.wikipedia.org\/wiki\/Wolfersdorf\" target=\"_blank\" rel=\"noopener noreferrer\">Wolfersdorf<\/a>, und war der Sohn eines Zimmermeisters. Im Ersten Weltkrieg diente er in der 10. Kompanie (Regimentsgeschichte: 12. Kompanie) des 3. bayerischen Infanterie-Regiments. Am 25.04.1916 fiel er im Alter von 24 Jahren w\u00e4hrend der K\u00e4mpfe um H\u00f6he 304 im Wald von <a href=\"https:\/\/de.wikipedia.org\/wiki\/Malancourt\" target=\"_blank\" rel=\"noopener noreferrer\">Malancourt<\/a> vor Verdun nach 20 Monaten Kriegsdienst.<\/p>\n<blockquote><p><em>&#8222;In der Nacht vom 24.04.\/25.04.1916 r\u00fcckte auch III.\/3. bayerisches Infanterie-Regiment diesmal als Unterabschnittsreserve wieder in die Stellung; II.\/ 3. bayerisches Infanterie-Regiment und 2\/3 der MG Kompanie bleiben noch in den Quartieren als Korpsreserve. Die Beschie\u00dfung und Feuer\u00fcberf\u00e4lle waren andauernd sehr heftig, so brachte dem Regiment z. B. der 25.04. 29 Mann Verluste. Trotz dieser schwierigen Verh\u00e4ltnisse gelang es dem I.\/3. bayerisches Infanterie-Regiment eine schwach ausgebaute Stellung etwa 400 Meter vor dem St\u00fctzpunkt am Ostrand des Waldes von Avocourt vorzuschieben. Wenn sich nun auch das Wetter allm\u00e4hlich besserte, so hatten der lange Einsatz (seit Anfang M\u00e4rz), die geschilderten Umst\u00e4nde in den Stellungen, die schweren Beschie\u00dfungen und neuerdings auch typhus\u00e4hnliche Erkrankungen den Kampfwert der Truppe stark herbgedr\u00fcckt. Die Ersatztransporte mussten oft unmittelbar vor dem Wiederabr\u00fccken in die Stellung oder in dieser selbst eingegliedert werden und brachten daher nicht die n\u00f6tige Auffrischung.&#8220;<\/em><\/p><\/blockquote>\n<p><span data-sheets-value=\"{&quot;1&quot;:2,&quot;2&quot;:&quot;Consenvoye&quot;}\" data-sheets-userformat=\"{&quot;2&quot;:1049089,&quot;3&quot;:{&quot;1&quot;:0},&quot;12&quot;:0,&quot;23&quot;:1}\" data-sheets-formula=\"=HYPERLINK(&quot;https:\/\/goo.gl\/maps\/rWHqZq6oFTu&quot;;&quot;Consenvoye&quot;)\" data-sheets-hyperlink=\"https:\/\/goo.gl\/maps\/rWHqZq6oFTu\">Man begrub Gallus Loibl auf dem Soldatenfriedhof <a class=\"in-cell-link\" href=\"https:\/\/goo.gl\/maps\/rWHqZq6oFTu\" target=\"_blank\" rel=\"noopener noreferrer\">Consenvoye<\/a> in einem Massengrab.<\/span><\/p>\n<p>Der Bruder von Gallus Loibl, Anton Loibl, diente im 1. bayerischen Infanterie-Regiment in der 11. Kompanie, fiel am 19.10.1915 und wurde auf dem Soldatenfriedhof <span data-sheets-value=\"{&quot;1&quot;:2,&quot;2&quot;:&quot;Billy-Montigny&quot;}\" data-sheets-userformat=\"{&quot;2&quot;:1049089,&quot;3&quot;:{&quot;1&quot;:0},&quot;12&quot;:0,&quot;23&quot;:1}\" data-sheets-formula=\"=HYPERLINK(&quot;https:\/\/de.wikipedia.org\/wiki\/Billy-Montigny&quot;;&quot;Billy-Montigny&quot;)\" data-sheets-hyperlink=\"https:\/\/de.wikipedia.org\/wiki\/Billy-Montigny\"><a class=\"in-cell-link\" href=\"https:\/\/de.wikipedia.org\/wiki\/Billy-Montigny\" target=\"_blank\" rel=\"noopener noreferrer\">Billy-Montigny<\/a><\/span> in Block 6, Grab 293 begraben.<\/p>\n<figure id=\"attachment_17772\" aria-describedby=\"caption-attachment-17772\" style=\"width: 800px\" class=\"wp-caption aligncenter\"><img loading=\"lazy\" decoding=\"async\" class=\"size-full wp-image-17772\" src=\"https:\/\/geschichte-hautnah.de\/www\/wp-content\/uploads\/2020\/01\/Gallus_Loibl_v.jpeg\" alt=\"\" width=\"800\" height=\"633\" srcset=\"https:\/\/geschichte-hautnah.de\/www\/wp-content\/uploads\/2020\/01\/Gallus_Loibl_v.jpeg 800w, https:\/\/geschichte-hautnah.de\/www\/wp-content\/uploads\/2020\/01\/Gallus_Loibl_v-300x237.jpeg 300w, https:\/\/geschichte-hautnah.de\/www\/wp-content\/uploads\/2020\/01\/Gallus_Loibl_v-768x608.jpeg 768w\" sizes=\"auto, (max-width: 800px) 100vw, 800px\" \/><figcaption id=\"caption-attachment-17772\" class=\"wp-caption-text\">Sterbebild von Gallus Loibl<\/figcaption><\/figure>\n<figure id=\"attachment_17771\" aria-describedby=\"caption-attachment-17771\" style=\"width: 800px\" class=\"wp-caption aligncenter\"><img loading=\"lazy\" decoding=\"async\" class=\"size-full wp-image-17771\" src=\"https:\/\/geschichte-hautnah.de\/www\/wp-content\/uploads\/2020\/01\/Gallus_Loibl_h.jpeg\" alt=\"\" width=\"800\" height=\"633\" srcset=\"https:\/\/geschichte-hautnah.de\/www\/wp-content\/uploads\/2020\/01\/Gallus_Loibl_h.jpeg 800w, https:\/\/geschichte-hautnah.de\/www\/wp-content\/uploads\/2020\/01\/Gallus_Loibl_h-300x237.jpeg 300w, https:\/\/geschichte-hautnah.de\/www\/wp-content\/uploads\/2020\/01\/Gallus_Loibl_h-768x608.jpeg 768w\" sizes=\"auto, (max-width: 800px) 100vw, 800px\" \/><figcaption id=\"caption-attachment-17771\" class=\"wp-caption-text\">R\u00fcckseite des Sterbebildes von Gallus Loibl<\/figcaption><\/figure>\n","protected":false},"excerpt":{"rendered":"<p>Der Gefreite Gallus Loibl wurde am 30.10.1891 in Oberhaindlfing geboren, heute ein Ortsteil der bayerischen Gemeinde Wolfersdorf, und war der Sohn eines Zimmermeisters. Im Ersten Weltkrieg diente er in der 10. Kompanie (Regimentsgeschichte: 12. Kompanie) des 3. bayerischen Infanterie-Regiments. Am 25.04.1916 fiel er im Alter von 24 Jahren w\u00e4hrend der K\u00e4mpfe um H\u00f6he 304 im [&hellip;]<\/p>\n","protected":false},"author":2,"featured_media":0,"comment_status":"closed","ping_status":"closed","sticky":false,"template":"","format":"standard","meta":{"footnotes":"","_wp_rev_ctl_limit":""},"categories":[2,8,1876,16],"tags":[245,1032,1366,297,328,246,3062,598,261,92,4944,3155,4949,3119],"class_list":["post-17804","post","type-post","status-publish","format-standard","hentry","category-1-weltkrieg","category-sterbebilder","category-frankreich-1-weltkrieg","category-verdun","tag-1-bayerisches-infanterie-regiment","tag-3-bayerisches-infanterie-regiment","tag-bayern","tag-billy-montigny","tag-brueder","tag-consenvoye","tag-hoehe-304","tag-lothringen","tag-malancourt","tag-massengrab","tag-oberhaindlfing","tag-schlacht-um-verdun","tag-wald-von-avocourt","tag-wolfersdorf"],"_links":{"self":[{"href":"https:\/\/geschichte-hautnah.de\/www\/index.php?rest_route=\/wp\/v2\/posts\/17804","targetHints":{"allow":["GET"]}}],"collection":[{"href":"https:\/\/geschichte-hautnah.de\/www\/index.php?rest_route=\/wp\/v2\/posts"}],"about":[{"href":"https:\/\/geschichte-hautnah.de\/www\/index.php?rest_route=\/wp\/v2\/types\/post"}],"author":[{"embeddable":true,"href":"https:\/\/geschichte-hautnah.de\/www\/index.php?rest_route=\/wp\/v2\/users\/2"}],"replies":[{"embeddable":true,"href":"https:\/\/geschichte-hautnah.de\/www\/index.php?rest_route=%2Fwp%2Fv2%2Fcomments&post=17804"}],"version-history":[{"count":7,"href":"https:\/\/geschichte-hautnah.de\/www\/index.php?rest_route=\/wp\/v2\/posts\/17804\/revisions"}],"predecessor-version":[{"id":17817,"href":"https:\/\/geschichte-hautnah.de\/www\/index.php?rest_route=\/wp\/v2\/posts\/17804\/revisions\/17817"}],"wp:attachment":[{"href":"https:\/\/geschichte-hautnah.de\/www\/index.php?rest_route=%2Fwp%2Fv2%2Fmedia&parent=17804"}],"wp:term":[{"taxonomy":"category","embeddable":true,"href":"https:\/\/geschichte-hautnah.de\/www\/index.php?rest_route=%2Fwp%2Fv2%2Fcategories&post=17804"},{"taxonomy":"post_tag","embeddable":true,"href":"https:\/\/geschichte-hautnah.de\/www\/index.php?rest_route=%2Fwp%2Fv2%2Ftags&post=17804"}],"curies":[{"name":"wp","href":"https:\/\/api.w.org\/{rel}","templated":true}]}}