{"id":17987,"date":"2023-03-22T00:00:36","date_gmt":"2023-03-21T23:00:36","guid":{"rendered":"https:\/\/geschichte-hautnah.de\/www\/?p=17987"},"modified":"2020-01-31T21:25:29","modified_gmt":"2020-01-31T20:25:29","slug":"die-maenner-des-ersten-weltkrieges-teil-1-776-ludwig-francken","status":"publish","type":"post","link":"https:\/\/geschichte-hautnah.de\/www\/?p=17987","title":{"rendered":"Die M\u00e4nner des Ersten Weltkrieges \u2013 Teil 1.776: Ludwig Francken"},"content":{"rendered":"<p>Der Leutnant der Reserve Ludwig Francken wurde am 14.10.1895 in <a href=\"https:\/\/de.wikipedia.org\/wiki\/D%C3%BCsseldorf\" target=\"_blank\" rel=\"noopener noreferrer\">D\u00fcsseldorf<\/a> in Nordrhein-Westfalen geboren. Nach dem Abitur lernte er den Beruf des Druckers in W\u00fcrzburg. Im Ersten Weltkrieg diente er im 4. Fu\u00df-Artillerie-Regiment. Er wurde mit dem Eisernen Kreuz 2. Klasse ausgezeichnet. Am 15.04.1917 fiel er im Alter von 21 Jahren vor <a href=\"https:\/\/de.wikipedia.org\/wiki\/Reims\" target=\"_blank\" rel=\"noopener noreferrer\">Reims<\/a> durch einen Granattreffer.<\/p>\n<p>Die Lage des Grabes von Ludwig Francken ist unbekannt.<\/p>\n<p>Siehe auch: <a href=\"http:\/\/www.denkmalprojekt.org\/2009\/duesseldorf_stadtarchiv_tz_C-F_nrw.htm\" target=\"_blank\" rel=\"noopener noreferrer\">http:\/\/www.denkmalprojekt.org\/2009\/duesseldorf_stadtarchiv_tz_C-F_nrw.htm<\/a><\/p>\n<figure id=\"attachment_17884\" aria-describedby=\"caption-attachment-17884\" style=\"width: 800px\" class=\"wp-caption aligncenter\"><img loading=\"lazy\" decoding=\"async\" class=\"size-full wp-image-17884\" src=\"https:\/\/geschichte-hautnah.de\/www\/wp-content\/uploads\/2020\/01\/Ludwig_Francken_v.jpeg\" alt=\"\" width=\"800\" height=\"598\" srcset=\"https:\/\/geschichte-hautnah.de\/www\/wp-content\/uploads\/2020\/01\/Ludwig_Francken_v.jpeg 800w, https:\/\/geschichte-hautnah.de\/www\/wp-content\/uploads\/2020\/01\/Ludwig_Francken_v-300x224.jpeg 300w, https:\/\/geschichte-hautnah.de\/www\/wp-content\/uploads\/2020\/01\/Ludwig_Francken_v-768x574.jpeg 768w\" sizes=\"auto, (max-width: 800px) 100vw, 800px\" \/><figcaption id=\"caption-attachment-17884\" class=\"wp-caption-text\">Sterbebild von Ludwig Francken<\/figcaption><\/figure>\n<figure id=\"attachment_17883\" aria-describedby=\"caption-attachment-17883\" style=\"width: 800px\" class=\"wp-caption aligncenter\"><img loading=\"lazy\" decoding=\"async\" class=\"size-full wp-image-17883\" src=\"https:\/\/geschichte-hautnah.de\/www\/wp-content\/uploads\/2020\/01\/Ludwig_Francken_h.jpeg\" alt=\"\" width=\"800\" height=\"598\" srcset=\"https:\/\/geschichte-hautnah.de\/www\/wp-content\/uploads\/2020\/01\/Ludwig_Francken_h.jpeg 800w, https:\/\/geschichte-hautnah.de\/www\/wp-content\/uploads\/2020\/01\/Ludwig_Francken_h-300x224.jpeg 300w, https:\/\/geschichte-hautnah.de\/www\/wp-content\/uploads\/2020\/01\/Ludwig_Francken_h-768x574.jpeg 768w\" sizes=\"auto, (max-width: 800px) 100vw, 800px\" \/><figcaption id=\"caption-attachment-17883\" class=\"wp-caption-text\">R\u00fcckseite des Sterbebildes von Ludwig Francken<\/figcaption><\/figure>\n","protected":false},"excerpt":{"rendered":"<p>Der Leutnant der Reserve Ludwig Francken wurde am 14.10.1895 in D\u00fcsseldorf in Nordrhein-Westfalen geboren. Nach dem Abitur lernte er den Beruf des Druckers in W\u00fcrzburg. Im Ersten Weltkrieg diente er im 4. Fu\u00df-Artillerie-Regiment. Er wurde mit dem Eisernen Kreuz 2. Klasse ausgezeichnet. Am 15.04.1917 fiel er im Alter von 21 Jahren vor Reims durch einen [&hellip;]<\/p>\n","protected":false},"author":2,"featured_media":0,"comment_status":"closed","ping_status":"closed","sticky":false,"template":"","format":"standard","meta":{"footnotes":"","_wp_rev_ctl_limit":""},"categories":[2,8,1876,2233],"tags":[336,5134,5133,5132,516,411,2609,99],"class_list":["post-17987","post","type-post","status-publish","format-standard","hentry","category-1-weltkrieg","category-sterbebilder","category-frankreich-1-weltkrieg","category-marne","tag-4-bayerisches-fuss-artillerie-regiment","tag-abitur","tag-drucker","tag-duesseldorf","tag-granattreffer","tag-leutnant-der-reserve","tag-nordrhein-westfalen","tag-unbekannte-grablage"],"_links":{"self":[{"href":"https:\/\/geschichte-hautnah.de\/www\/index.php?rest_route=\/wp\/v2\/posts\/17987","targetHints":{"allow":["GET"]}}],"collection":[{"href":"https:\/\/geschichte-hautnah.de\/www\/index.php?rest_route=\/wp\/v2\/posts"}],"about":[{"href":"https:\/\/geschichte-hautnah.de\/www\/index.php?rest_route=\/wp\/v2\/types\/post"}],"author":[{"embeddable":true,"href":"https:\/\/geschichte-hautnah.de\/www\/index.php?rest_route=\/wp\/v2\/users\/2"}],"replies":[{"embeddable":true,"href":"https:\/\/geschichte-hautnah.de\/www\/index.php?rest_route=%2Fwp%2Fv2%2Fcomments&post=17987"}],"version-history":[{"count":6,"href":"https:\/\/geschichte-hautnah.de\/www\/index.php?rest_route=\/wp\/v2\/posts\/17987\/revisions"}],"predecessor-version":[{"id":17993,"href":"https:\/\/geschichte-hautnah.de\/www\/index.php?rest_route=\/wp\/v2\/posts\/17987\/revisions\/17993"}],"wp:attachment":[{"href":"https:\/\/geschichte-hautnah.de\/www\/index.php?rest_route=%2Fwp%2Fv2%2Fmedia&parent=17987"}],"wp:term":[{"taxonomy":"category","embeddable":true,"href":"https:\/\/geschichte-hautnah.de\/www\/index.php?rest_route=%2Fwp%2Fv2%2Fcategories&post=17987"},{"taxonomy":"post_tag","embeddable":true,"href":"https:\/\/geschichte-hautnah.de\/www\/index.php?rest_route=%2Fwp%2Fv2%2Ftags&post=17987"}],"curies":[{"name":"wp","href":"https:\/\/api.w.org\/{rel}","templated":true}]}}