{"id":18010,"date":"2023-03-24T00:00:35","date_gmt":"2023-03-23T23:00:35","guid":{"rendered":"https:\/\/geschichte-hautnah.de\/www\/?p=18010"},"modified":"2020-02-01T20:01:15","modified_gmt":"2020-02-01T19:01:15","slug":"die-maenner-des-ersten-weltkrieges-teil-1-778-anton-siessmeier","status":"publish","type":"post","link":"https:\/\/geschichte-hautnah.de\/www\/?p=18010","title":{"rendered":"Die M\u00e4nner des Ersten Weltkrieges \u2013 Teil 1.778: Anton Sie\u00dfmeier"},"content":{"rendered":"<p>Der Gefreite Anton Sie\u00dfmeier wurde am 25.09.1894 in Egling als Sohn eines Gutsbesitzers geboren. Im Ersten Weltkrieg k\u00e4mpfte er in der 5. Kompanie des 31. bayerischen Infanterie-Regiments. Er wurde mit dem Eisernen Kreuz 2. Klasse und mit dem bayerischen Milit\u00e4r-Verdienst-Kreuz ausgezeichnet. Am 28.09.1918 fiel er im Alter von 24 Jahren bei Somme-Py.<\/p>\n<p>Die Lages des Grabes von Anton Sie\u00dfmeier ist offiziell unbekannt. Er gilt seit dem 28.09.1918 als vermisst. Ich gehe jedoch davon aus, dass er, wenn seine Leiche geborgen wurde, anonym in einem Massengrab auf dem Soldatenfriedhof <span data-sheets-value=\"{&quot;1&quot;:2,&quot;2&quot;:&quot;Souain&quot;}\" data-sheets-userformat=\"{&quot;2&quot;:1049089,&quot;3&quot;:{&quot;1&quot;:0},&quot;12&quot;:0,&quot;23&quot;:1}\" data-sheets-formula=\"=HYPERLINK(&quot;https:\/\/www.google.de\/maps\/place\/51600+Souain-Perthes-l%C3%A8s-Hurlus,+Frankreich\/@49.1909825,4.5081144,12z\/data=!3m1!4b1!4m5!3m4!1s0x47ebce053f86ea41:0x9bc3729cc9145e28!8m2!3d49.184097!4d4.544399&quot;;&quot;Souain&quot;)\" data-sheets-hyperlink=\"https:\/\/www.google.de\/maps\/place\/51600+Souain-Perthes-l%C3%A8s-Hurlus,+Frankreich\/@49.1909825,4.5081144,12z\/data=!3m1!4b1!4m5!3m4!1s0x47ebce053f86ea41:0x9bc3729cc9145e28!8m2!3d49.184097!4d4.544399\"><a class=\"in-cell-link\" href=\"https:\/\/www.google.de\/maps\/place\/51600+Souain-Perthes-l%C3%A8s-Hurlus,+Frankreich\/@49.1909825,4.5081144,12z\/data=!3m1!4b1!4m5!3m4!1s0x47ebce053f86ea41:0x9bc3729cc9145e28!8m2!3d49.184097!4d4.544399\" target=\"_blank\" rel=\"noopener noreferrer\">Souain<\/a> beigesetzt wurde, wo auch seine Regimentskameraden begraben wurden, die im gleichen Zeitraum fielen, u. a. <\/span>Leutnant Felix Goldhofer, gefallen am 28.09.1918 bei Somme-Py, begraben auf dem Soldatenfriedhof <span data-sheets-value=\"{&quot;1&quot;:2,&quot;2&quot;:&quot;Souain&quot;}\" data-sheets-userformat=\"{&quot;2&quot;:1049089,&quot;3&quot;:{&quot;1&quot;:0},&quot;12&quot;:0,&quot;23&quot;:1}\" data-sheets-formula=\"=HYPERLINK(&quot;https:\/\/www.google.de\/maps\/place\/51600+Souain-Perthes-l%C3%A8s-Hurlus,+Frankreich\/@49.1909825,4.5081144,12z\/data=!3m1!4b1!4m5!3m4!1s0x47ebce053f86ea41:0x9bc3729cc9145e28!8m2!3d49.184097!4d4.544399&quot;;&quot;Souain&quot;)\" data-sheets-hyperlink=\"https:\/\/www.google.de\/maps\/place\/51600+Souain-Perthes-l%C3%A8s-Hurlus,+Frankreich\/@49.1909825,4.5081144,12z\/data=!3m1!4b1!4m5!3m4!1s0x47ebce053f86ea41:0x9bc3729cc9145e28!8m2!3d49.184097!4d4.544399\"><a class=\"in-cell-link\" href=\"https:\/\/www.google.de\/maps\/place\/51600+Souain-Perthes-l%C3%A8s-Hurlus,+Frankreich\/@49.1909825,4.5081144,12z\/data=!3m1!4b1!4m5!3m4!1s0x47ebce053f86ea41:0x9bc3729cc9145e28!8m2!3d49.184097!4d4.544399\" target=\"_blank\" rel=\"noopener noreferrer\">Souain<\/a> in einem Massengrab.<\/span><\/p>\n<p>&nbsp;<\/p>\n<figure id=\"attachment_17940\" aria-describedby=\"caption-attachment-17940\" style=\"width: 800px\" class=\"wp-caption aligncenter\"><img loading=\"lazy\" decoding=\"async\" class=\"size-full wp-image-17940\" src=\"https:\/\/geschichte-hautnah.de\/www\/wp-content\/uploads\/2020\/01\/Anton_Sie\u00dfmeier_v.jpeg\" alt=\"\" width=\"800\" height=\"626\" srcset=\"https:\/\/geschichte-hautnah.de\/www\/wp-content\/uploads\/2020\/01\/Anton_Sie\u00dfmeier_v.jpeg 800w, https:\/\/geschichte-hautnah.de\/www\/wp-content\/uploads\/2020\/01\/Anton_Sie\u00dfmeier_v-300x235.jpeg 300w, https:\/\/geschichte-hautnah.de\/www\/wp-content\/uploads\/2020\/01\/Anton_Sie\u00dfmeier_v-768x601.jpeg 768w\" sizes=\"auto, (max-width: 800px) 100vw, 800px\" \/><figcaption id=\"caption-attachment-17940\" class=\"wp-caption-text\">Sterbebild von Anton Sie\u00dfmeier<\/figcaption><\/figure>\n<figure id=\"attachment_17939\" aria-describedby=\"caption-attachment-17939\" style=\"width: 800px\" class=\"wp-caption aligncenter\"><img loading=\"lazy\" decoding=\"async\" class=\"size-full wp-image-17939\" src=\"https:\/\/geschichte-hautnah.de\/www\/wp-content\/uploads\/2020\/01\/Anton_Sie\u00dfmeier_h.jpeg\" alt=\"\" width=\"800\" height=\"626\" srcset=\"https:\/\/geschichte-hautnah.de\/www\/wp-content\/uploads\/2020\/01\/Anton_Sie\u00dfmeier_h.jpeg 800w, https:\/\/geschichte-hautnah.de\/www\/wp-content\/uploads\/2020\/01\/Anton_Sie\u00dfmeier_h-300x235.jpeg 300w, https:\/\/geschichte-hautnah.de\/www\/wp-content\/uploads\/2020\/01\/Anton_Sie\u00dfmeier_h-768x601.jpeg 768w\" sizes=\"auto, (max-width: 800px) 100vw, 800px\" \/><figcaption id=\"caption-attachment-17939\" class=\"wp-caption-text\">R\u00fcckseite des Sterbebildes von Anton Sie\u00dfmeier<\/figcaption><\/figure>\n","protected":false},"excerpt":{"rendered":"<p>Der Gefreite Anton Sie\u00dfmeier wurde am 25.09.1894 in Egling als Sohn eines Gutsbesitzers geboren. Im Ersten Weltkrieg k\u00e4mpfte er in der 5. Kompanie des 31. bayerischen Infanterie-Regiments. Er wurde mit dem Eisernen Kreuz 2. Klasse und mit dem bayerischen Milit\u00e4r-Verdienst-Kreuz ausgezeichnet. Am 28.09.1918 fiel er im Alter von 24 Jahren bei Somme-Py. Die Lages des [&hellip;]<\/p>\n","protected":false},"author":2,"featured_media":0,"comment_status":"closed","ping_status":"closed","sticky":false,"template":"","format":"standard","meta":{"footnotes":"","_wp_rev_ctl_limit":""},"categories":[2,8,1876,2233],"tags":[5145,3018,5144,112,36,153,4469,4883,672],"class_list":["post-18010","post","type-post","status-publish","format-standard","hentry","category-1-weltkrieg","category-sterbebilder","category-frankreich-1-weltkrieg","category-marne","tag-31-bayerisches-infanterie-regiment","tag-bayerisches-militaer-verdienstkreuz","tag-egling","tag-eisernes-kreuz-2-klasse","tag-frankreich","tag-gefreiter","tag-gutsbesitzerssohn","tag-somme-py","tag-souain"],"_links":{"self":[{"href":"https:\/\/geschichte-hautnah.de\/www\/index.php?rest_route=\/wp\/v2\/posts\/18010","targetHints":{"allow":["GET"]}}],"collection":[{"href":"https:\/\/geschichte-hautnah.de\/www\/index.php?rest_route=\/wp\/v2\/posts"}],"about":[{"href":"https:\/\/geschichte-hautnah.de\/www\/index.php?rest_route=\/wp\/v2\/types\/post"}],"author":[{"embeddable":true,"href":"https:\/\/geschichte-hautnah.de\/www\/index.php?rest_route=\/wp\/v2\/users\/2"}],"replies":[{"embeddable":true,"href":"https:\/\/geschichte-hautnah.de\/www\/index.php?rest_route=%2Fwp%2Fv2%2Fcomments&post=18010"}],"version-history":[{"count":5,"href":"https:\/\/geschichte-hautnah.de\/www\/index.php?rest_route=\/wp\/v2\/posts\/18010\/revisions"}],"predecessor-version":[{"id":18015,"href":"https:\/\/geschichte-hautnah.de\/www\/index.php?rest_route=\/wp\/v2\/posts\/18010\/revisions\/18015"}],"wp:attachment":[{"href":"https:\/\/geschichte-hautnah.de\/www\/index.php?rest_route=%2Fwp%2Fv2%2Fmedia&parent=18010"}],"wp:term":[{"taxonomy":"category","embeddable":true,"href":"https:\/\/geschichte-hautnah.de\/www\/index.php?rest_route=%2Fwp%2Fv2%2Fcategories&post=18010"},{"taxonomy":"post_tag","embeddable":true,"href":"https:\/\/geschichte-hautnah.de\/www\/index.php?rest_route=%2Fwp%2Fv2%2Ftags&post=18010"}],"curies":[{"name":"wp","href":"https:\/\/api.w.org\/{rel}","templated":true}]}}