{"id":18083,"date":"2023-04-02T00:00:31","date_gmt":"2023-04-01T22:00:31","guid":{"rendered":"https:\/\/geschichte-hautnah.de\/www\/?p=18083"},"modified":"2020-02-07T06:21:21","modified_gmt":"2020-02-07T05:21:21","slug":"die-maenner-des-ersten-weltkrieges-teil-1-787-joseph-zitzelsberger","status":"publish","type":"post","link":"https:\/\/geschichte-hautnah.de\/www\/?p=18083","title":{"rendered":"Die M\u00e4nner des Ersten Weltkrieges \u2013 Teil 1.787: Joseph Zitzelsberger"},"content":{"rendered":"<p>Der Soldat Joseph Zitzelsberger wurde am 21.06.1898\u00a0 in der niederbayerischen Stadt <a href=\"https:\/\/de.wikipedia.org\/wiki\/Mainburg\" target=\"_blank\" rel=\"noopener noreferrer\">Mainburg<\/a> als Sohn eines Schneidermeisters geboren. Im Ersten Weltkrieg diente er in der 6. Kompanie des 4. bayerischen Reserve-Infanterie-Regiments als Kriegsfreiwilliger. Am 24.09.1916 verstarb er im Alter von nur 18 Jahren im Reservelazarett in Nei\u00dfe an einer schwerem Verwundung bei den Stellungsk\u00e4mpfen zwischen Maas und Mosel.<\/p>\n<p>Joseph Zitzelsberger d\u00fcrfte in Nei\u00dfe auf dem \u00f6rtlichen Friedhof beerdigt worden sein und das Grab d\u00fcrfte auch heute noch existieren.<\/p>\n<figure id=\"attachment_17958\" aria-describedby=\"caption-attachment-17958\" style=\"width: 800px\" class=\"wp-caption aligncenter\"><img loading=\"lazy\" decoding=\"async\" class=\"size-full wp-image-17958\" src=\"https:\/\/geschichte-hautnah.de\/www\/wp-content\/uploads\/2020\/01\/Joseph_Zitzelsberger_v.jpeg\" alt=\"\" width=\"800\" height=\"640\" srcset=\"https:\/\/geschichte-hautnah.de\/www\/wp-content\/uploads\/2020\/01\/Joseph_Zitzelsberger_v.jpeg 800w, https:\/\/geschichte-hautnah.de\/www\/wp-content\/uploads\/2020\/01\/Joseph_Zitzelsberger_v-300x240.jpeg 300w, https:\/\/geschichte-hautnah.de\/www\/wp-content\/uploads\/2020\/01\/Joseph_Zitzelsberger_v-768x614.jpeg 768w\" sizes=\"auto, (max-width: 800px) 100vw, 800px\" \/><figcaption id=\"caption-attachment-17958\" class=\"wp-caption-text\">Sterbebild von Joseph Zitzelsberger<\/figcaption><\/figure>\n<figure id=\"attachment_17957\" aria-describedby=\"caption-attachment-17957\" style=\"width: 800px\" class=\"wp-caption aligncenter\"><img loading=\"lazy\" decoding=\"async\" class=\"size-full wp-image-17957\" src=\"https:\/\/geschichte-hautnah.de\/www\/wp-content\/uploads\/2020\/01\/Joseph_Zitzelsberger_h.jpeg\" alt=\"\" width=\"800\" height=\"640\" srcset=\"https:\/\/geschichte-hautnah.de\/www\/wp-content\/uploads\/2020\/01\/Joseph_Zitzelsberger_h.jpeg 800w, https:\/\/geschichte-hautnah.de\/www\/wp-content\/uploads\/2020\/01\/Joseph_Zitzelsberger_h-300x240.jpeg 300w, https:\/\/geschichte-hautnah.de\/www\/wp-content\/uploads\/2020\/01\/Joseph_Zitzelsberger_h-768x614.jpeg 768w\" sizes=\"auto, (max-width: 800px) 100vw, 800px\" \/><figcaption id=\"caption-attachment-17957\" class=\"wp-caption-text\">R\u00fcckseite des Sterbebildes von Joseph Zitzelsberger<\/figcaption><\/figure>\n","protected":false},"excerpt":{"rendered":"<p>Der Soldat Joseph Zitzelsberger wurde am 21.06.1898\u00a0 in der niederbayerischen Stadt Mainburg als Sohn eines Schneidermeisters geboren. Im Ersten Weltkrieg diente er in der 6. Kompanie des 4. bayerischen Reserve-Infanterie-Regiments als Kriegsfreiwilliger. Am 24.09.1916 verstarb er im Alter von nur 18 Jahren im Reservelazarett in Nei\u00dfe an einer schwerem Verwundung bei den Stellungsk\u00e4mpfen zwischen Maas [&hellip;]<\/p>\n","protected":false},"author":2,"featured_media":0,"comment_status":"closed","ping_status":"closed","sticky":false,"template":"","format":"standard","meta":{"footnotes":"","_wp_rev_ctl_limit":""},"categories":[2],"tags":[525,1366,104,4950,5159,1941,771],"class_list":["post-18083","post","type-post","status-publish","format-standard","hentry","category-1-weltkrieg","tag-4-bayerisches-reserve-infanterie-regiment","tag-bayern","tag-kriegsfreiwilliger","tag-mainburg","tag-reservelazarett-neisse","tag-schneidermeisterssohn","tag-schwere-verwundung"],"_links":{"self":[{"href":"https:\/\/geschichte-hautnah.de\/www\/index.php?rest_route=\/wp\/v2\/posts\/18083","targetHints":{"allow":["GET"]}}],"collection":[{"href":"https:\/\/geschichte-hautnah.de\/www\/index.php?rest_route=\/wp\/v2\/posts"}],"about":[{"href":"https:\/\/geschichte-hautnah.de\/www\/index.php?rest_route=\/wp\/v2\/types\/post"}],"author":[{"embeddable":true,"href":"https:\/\/geschichte-hautnah.de\/www\/index.php?rest_route=\/wp\/v2\/users\/2"}],"replies":[{"embeddable":true,"href":"https:\/\/geschichte-hautnah.de\/www\/index.php?rest_route=%2Fwp%2Fv2%2Fcomments&post=18083"}],"version-history":[{"count":6,"href":"https:\/\/geschichte-hautnah.de\/www\/index.php?rest_route=\/wp\/v2\/posts\/18083\/revisions"}],"predecessor-version":[{"id":18089,"href":"https:\/\/geschichte-hautnah.de\/www\/index.php?rest_route=\/wp\/v2\/posts\/18083\/revisions\/18089"}],"wp:attachment":[{"href":"https:\/\/geschichte-hautnah.de\/www\/index.php?rest_route=%2Fwp%2Fv2%2Fmedia&parent=18083"}],"wp:term":[{"taxonomy":"category","embeddable":true,"href":"https:\/\/geschichte-hautnah.de\/www\/index.php?rest_route=%2Fwp%2Fv2%2Fcategories&post=18083"},{"taxonomy":"post_tag","embeddable":true,"href":"https:\/\/geschichte-hautnah.de\/www\/index.php?rest_route=%2Fwp%2Fv2%2Ftags&post=18083"}],"curies":[{"name":"wp","href":"https:\/\/api.w.org\/{rel}","templated":true}]}}