{"id":18182,"date":"2023-04-12T00:00:07","date_gmt":"2023-04-11T22:00:07","guid":{"rendered":"https:\/\/geschichte-hautnah.de\/www\/?p=18182"},"modified":"2020-02-10T12:55:36","modified_gmt":"2020-02-10T11:55:36","slug":"die-maenner-des-ersten-weltkrieges-teil-1-796-josef-altmannsperger","status":"publish","type":"post","link":"https:\/\/geschichte-hautnah.de\/www\/?p=18182","title":{"rendered":"Die M\u00e4nner des Ersten Weltkrieges \u2013 Teil 1.796: Josef Altmannsperger"},"content":{"rendered":"<p>Der Soldat\u00a0 Josef Altmannsperger stammte aus Stockland, heute ein Ortsteil der bayerischen Gemeinde <a href=\"https:\/\/de.wikipedia.org\/wiki\/Egglham\" target=\"_blank\" rel=\"noopener noreferrer\">Egglham<\/a>, und war der Sohn eines Kleinbauern. Im Ersten Weltkrieg diente er in der 10. Kompanie des 2. bayerischen Infanterie-Regiments. Am 08.06.1916 fiel er im Alter von 20 Jahren bei der <a href=\"https:\/\/de.wikipedia.org\/wiki\/Schlacht_um_Verdun\" target=\"_blank\" rel=\"noopener noreferrer\">Schlacht um Verdun<\/a> w\u00e4hrend der K\u00e4mpfe um die Wabengr\u00e4ben im Thiaumond-Wald und um die Thiaumont-Ferme durch Kopfschuss. Er fiel gleich beim ersten Sturm auf die Wabengr\u00e4ben.<\/p>\n<p>\u00dcber den Todestag berichtet die Regimentsgeschichte des 2. bayerischen Infanterie-Regiments:<\/p>\n<blockquote><p><em>&#8222;Am 08.06.1916 10 Uhr vormittags traten I. und III. Bataillon zum Sturme an. Kaum hatten die ersten Wellen ihre Gr\u00e4ben und Granatl\u00f6cher verlassen, sio erhielten sie ein vernichtendes MG-Feuer vom R\u00fccken westlich des Thiaumont-Waldes und der Thiaumont-Ferme und besonders auch aus den Sappenk\u00f6pfen der Wabengrabenstellung selbst. Auch die zweite und dritte Welle folgte unmittelbar. Auch sie geriet in das MG-Feuer und in das jetzt eben einsetzende feindliche Sperrfeuer.<\/em><\/p>\n<p><em>Am rechten Fl\u00fcgel bleiben die vorst\u00fcrmenden Truppen vor dem unversehrten feindlichen Hindernis liegen Die Masse der Sturmtruppen ist es nur gelungen, unter schweren Verlusten bis in die eigene vorderste Stellung zu kommen. Trotzdem gelingt es beim I. Bataillon einige Sto\u00dftrupps in die Wabengr\u00e4ben einzudringen, ja sogar Gefangene zu machen und bis zur\u00fcck zur Befehlsstelle konnte man ein paar Leute sehen, die triumphierend ein erbeutetes Maschinengewehr aus einem Loch zogen und hoch in der Luft schwangen. Aber aus den unversehrten Unterst\u00e4nden der Wabengr\u00e4ben kriechen franz\u00f6sische Massen hervor und es entspinnt sich in den Gr\u00e4ben ein dreiviertelst\u00fcndiger schwerer Kampf mit Bajonett und Handgranate. Einige der St\u00fcrmer kommen in die vorderste Stellung des Regiments wieder zur\u00fcck, die Mehrzahl ist gefallen oder von der \u00dcbermacht \u00fcberw\u00e4ltigt. Auch der Angriff, der gleichzeitig eingesetzten 2. Infanterie-Division kam \u00fcber die Anf\u00e4nge nicht hinaus. Nachmittags setzte eine erneute Artillerievorbereitung auf deutscher Seite ein. Um 8 Uhr abends soll der Angriff wiederholt werden; er kam jedoch wegen der versp\u00e4teten Befehle und infolge Vermischung der Verb\u00e4nde erst am n\u00e4chsten Morgen zur Ausf\u00fchrung und auch da nicht \u00fcber die erste Entwicklung hinaus.&#8220;<\/em><\/p><\/blockquote>\n<p>Ein sinnloser Tod.<\/p>\n<p><span data-sheets-value=\"{&quot;1&quot;:2,&quot;2&quot;:&quot;Hautecourt-l\u00e8s-Broville&quot;}\" data-sheets-userformat=\"{&quot;2&quot;:1049089,&quot;3&quot;:{&quot;1&quot;:0},&quot;12&quot;:0,&quot;23&quot;:1}\" data-sheets-formula=\"=HYPERLINK(&quot;https:\/\/goo.gl\/maps\/EGHJFoxDbwm&quot;;&quot;Hautecourt-l\u00e8s-Broville&quot;)\" data-sheets-hyperlink=\"https:\/\/goo.gl\/maps\/EGHJFoxDbwm\">Man begrub Josef Altmannsperger auf dem Soldatenfriedhof <a class=\"in-cell-link\" href=\"https:\/\/goo.gl\/maps\/EGHJFoxDbwm\" target=\"_blank\" rel=\"noopener noreferrer\">Hautecourt-l\u00e8s-Broville<\/a><\/span> in einem Massengrab.<\/p>\n<figure id=\"attachment_18144\" aria-describedby=\"caption-attachment-18144\" style=\"width: 800px\" class=\"wp-caption aligncenter\"><img loading=\"lazy\" decoding=\"async\" class=\"size-full wp-image-18144\" src=\"https:\/\/geschichte-hautnah.de\/www\/wp-content\/uploads\/2020\/02\/Josef_Altmannsperger_v.jpeg\" alt=\"\" width=\"800\" height=\"614\" srcset=\"https:\/\/geschichte-hautnah.de\/www\/wp-content\/uploads\/2020\/02\/Josef_Altmannsperger_v.jpeg 800w, https:\/\/geschichte-hautnah.de\/www\/wp-content\/uploads\/2020\/02\/Josef_Altmannsperger_v-300x230.jpeg 300w, https:\/\/geschichte-hautnah.de\/www\/wp-content\/uploads\/2020\/02\/Josef_Altmannsperger_v-768x589.jpeg 768w\" sizes=\"auto, (max-width: 800px) 100vw, 800px\" \/><figcaption id=\"caption-attachment-18144\" class=\"wp-caption-text\">Sterbebild von Josef Altmannsperger<\/figcaption><\/figure>\n<figure id=\"attachment_18143\" aria-describedby=\"caption-attachment-18143\" style=\"width: 800px\" class=\"wp-caption aligncenter\"><img loading=\"lazy\" decoding=\"async\" class=\"size-full wp-image-18143\" src=\"https:\/\/geschichte-hautnah.de\/www\/wp-content\/uploads\/2020\/02\/Josef_Altmannsperger_h.jpeg\" alt=\"\" width=\"800\" height=\"614\" srcset=\"https:\/\/geschichte-hautnah.de\/www\/wp-content\/uploads\/2020\/02\/Josef_Altmannsperger_h.jpeg 800w, https:\/\/geschichte-hautnah.de\/www\/wp-content\/uploads\/2020\/02\/Josef_Altmannsperger_h-300x230.jpeg 300w, https:\/\/geschichte-hautnah.de\/www\/wp-content\/uploads\/2020\/02\/Josef_Altmannsperger_h-768x589.jpeg 768w\" sizes=\"auto, (max-width: 800px) 100vw, 800px\" \/><figcaption id=\"caption-attachment-18143\" class=\"wp-caption-text\">R\u00fcckseite des Sterbebildes von Josef Altmannsperger<\/figcaption><\/figure>\n","protected":false},"excerpt":{"rendered":"<p>Der Soldat\u00a0 Josef Altmannsperger stammte aus Stockland, heute ein Ortsteil der bayerischen Gemeinde Egglham, und war der Sohn eines Kleinbauern. Im Ersten Weltkrieg diente er in der 10. Kompanie des 2. bayerischen Infanterie-Regiments. Am 08.06.1916 fiel er im Alter von 20 Jahren bei der Schlacht um Verdun w\u00e4hrend der K\u00e4mpfe um die Wabengr\u00e4ben im Thiaumond-Wald [&hellip;]<\/p>\n","protected":false},"author":2,"featured_media":0,"comment_status":"closed","ping_status":"closed","sticky":false,"template":"","format":"standard","meta":{"footnotes":"","_wp_rev_ctl_limit":""},"categories":[2,8,1876,16],"tags":[3475,1366,3439,551,267,1078,295,598,92,1087,3155,5180,5178,4894,5179,2778],"class_list":["post-18182","post","type-post","status-publish","format-standard","hentry","category-1-weltkrieg","category-sterbebilder","category-frankreich-1-weltkrieg","category-verdun","tag-2-bayerisches-iinfanterie-regiment","tag-bayern","tag-egglham","tag-guetlerssohn","tag-hautecourt-les-broville","tag-kleinbauer","tag-kopfschuss","tag-lothringen","tag-massengrab","tag-regimentsgeschichte","tag-schlacht-um-verdun","tag-sinnloser-tod","tag-stockland","tag-thiaumont-ferme","tag-thiaumont-wald","tag-wabengraeben"],"_links":{"self":[{"href":"https:\/\/geschichte-hautnah.de\/www\/index.php?rest_route=\/wp\/v2\/posts\/18182","targetHints":{"allow":["GET"]}}],"collection":[{"href":"https:\/\/geschichte-hautnah.de\/www\/index.php?rest_route=\/wp\/v2\/posts"}],"about":[{"href":"https:\/\/geschichte-hautnah.de\/www\/index.php?rest_route=\/wp\/v2\/types\/post"}],"author":[{"embeddable":true,"href":"https:\/\/geschichte-hautnah.de\/www\/index.php?rest_route=\/wp\/v2\/users\/2"}],"replies":[{"embeddable":true,"href":"https:\/\/geschichte-hautnah.de\/www\/index.php?rest_route=%2Fwp%2Fv2%2Fcomments&post=18182"}],"version-history":[{"count":7,"href":"https:\/\/geschichte-hautnah.de\/www\/index.php?rest_route=\/wp\/v2\/posts\/18182\/revisions"}],"predecessor-version":[{"id":18189,"href":"https:\/\/geschichte-hautnah.de\/www\/index.php?rest_route=\/wp\/v2\/posts\/18182\/revisions\/18189"}],"wp:attachment":[{"href":"https:\/\/geschichte-hautnah.de\/www\/index.php?rest_route=%2Fwp%2Fv2%2Fmedia&parent=18182"}],"wp:term":[{"taxonomy":"category","embeddable":true,"href":"https:\/\/geschichte-hautnah.de\/www\/index.php?rest_route=%2Fwp%2Fv2%2Fcategories&post=18182"},{"taxonomy":"post_tag","embeddable":true,"href":"https:\/\/geschichte-hautnah.de\/www\/index.php?rest_route=%2Fwp%2Fv2%2Ftags&post=18182"}],"curies":[{"name":"wp","href":"https:\/\/api.w.org\/{rel}","templated":true}]}}