{"id":18413,"date":"2023-05-08T00:00:38","date_gmt":"2023-05-07T22:00:38","guid":{"rendered":"https:\/\/geschichte-hautnah.de\/www\/?p=18413"},"modified":"2020-02-22T16:15:05","modified_gmt":"2020-02-22T15:15:05","slug":"die-maenner-des-ersten-weltkrieges-teil-1-822-georg-grassl","status":"publish","type":"post","link":"https:\/\/geschichte-hautnah.de\/www\/?p=18413","title":{"rendered":"Die M\u00e4nner des Ersten Weltkrieges \u2013 Teil 1.822: Georg Gra\u00dfl"},"content":{"rendered":"<p>Der Soldat Georg Gra\u00dfl war Landwirtschaftspraktikant. Im Ersten Weltkrieg k\u00e4mpfte er im 10. bayerischen Infanterie-Regiment. Am 28.02.1916 verstarb er im Alter von 19 Jahren w\u00e4hrend der Stellungsk\u00e4mpfe im Aillywald an einer Lungenentz\u00fcndung im Festungslazarett Diedenhofen. Er erkrankte sicherlich w\u00e4hrend der grausamen Stellungsk\u00e4mpfe in diesem Wald vor Satint-Mihiel w\u00e4hrend der emfindlich kalten N\u00e4chte in Lothringen.<\/p>\n<p>Offiziell ist f\u00fcr Georg Gra\u00dfl keine Grablage bekannt. Da er im Festungslazarett Diedenhofen verstarb, gehe ich davon aus, dass er auf dem Soldatenfriedhof <a href=\"https:\/\/de.wikipedia.org\/wiki\/Thionville\" target=\"_blank\" rel=\"noopener noreferrer\">Thionville<\/a> anonym in einem Massengrab beigesetzt wurde.<\/p>\n<figure id=\"attachment_18368\" aria-describedby=\"caption-attachment-18368\" style=\"width: 521px\" class=\"wp-caption aligncenter\"><img loading=\"lazy\" decoding=\"async\" class=\"size-full wp-image-18368\" src=\"https:\/\/geschichte-hautnah.de\/www\/wp-content\/uploads\/2020\/02\/Georg_Gra\u00dfl_v.jpeg\" alt=\"\" width=\"521\" height=\"800\" srcset=\"https:\/\/geschichte-hautnah.de\/www\/wp-content\/uploads\/2020\/02\/Georg_Gra\u00dfl_v.jpeg 521w, https:\/\/geschichte-hautnah.de\/www\/wp-content\/uploads\/2020\/02\/Georg_Gra\u00dfl_v-195x300.jpeg 195w\" sizes=\"auto, (max-width: 521px) 100vw, 521px\" \/><figcaption id=\"caption-attachment-18368\" class=\"wp-caption-text\">Sterbebild von Georg Gra\u00dfl<\/figcaption><\/figure>\n<figure id=\"attachment_18367\" aria-describedby=\"caption-attachment-18367\" style=\"width: 521px\" class=\"wp-caption aligncenter\"><img loading=\"lazy\" decoding=\"async\" class=\"size-full wp-image-18367\" src=\"https:\/\/geschichte-hautnah.de\/www\/wp-content\/uploads\/2020\/02\/Georg_Gra\u00dfl_h.jpeg\" alt=\"\" width=\"521\" height=\"800\" srcset=\"https:\/\/geschichte-hautnah.de\/www\/wp-content\/uploads\/2020\/02\/Georg_Gra\u00dfl_h.jpeg 521w, https:\/\/geschichte-hautnah.de\/www\/wp-content\/uploads\/2020\/02\/Georg_Gra\u00dfl_h-195x300.jpeg 195w\" sizes=\"auto, (max-width: 521px) 100vw, 521px\" \/><figcaption id=\"caption-attachment-18367\" class=\"wp-caption-text\">R\u00fcckseite des Sterbebildes von Georg Gra\u00dfl<\/figcaption><\/figure>\n","protected":false},"excerpt":{"rendered":"<p>Der Soldat Georg Gra\u00dfl war Landwirtschaftspraktikant. Im Ersten Weltkrieg k\u00e4mpfte er im 10. bayerischen Infanterie-Regiment. Am 28.02.1916 verstarb er im Alter von 19 Jahren w\u00e4hrend der Stellungsk\u00e4mpfe im Aillywald an einer Lungenentz\u00fcndung im Festungslazarett Diedenhofen. Er erkrankte sicherlich w\u00e4hrend der grausamen Stellungsk\u00e4mpfe in diesem Wald vor Satint-Mihiel w\u00e4hrend der emfindlich kalten N\u00e4chte in Lothringen. Offiziell [&hellip;]<\/p>\n","protected":false},"author":2,"featured_media":0,"comment_status":"closed","ping_status":"closed","sticky":false,"template":"","format":"standard","meta":{"footnotes":"","_wp_rev_ctl_limit":""},"categories":[2,8,1876],"tags":[178,1110,1432,3317,4659,899,1433],"class_list":["post-18413","post","type-post","status-publish","format-standard","hentry","category-1-weltkrieg","category-sterbebilder","category-frankreich-1-weltkrieg","tag-10-bayerisches-infanterie-regiment","tag-ailly-wald","tag-diedenhofen","tag-kriegslazarett-diedenhofen","tag-landwirtschaftspraktikant","tag-saint-mihiel","tag-thionville"],"_links":{"self":[{"href":"https:\/\/geschichte-hautnah.de\/www\/index.php?rest_route=\/wp\/v2\/posts\/18413","targetHints":{"allow":["GET"]}}],"collection":[{"href":"https:\/\/geschichte-hautnah.de\/www\/index.php?rest_route=\/wp\/v2\/posts"}],"about":[{"href":"https:\/\/geschichte-hautnah.de\/www\/index.php?rest_route=\/wp\/v2\/types\/post"}],"author":[{"embeddable":true,"href":"https:\/\/geschichte-hautnah.de\/www\/index.php?rest_route=\/wp\/v2\/users\/2"}],"replies":[{"embeddable":true,"href":"https:\/\/geschichte-hautnah.de\/www\/index.php?rest_route=%2Fwp%2Fv2%2Fcomments&post=18413"}],"version-history":[{"count":5,"href":"https:\/\/geschichte-hautnah.de\/www\/index.php?rest_route=\/wp\/v2\/posts\/18413\/revisions"}],"predecessor-version":[{"id":18418,"href":"https:\/\/geschichte-hautnah.de\/www\/index.php?rest_route=\/wp\/v2\/posts\/18413\/revisions\/18418"}],"wp:attachment":[{"href":"https:\/\/geschichte-hautnah.de\/www\/index.php?rest_route=%2Fwp%2Fv2%2Fmedia&parent=18413"}],"wp:term":[{"taxonomy":"category","embeddable":true,"href":"https:\/\/geschichte-hautnah.de\/www\/index.php?rest_route=%2Fwp%2Fv2%2Fcategories&post=18413"},{"taxonomy":"post_tag","embeddable":true,"href":"https:\/\/geschichte-hautnah.de\/www\/index.php?rest_route=%2Fwp%2Fv2%2Ftags&post=18413"}],"curies":[{"name":"wp","href":"https:\/\/api.w.org\/{rel}","templated":true}]}}