{"id":18570,"date":"2023-05-26T00:00:25","date_gmt":"2023-05-25T22:00:25","guid":{"rendered":"https:\/\/geschichte-hautnah.de\/www\/?p=18570"},"modified":"2020-02-28T20:22:07","modified_gmt":"2020-02-28T19:22:07","slug":"die-maenner-des-ersten-weltkrieges-teil-1-839-sebastian-steffinger","status":"publish","type":"post","link":"https:\/\/geschichte-hautnah.de\/www\/?p=18570","title":{"rendered":"Die M\u00e4nner des Ersten Weltkrieges \u2013 Teil 1.840: Sebastian Steffinger"},"content":{"rendered":"<p>Der Unteroffizier Sebastian Steffinger stammte aus <a href=\"https:\/\/de.wikipedia.org\/wiki\/W%C3%B6rnsm%C3%BChl\" target=\"_blank\" rel=\"noopener noreferrer\">W\u00f6rnsm\u00fchl<\/a>, heute ein Ortsteil der bayerischen Gemeinde <a href=\"https:\/\/de.wikipedia.org\/wiki\/Fischbachau\" target=\"_blank\" rel=\"noopener noreferrer\">Fischbachau<\/a>, und war Zimmermann. Im Ersten Weltkrieg k\u00e4mpfte er in der 1. Kompanie des 12. bayerischen Landwehr-Infanterie-Regiments. Am 06.02.1916 verungl\u00fcckte er im Alter von 34 Jahren nach 18 Monate Kriegsdienst w\u00e4hrend der Stellungsk\u00e4mpfe im Oberelsass am <a href=\"https:\/\/de.wikipedia.org\/wiki\/T%C3%AAte_des_Faux\" target=\"_blank\" rel=\"noopener noreferrer\">Buchenkopf<\/a> (franz\u00f6sisch: T\u00eate des Faux) t\u00f6dlich. Er war 7 1\/2 Jahre verheiratet.<\/p>\n<p><span data-sheets-value=\"{&quot;1&quot;:2,&quot;2&quot;:&quot;Hohrod&quot;}\" data-sheets-userformat=\"{&quot;2&quot;:1049089,&quot;3&quot;:{&quot;1&quot;:0},&quot;12&quot;:0,&quot;23&quot;:1}\" data-sheets-formula=\"=HYPERLINK(&quot;https:\/\/www.google.de\/maps\/place\/La+n%C3%A9cropole+allemande+du+Linge+Hohrod\/@48.0789162,7.1419617,494m\/data=!3m1!1e3!4m12!1m6!3m5!1s0x4793d8d8db925e89:0xba92ac4cb3276849!2sLinge+Memorial!8m2!3d48.083526!4d7.140328!3m4!1s0x4793d8ddb8ffffff:0xf865918dce0a94d2!8m2!3d48.0789042!4d7.1443239&quot;;&quot;Hohrod&quot;)\" data-sheets-hyperlink=\"https:\/\/www.google.de\/maps\/place\/La+n%C3%A9cropole+allemande+du+Linge+Hohrod\/@48.0789162,7.1419617,494m\/data=!3m1!1e3!4m12!1m6!3m5!1s0x4793d8d8db925e89:0xba92ac4cb3276849!2sLinge+Memorial!8m2!3d48.083526!4d7.140328!3m4!1s0x4793d8ddb8ffffff:0xf865918dce0a94d2!8m2!3d48.0789042!4d7.1443239\">Man begrub Sebastian Steffinger auf dem Soldatenfriedhof <a class=\"in-cell-link\" href=\"https:\/\/www.google.de\/maps\/place\/La+n%C3%A9cropole+allemande+du+Linge+Hohrod\/@48.0789162,7.1419617,494m\/data=!3m1!1e3!4m12!1m6!3m5!1s0x4793d8d8db925e89:0xba92ac4cb3276849!2sLinge+Memorial!8m2!3d48.083526!4d7.140328!3m4!1s0x4793d8ddb8ffffff:0xf865918dce0a94d2!8m2!3d48.0789042!4d7.1443239\" target=\"_blank\" rel=\"noopener noreferrer\">Hohrod<\/a><\/span> in Block 3, Grab 224.<\/p>\n<p>Die Gemeinde, in der er zuletzt lebte, Wang, gedenkt Sebastian Steffinger noch heute auf einem Denkmal: <a href=\"http:\/\/www.denkmalprojekt.org\/2014\/wang_gem-unterreit_lk-muehldorf-a-inn_1809_1870_wk1_wk2_bay.html\" target=\"_blank\" rel=\"noopener noreferrer\">http:\/\/www.denkmalprojekt.org\/2014\/wang_gem-unterreit_lk-muehldorf-a-inn_1809_1870_wk1_wk2_bay.html<\/a><\/p>\n<figure id=\"attachment_18542\" aria-describedby=\"caption-attachment-18542\" style=\"width: 564px\" class=\"wp-caption aligncenter\"><img loading=\"lazy\" decoding=\"async\" class=\"size-full wp-image-18542\" src=\"https:\/\/geschichte-hautnah.de\/www\/wp-content\/uploads\/2020\/02\/Sebastian_Steffinger_v.jpg\" alt=\"\" width=\"564\" height=\"800\" srcset=\"https:\/\/geschichte-hautnah.de\/www\/wp-content\/uploads\/2020\/02\/Sebastian_Steffinger_v.jpg 564w, https:\/\/geschichte-hautnah.de\/www\/wp-content\/uploads\/2020\/02\/Sebastian_Steffinger_v-212x300.jpg 212w\" sizes=\"auto, (max-width: 564px) 100vw, 564px\" \/><figcaption id=\"caption-attachment-18542\" class=\"wp-caption-text\">Sterbebild von Sebastian Steffinger<\/figcaption><\/figure>\n<figure id=\"attachment_18541\" aria-describedby=\"caption-attachment-18541\" style=\"width: 564px\" class=\"wp-caption aligncenter\"><img loading=\"lazy\" decoding=\"async\" class=\"size-full wp-image-18541\" src=\"https:\/\/geschichte-hautnah.de\/www\/wp-content\/uploads\/2020\/02\/Sebastian_Steffinger_h.jpg\" alt=\"\" width=\"564\" height=\"800\" srcset=\"https:\/\/geschichte-hautnah.de\/www\/wp-content\/uploads\/2020\/02\/Sebastian_Steffinger_h.jpg 564w, https:\/\/geschichte-hautnah.de\/www\/wp-content\/uploads\/2020\/02\/Sebastian_Steffinger_h-212x300.jpg 212w\" sizes=\"auto, (max-width: 564px) 100vw, 564px\" \/><figcaption id=\"caption-attachment-18541\" class=\"wp-caption-text\">R\u00fcckseite des Sterbebildes von Sebastian Steffinger<\/figcaption><\/figure>\n","protected":false},"excerpt":{"rendered":"<p>Der Unteroffizier Sebastian Steffinger stammte aus W\u00f6rnsm\u00fchl, heute ein Ortsteil der bayerischen Gemeinde Fischbachau, und war Zimmermann. Im Ersten Weltkrieg k\u00e4mpfte er in der 1. Kompanie des 12. bayerischen Landwehr-Infanterie-Regiments. Am 06.02.1916 verungl\u00fcckte er im Alter von 34 Jahren nach 18 Monate Kriegsdienst w\u00e4hrend der Stellungsk\u00e4mpfe im Oberelsass am Buchenkopf (franz\u00f6sisch: T\u00eate des Faux) t\u00f6dlich. [&hellip;]<\/p>\n","protected":false},"author":2,"featured_media":0,"comment_status":"closed","ping_status":"closed","sticky":false,"template":"","format":"standard","meta":{"footnotes":"","_wp_rev_ctl_limit":""},"categories":[2,8,1876,18],"tags":[957,1227,217,33,4253,36,91,1228,950,101,82,5272,1217],"class_list":["post-18570","post","type-post","status-publish","format-standard","hentry","category-1-weltkrieg","category-sterbebilder","category-frankreich-1-weltkrieg","category-vogesenkampfe","tag-12-bayerisches-landwehr-infanterie-regiment","tag-buchenkopf","tag-denkmal","tag-elsass","tag-fischbachau","tag-frankreich","tag-hohrod","tag-tete-des-faux","tag-toedlich-verunglueckt","tag-unteroffizier","tag-vogesen","tag-woernsmuehl","tag-zimmermann"],"_links":{"self":[{"href":"https:\/\/geschichte-hautnah.de\/www\/index.php?rest_route=\/wp\/v2\/posts\/18570","targetHints":{"allow":["GET"]}}],"collection":[{"href":"https:\/\/geschichte-hautnah.de\/www\/index.php?rest_route=\/wp\/v2\/posts"}],"about":[{"href":"https:\/\/geschichte-hautnah.de\/www\/index.php?rest_route=\/wp\/v2\/types\/post"}],"author":[{"embeddable":true,"href":"https:\/\/geschichte-hautnah.de\/www\/index.php?rest_route=\/wp\/v2\/users\/2"}],"replies":[{"embeddable":true,"href":"https:\/\/geschichte-hautnah.de\/www\/index.php?rest_route=%2Fwp%2Fv2%2Fcomments&post=18570"}],"version-history":[{"count":6,"href":"https:\/\/geschichte-hautnah.de\/www\/index.php?rest_route=\/wp\/v2\/posts\/18570\/revisions"}],"predecessor-version":[{"id":18576,"href":"https:\/\/geschichte-hautnah.de\/www\/index.php?rest_route=\/wp\/v2\/posts\/18570\/revisions\/18576"}],"wp:attachment":[{"href":"https:\/\/geschichte-hautnah.de\/www\/index.php?rest_route=%2Fwp%2Fv2%2Fmedia&parent=18570"}],"wp:term":[{"taxonomy":"category","embeddable":true,"href":"https:\/\/geschichte-hautnah.de\/www\/index.php?rest_route=%2Fwp%2Fv2%2Fcategories&post=18570"},{"taxonomy":"post_tag","embeddable":true,"href":"https:\/\/geschichte-hautnah.de\/www\/index.php?rest_route=%2Fwp%2Fv2%2Ftags&post=18570"}],"curies":[{"name":"wp","href":"https:\/\/api.w.org\/{rel}","templated":true}]}}