{"id":18653,"date":"2023-06-03T00:00:08","date_gmt":"2023-06-02T22:00:08","guid":{"rendered":"https:\/\/geschichte-hautnah.de\/www\/?p=18653"},"modified":"2020-03-03T06:18:30","modified_gmt":"2020-03-03T05:18:30","slug":"die-maenner-des-ersten-weltkrieges-teil-1-847-heinrich-knorr","status":"publish","type":"post","link":"https:\/\/geschichte-hautnah.de\/www\/?p=18653","title":{"rendered":"Die M\u00e4nner des Ersten Weltkrieges \u2013 Teil 1.847: Heinrich Knorr"},"content":{"rendered":"<p>Der Gefreite Heinrich Knorr wurde am 22.05.1890 in <a href=\"https:\/\/de.wikipedia.org\/wiki\/M%C3%B6nchengladbach\" target=\"_blank\" rel=\"noopener noreferrer\">M\u00f6nchengladbach<\/a> im heutigen Nordrhein-Westfalen geboren. Im Ersten Weltkrieg k\u00e4mpfte er in der 7. Kompanie des 30. preu\u00dfischen Infanterie-Regiments. Am 26.09.1916 fiel er w\u00e4hrend der <a href=\"https:\/\/de.wikipedia.org\/wiki\/Schlacht_um_Verdun\" target=\"_blank\" rel=\"noopener noreferrer\">Schlacht um Verdun<\/a> im Alter von 26 Jahren bei Romagne-sous-les-Cotes durch einen Granatsplitter, der ihn schwer verwundete.<\/p>\n<p><span data-sheets-value=\"{&quot;1&quot;:2,&quot;2&quot;:&quot;Romagne-sous-les-Cotes&quot;}\" data-sheets-userformat=\"{&quot;2&quot;:1049089,&quot;3&quot;:{&quot;1&quot;:0},&quot;12&quot;:0,&quot;23&quot;:1}\" data-sheets-formula=\"=HYPERLINK(&quot;https:\/\/goo.gl\/maps\/yjYCM8QRGoT2&quot;;&quot;Romagne-sous-les-Cotes&quot;)\" data-sheets-hyperlink=\"https:\/\/goo.gl\/maps\/yjYCM8QRGoT2\">Man bergub Heinrich Knorr auf dem Soldatenfriedhof <a class=\"in-cell-link\" href=\"https:\/\/goo.gl\/maps\/yjYCM8QRGoT2\" target=\"_blank\" rel=\"noopener noreferrer\">Romagne-sous-les-Cotes<\/a><\/span> in Block 16, Grab 86.<\/p>\n<figure id=\"attachment_18626\" aria-describedby=\"caption-attachment-18626\" style=\"width: 800px\" class=\"wp-caption aligncenter\"><img loading=\"lazy\" decoding=\"async\" class=\"size-full wp-image-18626\" src=\"https:\/\/geschichte-hautnah.de\/www\/wp-content\/uploads\/2020\/03\/Heinrich_Knorr_v.jpg\" alt=\"\" width=\"800\" height=\"619\" srcset=\"https:\/\/geschichte-hautnah.de\/www\/wp-content\/uploads\/2020\/03\/Heinrich_Knorr_v.jpg 800w, https:\/\/geschichte-hautnah.de\/www\/wp-content\/uploads\/2020\/03\/Heinrich_Knorr_v-300x232.jpg 300w, https:\/\/geschichte-hautnah.de\/www\/wp-content\/uploads\/2020\/03\/Heinrich_Knorr_v-768x594.jpg 768w\" sizes=\"auto, (max-width: 800px) 100vw, 800px\" \/><figcaption id=\"caption-attachment-18626\" class=\"wp-caption-text\">Sterbebild von Heinrich Knorr<\/figcaption><\/figure>\n<figure id=\"attachment_18625\" aria-describedby=\"caption-attachment-18625\" style=\"width: 800px\" class=\"wp-caption aligncenter\"><img loading=\"lazy\" decoding=\"async\" class=\"size-full wp-image-18625\" src=\"https:\/\/geschichte-hautnah.de\/www\/wp-content\/uploads\/2020\/03\/Heinrich_Knorr_h.jpg\" alt=\"\" width=\"800\" height=\"619\" srcset=\"https:\/\/geschichte-hautnah.de\/www\/wp-content\/uploads\/2020\/03\/Heinrich_Knorr_h.jpg 800w, https:\/\/geschichte-hautnah.de\/www\/wp-content\/uploads\/2020\/03\/Heinrich_Knorr_h-300x232.jpg 300w, https:\/\/geschichte-hautnah.de\/www\/wp-content\/uploads\/2020\/03\/Heinrich_Knorr_h-768x594.jpg 768w\" sizes=\"auto, (max-width: 800px) 100vw, 800px\" \/><figcaption id=\"caption-attachment-18625\" class=\"wp-caption-text\">R\u00fcckseite des Sterbebildes von Heinrich Knorr<\/figcaption><\/figure>\n","protected":false},"excerpt":{"rendered":"<p>Der Gefreite Heinrich Knorr wurde am 22.05.1890 in M\u00f6nchengladbach im heutigen Nordrhein-Westfalen geboren. Im Ersten Weltkrieg k\u00e4mpfte er in der 7. Kompanie des 30. preu\u00dfischen Infanterie-Regiments. Am 26.09.1916 fiel er w\u00e4hrend der Schlacht um Verdun im Alter von 26 Jahren bei Romagne-sous-les-Cotes durch einen Granatsplitter, der ihn schwer verwundete. Man bergub Heinrich Knorr auf dem [&hellip;]<\/p>\n","protected":false},"author":2,"featured_media":0,"comment_status":"closed","ping_status":"closed","sticky":false,"template":"","format":"standard","meta":{"footnotes":"","_wp_rev_ctl_limit":""},"categories":[2,8,1876,16],"tags":[494,153,132,598,5293,2609,236,3155,1117,125],"class_list":["post-18653","post","type-post","status-publish","format-standard","hentry","category-1-weltkrieg","category-sterbebilder","category-frankreich-1-weltkrieg","category-verdun","tag-30-infanterie-regiment","tag-gefreiter","tag-granatsplitter","tag-lothringen","tag-moenchengladbach","tag-nordrhein-westfalen","tag-romagne-sous-les-cotes","tag-schlacht-um-verdun","tag-schwer-verwundet","tag-verdun"],"_links":{"self":[{"href":"https:\/\/geschichte-hautnah.de\/www\/index.php?rest_route=\/wp\/v2\/posts\/18653","targetHints":{"allow":["GET"]}}],"collection":[{"href":"https:\/\/geschichte-hautnah.de\/www\/index.php?rest_route=\/wp\/v2\/posts"}],"about":[{"href":"https:\/\/geschichte-hautnah.de\/www\/index.php?rest_route=\/wp\/v2\/types\/post"}],"author":[{"embeddable":true,"href":"https:\/\/geschichte-hautnah.de\/www\/index.php?rest_route=\/wp\/v2\/users\/2"}],"replies":[{"embeddable":true,"href":"https:\/\/geschichte-hautnah.de\/www\/index.php?rest_route=%2Fwp%2Fv2%2Fcomments&post=18653"}],"version-history":[{"count":4,"href":"https:\/\/geschichte-hautnah.de\/www\/index.php?rest_route=\/wp\/v2\/posts\/18653\/revisions"}],"predecessor-version":[{"id":18657,"href":"https:\/\/geschichte-hautnah.de\/www\/index.php?rest_route=\/wp\/v2\/posts\/18653\/revisions\/18657"}],"wp:attachment":[{"href":"https:\/\/geschichte-hautnah.de\/www\/index.php?rest_route=%2Fwp%2Fv2%2Fmedia&parent=18653"}],"wp:term":[{"taxonomy":"category","embeddable":true,"href":"https:\/\/geschichte-hautnah.de\/www\/index.php?rest_route=%2Fwp%2Fv2%2Fcategories&post=18653"},{"taxonomy":"post_tag","embeddable":true,"href":"https:\/\/geschichte-hautnah.de\/www\/index.php?rest_route=%2Fwp%2Fv2%2Ftags&post=18653"}],"curies":[{"name":"wp","href":"https:\/\/api.w.org\/{rel}","templated":true}]}}