{"id":18703,"date":"2023-06-08T00:00:56","date_gmt":"2023-06-07T22:00:56","guid":{"rendered":"https:\/\/geschichte-hautnah.de\/www\/?p=18703"},"modified":"2020-03-04T17:08:28","modified_gmt":"2020-03-04T16:08:28","slug":"die-maenner-des-ersten-weltkrieges-teil-1-851-matthias-siller","status":"publish","type":"post","link":"https:\/\/geschichte-hautnah.de\/www\/?p=18703","title":{"rendered":"Die M\u00e4nner des Ersten Weltkrieges \u2013 Teil 1.852: Matthias Siller"},"content":{"rendered":"<p>Der \u00f6sterreichische Soldat Matthias Siller stammte aus Schellenberg und war Fabrikarbeiter. Im Ersten Weltkrieg diente er in der Kaiserlich und k\u00f6niglichen Divisions-Sanit\u00e4tskolonne Nr. 44. Am 22.06.1917 verstarb er im Alter von 51 Jahren in einem Lazarett in <a href=\"https:\/\/de.wikipedia.org\/wiki\/Br%C3%BCnn\" target=\"_blank\" rel=\"noopener noreferrer\">Br\u00fcnn<\/a> an einer schweren Verwundung.<\/p>\n<figure id=\"attachment_18634\" aria-describedby=\"caption-attachment-18634\" style=\"width: 485px\" class=\"wp-caption aligncenter\"><img loading=\"lazy\" decoding=\"async\" class=\"size-full wp-image-18634\" src=\"https:\/\/geschichte-hautnah.de\/www\/wp-content\/uploads\/2020\/03\/Matthias_Siller_v.jpg\" alt=\"\" width=\"485\" height=\"800\" srcset=\"https:\/\/geschichte-hautnah.de\/www\/wp-content\/uploads\/2020\/03\/Matthias_Siller_v.jpg 485w, https:\/\/geschichte-hautnah.de\/www\/wp-content\/uploads\/2020\/03\/Matthias_Siller_v-182x300.jpg 182w\" sizes=\"auto, (max-width: 485px) 100vw, 485px\" \/><figcaption id=\"caption-attachment-18634\" class=\"wp-caption-text\">Sterbebild von Matthias Siller<\/figcaption><\/figure>\n<figure id=\"attachment_18633\" aria-describedby=\"caption-attachment-18633\" style=\"width: 485px\" class=\"wp-caption aligncenter\"><img loading=\"lazy\" decoding=\"async\" class=\"size-full wp-image-18633\" src=\"https:\/\/geschichte-hautnah.de\/www\/wp-content\/uploads\/2020\/03\/Matthias_Siller_h.jpg\" alt=\"\" width=\"485\" height=\"800\" srcset=\"https:\/\/geschichte-hautnah.de\/www\/wp-content\/uploads\/2020\/03\/Matthias_Siller_h.jpg 485w, https:\/\/geschichte-hautnah.de\/www\/wp-content\/uploads\/2020\/03\/Matthias_Siller_h-182x300.jpg 182w\" sizes=\"auto, (max-width: 485px) 100vw, 485px\" \/><figcaption id=\"caption-attachment-18633\" class=\"wp-caption-text\">R\u00fcckseite des Sterbebildes von Matthias Siller<\/figcaption><\/figure>\n","protected":false},"excerpt":{"rendered":"<p>Der \u00f6sterreichische Soldat Matthias Siller stammte aus Schellenberg und war Fabrikarbeiter. Im Ersten Weltkrieg diente er in der Kaiserlich und k\u00f6niglichen Divisions-Sanit\u00e4tskolonne Nr. 44. Am 22.06.1917 verstarb er im Alter von 51 Jahren in einem Lazarett in Br\u00fcnn an einer schweren Verwundung.<\/p>\n","protected":false},"author":2,"featured_media":0,"comment_status":"closed","ping_status":"closed","sticky":false,"template":"","format":"standard","meta":{"footnotes":"","_wp_rev_ctl_limit":""},"categories":[2,8,2355],"tags":[5303,986,5304,815,5302,771],"class_list":["post-18703","post","type-post","status-publish","format-standard","hentry","category-1-weltkrieg","category-sterbebilder","category-oesterreicher","tag-44-k-u-k-sanitaetskolonne","tag-fabrikarbeiter","tag-lazarett-bruenn","tag-oesterreicher","tag-schellenberg","tag-schwere-verwundung"],"_links":{"self":[{"href":"https:\/\/geschichte-hautnah.de\/www\/index.php?rest_route=\/wp\/v2\/posts\/18703","targetHints":{"allow":["GET"]}}],"collection":[{"href":"https:\/\/geschichte-hautnah.de\/www\/index.php?rest_route=\/wp\/v2\/posts"}],"about":[{"href":"https:\/\/geschichte-hautnah.de\/www\/index.php?rest_route=\/wp\/v2\/types\/post"}],"author":[{"embeddable":true,"href":"https:\/\/geschichte-hautnah.de\/www\/index.php?rest_route=\/wp\/v2\/users\/2"}],"replies":[{"embeddable":true,"href":"https:\/\/geschichte-hautnah.de\/www\/index.php?rest_route=%2Fwp%2Fv2%2Fcomments&post=18703"}],"version-history":[{"count":5,"href":"https:\/\/geschichte-hautnah.de\/www\/index.php?rest_route=\/wp\/v2\/posts\/18703\/revisions"}],"predecessor-version":[{"id":18718,"href":"https:\/\/geschichte-hautnah.de\/www\/index.php?rest_route=\/wp\/v2\/posts\/18703\/revisions\/18718"}],"wp:attachment":[{"href":"https:\/\/geschichte-hautnah.de\/www\/index.php?rest_route=%2Fwp%2Fv2%2Fmedia&parent=18703"}],"wp:term":[{"taxonomy":"category","embeddable":true,"href":"https:\/\/geschichte-hautnah.de\/www\/index.php?rest_route=%2Fwp%2Fv2%2Fcategories&post=18703"},{"taxonomy":"post_tag","embeddable":true,"href":"https:\/\/geschichte-hautnah.de\/www\/index.php?rest_route=%2Fwp%2Fv2%2Ftags&post=18703"}],"curies":[{"name":"wp","href":"https:\/\/api.w.org\/{rel}","templated":true}]}}