{"id":18877,"date":"2023-07-02T00:00:50","date_gmt":"2023-07-01T22:00:50","guid":{"rendered":"https:\/\/geschichte-hautnah.de\/www\/?p=18877"},"modified":"2020-03-11T06:22:28","modified_gmt":"2020-03-11T05:22:28","slug":"die-maenner-des-zweiten-weltkrieges-teil-1-876-sebastian-eisner","status":"publish","type":"post","link":"https:\/\/geschichte-hautnah.de\/www\/?p=18877","title":{"rendered":"Die M\u00e4nner des Zweiten Weltkrieges \u2013 Teil 1.876: Sebastian Eisner"},"content":{"rendered":"<p>Der Soldat Sebastian Eisner stammte aus <a href=\"https:\/\/de.wikipedia.org\/wiki\/Wasserburg_am_Inn\" target=\"_blank\" rel=\"noopener noreferrer\">Wasserburg am Inn<\/a> und diente im Zweiten Weltkrieg als Obergefreiter in einem Gebirgsj\u00e4ger-Regiment. Er k\u00e4mpfte in Polen, Frankreich, Griechenland und Russland. Am 23.02.1944 verstarb er im Alter von 27 Jahren nach l\u00e4ngerer Krankheit\u00a0 und f\u00fcnf Jahren Kriegsdienst.<\/p>\n<p>Die Lages des Grabes von Sebastian Eisener konnte ich nicht ermitteln.<\/p>\n<p>Seine Heimatgemeinde Wasserburg am Inn gedenkt Sebastian Eisner noch heute auf einem Denkmal: <a href=\"http:\/\/www.denkmalprojekt.org\/2011\/wasserburg_am_inn_st._jakob_kirche_70-71_wk1_wk2_bay.html\" target=\"_blank\" rel=\"noopener noreferrer\">http:\/\/www.denkmalprojekt.org\/2011\/wasserburg_am_inn_st._jakob_kirche_70-71_wk1_wk2_bay.html<\/a><\/p>\n<figure id=\"attachment_18876\" aria-describedby=\"caption-attachment-18876\" style=\"width: 494px\" class=\"wp-caption aligncenter\"><img loading=\"lazy\" decoding=\"async\" class=\"size-full wp-image-18876\" src=\"https:\/\/geschichte-hautnah.de\/www\/wp-content\/uploads\/2020\/03\/Sebastian_Eisner_v.jpg\" alt=\"\" width=\"494\" height=\"800\" srcset=\"https:\/\/geschichte-hautnah.de\/www\/wp-content\/uploads\/2020\/03\/Sebastian_Eisner_v.jpg 494w, https:\/\/geschichte-hautnah.de\/www\/wp-content\/uploads\/2020\/03\/Sebastian_Eisner_v-185x300.jpg 185w\" sizes=\"auto, (max-width: 494px) 100vw, 494px\" \/><figcaption id=\"caption-attachment-18876\" class=\"wp-caption-text\">Sterbebild von Sebastian Eisner<\/figcaption><\/figure>\n<figure id=\"attachment_18875\" aria-describedby=\"caption-attachment-18875\" style=\"width: 494px\" class=\"wp-caption aligncenter\"><img loading=\"lazy\" decoding=\"async\" class=\"size-full wp-image-18875\" src=\"https:\/\/geschichte-hautnah.de\/www\/wp-content\/uploads\/2020\/03\/Sebastian_Eisner_h.jpg\" alt=\"\" width=\"494\" height=\"800\" srcset=\"https:\/\/geschichte-hautnah.de\/www\/wp-content\/uploads\/2020\/03\/Sebastian_Eisner_h.jpg 494w, https:\/\/geschichte-hautnah.de\/www\/wp-content\/uploads\/2020\/03\/Sebastian_Eisner_h-185x300.jpg 185w\" sizes=\"auto, (max-width: 494px) 100vw, 494px\" \/><figcaption id=\"caption-attachment-18875\" class=\"wp-caption-text\">R\u00fcckseite des Sterbebildes von Sebastian Eisner<\/figcaption><\/figure>\n","protected":false},"excerpt":{"rendered":"<p>Der Soldat Sebastian Eisner stammte aus Wasserburg am Inn und diente im Zweiten Weltkrieg als Obergefreiter in einem Gebirgsj\u00e4ger-Regiment. Er k\u00e4mpfte in Polen, Frankreich, Griechenland und Russland. Am 23.02.1944 verstarb er im Alter von 27 Jahren nach l\u00e4ngerer Krankheit\u00a0 und f\u00fcnf Jahren Kriegsdienst. Die Lages des Grabes von Sebastian Eisener konnte ich nicht ermitteln. Seine [&hellip;]<\/p>\n","protected":false},"author":2,"featured_media":0,"comment_status":"closed","ping_status":"closed","sticky":false,"template":"","format":"standard","meta":{"footnotes":"","_wp_rev_ctl_limit":""},"categories":[3],"tags":[217,36,3692,3887,436,172,2017,69,2770],"class_list":["post-18877","post","type-post","status-publish","format-standard","hentry","category-2-weltkrieg","tag-denkmal","tag-frankreich","tag-gebirgsjaeger-regiment","tag-griechenland","tag-krankheit","tag-obergefreiter","tag-polen","tag-russland","tag-wasserburg-am-inn"],"_links":{"self":[{"href":"https:\/\/geschichte-hautnah.de\/www\/index.php?rest_route=\/wp\/v2\/posts\/18877","targetHints":{"allow":["GET"]}}],"collection":[{"href":"https:\/\/geschichte-hautnah.de\/www\/index.php?rest_route=\/wp\/v2\/posts"}],"about":[{"href":"https:\/\/geschichte-hautnah.de\/www\/index.php?rest_route=\/wp\/v2\/types\/post"}],"author":[{"embeddable":true,"href":"https:\/\/geschichte-hautnah.de\/www\/index.php?rest_route=\/wp\/v2\/users\/2"}],"replies":[{"embeddable":true,"href":"https:\/\/geschichte-hautnah.de\/www\/index.php?rest_route=%2Fwp%2Fv2%2Fcomments&post=18877"}],"version-history":[{"count":7,"href":"https:\/\/geschichte-hautnah.de\/www\/index.php?rest_route=\/wp\/v2\/posts\/18877\/revisions"}],"predecessor-version":[{"id":18902,"href":"https:\/\/geschichte-hautnah.de\/www\/index.php?rest_route=\/wp\/v2\/posts\/18877\/revisions\/18902"}],"wp:attachment":[{"href":"https:\/\/geschichte-hautnah.de\/www\/index.php?rest_route=%2Fwp%2Fv2%2Fmedia&parent=18877"}],"wp:term":[{"taxonomy":"category","embeddable":true,"href":"https:\/\/geschichte-hautnah.de\/www\/index.php?rest_route=%2Fwp%2Fv2%2Fcategories&post=18877"},{"taxonomy":"post_tag","embeddable":true,"href":"https:\/\/geschichte-hautnah.de\/www\/index.php?rest_route=%2Fwp%2Fv2%2Ftags&post=18877"}],"curies":[{"name":"wp","href":"https:\/\/api.w.org\/{rel}","templated":true}]}}