{"id":1912,"date":"2016-09-27T00:00:54","date_gmt":"2016-09-26T22:00:54","guid":{"rendered":"http:\/\/geschichte-hautnah.de\/html\/?p=1912"},"modified":"2019-05-31T19:13:47","modified_gmt":"2019-05-31T17:13:47","slug":"die-maenner-des-ersten-weltkriegs-teil-83-josef-fuchs","status":"publish","type":"post","link":"https:\/\/geschichte-hautnah.de\/www\/?p=1912","title":{"rendered":"Die M\u00e4nner des Ersten Weltkriegs \u2013 Teil 83: Josef Fuchs"},"content":{"rendered":"<p>Josef Fuchs wurde 1886 geboren und lebte als Landwirt in Sch\u00fcssled. Er diente im Ersten Weltkrieg als Ersatz-Reservist im <a href=\"https:\/\/de.wikipedia.org\/wiki\/K%C3%B6niglich_Bayerisches_1._J%C3%A4gerbataillon_%E2%80%9EK%C3%B6nig%E2%80%9C\" target=\"_blank\" rel=\"noopener noreferrer\">Bayerischen J\u00e4ger Bataillon Nr. 1<\/a>. Er erhielt am 10. Mai 1915 bei einem Gefecht bei <a href=\"https:\/\/www.google.de\/maps\/place\/Souchez,+Frankreich\/@50.3893437,2.7102056,13z\/data=!3m1!4b1!4m5!3m4!1s0x47dd3984de9c5353:0x40af13e8163d3a0!8m2!3d50.39094!4d2.741048\" target=\"_blank\" rel=\"noopener noreferrer\">Souchez<\/a> einen Kopfschuss, an dem er am 27. Mai 1915 im Feldlazarett Nr. 12 starb. Er wurde 28 Jahre alt.<\/p>\n<p>Die sterblichen \u00dcberreste von Josef Fuchs ruhen heute auf der Kriegsgr\u00e4berst\u00e4tte in <a href=\"https:\/\/www.google.de\/maps\/place\/Billy-Montigny,+Frankreich\/@50.4151782,2.8892414,14z\/data=!3m1!4b1!4m5!3m4!1s0x47dd33954d5811c3:0x40af13e8163fcc0!8m2!3d50.415238!4d2.906792\" target=\"_blank\" rel=\"noopener noreferrer\">Billy-Montigny<\/a>, Block 2 Grab 55<\/p>\n<figure id=\"attachment_1913\" aria-describedby=\"caption-attachment-1913\" style=\"width: 372px\" class=\"wp-caption aligncenter\"><a href=\"http:\/\/geschichte-hautnah.de\/www\/wp-content\/uploads\/2013\/09\/Sterbebild_Josef_Fuchs_v.jpeg\"><img loading=\"lazy\" decoding=\"async\" class=\"wp-image-1913 size-full\" src=\"http:\/\/geschichte-hautnah.de\/www\/wp-content\/uploads\/2013\/09\/Sterbebild_Josef_Fuchs_v.jpeg\" alt=\"Sterbebild_Josef_Fuchs_v\" width=\"372\" height=\"600\" srcset=\"https:\/\/geschichte-hautnah.de\/www\/wp-content\/uploads\/2013\/09\/Sterbebild_Josef_Fuchs_v.jpeg 372w, https:\/\/geschichte-hautnah.de\/www\/wp-content\/uploads\/2013\/09\/Sterbebild_Josef_Fuchs_v-186x300.jpeg 186w\" sizes=\"auto, (max-width: 372px) 100vw, 372px\" \/><\/a><figcaption id=\"caption-attachment-1913\" class=\"wp-caption-text\">Sterbebild von Josef Fuchs<\/figcaption><\/figure>\n<p>&nbsp;<\/p>\n","protected":false},"excerpt":{"rendered":"<p>Josef Fuchs wurde 1886 geboren und lebte als Landwirt in Sch\u00fcssled. Er diente im Ersten Weltkrieg als Ersatz-Reservist im Bayerischen J\u00e4ger Bataillon Nr. 1. Er erhielt am 10. Mai 1915 bei einem Gefecht bei Souchez einen Kopfschuss, an dem er am 27. Mai 1915 im Feldlazarett Nr. 12 starb. Er wurde 28 Jahre alt. Die [&hellip;]<\/p>\n","protected":false},"author":2,"featured_media":0,"comment_status":"closed","ping_status":"closed","sticky":false,"template":"","format":"standard","meta":{"footnotes":"","_wp_rev_ctl_limit":""},"categories":[2,8,1876],"tags":[292,297,291,294,295,293,290,296],"class_list":["post-1912","post","type-post","status-publish","format-standard","hentry","category-1-weltkrieg","category-sterbebilder","category-frankreich-1-weltkrieg","tag-1-byerischesjaeger-bataillon","tag-billy-montigny","tag-ersatzreservist","tag-feldlazarett-nr-12","tag-kopfschuss","tag-landwirt","tag-schuessled","tag-souchez"],"_links":{"self":[{"href":"https:\/\/geschichte-hautnah.de\/www\/index.php?rest_route=\/wp\/v2\/posts\/1912","targetHints":{"allow":["GET"]}}],"collection":[{"href":"https:\/\/geschichte-hautnah.de\/www\/index.php?rest_route=\/wp\/v2\/posts"}],"about":[{"href":"https:\/\/geschichte-hautnah.de\/www\/index.php?rest_route=\/wp\/v2\/types\/post"}],"author":[{"embeddable":true,"href":"https:\/\/geschichte-hautnah.de\/www\/index.php?rest_route=\/wp\/v2\/users\/2"}],"replies":[{"embeddable":true,"href":"https:\/\/geschichte-hautnah.de\/www\/index.php?rest_route=%2Fwp%2Fv2%2Fcomments&post=1912"}],"version-history":[{"count":4,"href":"https:\/\/geschichte-hautnah.de\/www\/index.php?rest_route=\/wp\/v2\/posts\/1912\/revisions"}],"predecessor-version":[{"id":11509,"href":"https:\/\/geschichte-hautnah.de\/www\/index.php?rest_route=\/wp\/v2\/posts\/1912\/revisions\/11509"}],"wp:attachment":[{"href":"https:\/\/geschichte-hautnah.de\/www\/index.php?rest_route=%2Fwp%2Fv2%2Fmedia&parent=1912"}],"wp:term":[{"taxonomy":"category","embeddable":true,"href":"https:\/\/geschichte-hautnah.de\/www\/index.php?rest_route=%2Fwp%2Fv2%2Fcategories&post=1912"},{"taxonomy":"post_tag","embeddable":true,"href":"https:\/\/geschichte-hautnah.de\/www\/index.php?rest_route=%2Fwp%2Fv2%2Ftags&post=1912"}],"curies":[{"name":"wp","href":"https:\/\/api.w.org\/{rel}","templated":true}]}}