{"id":19515,"date":"2023-09-12T00:00:46","date_gmt":"2023-09-11T22:00:46","guid":{"rendered":"https:\/\/geschichte-hautnah.de\/www\/?p=19515"},"modified":"2020-03-20T20:07:27","modified_gmt":"2020-03-20T19:07:27","slug":"die-maenner-des-zweiten-weltkrieges-teil-1-947-josef-huber","status":"publish","type":"post","link":"https:\/\/geschichte-hautnah.de\/www\/?p=19515","title":{"rendered":"Die M\u00e4nner des Ersten Weltkrieges \u2013 Teil 1.947: Josef Huber"},"content":{"rendered":"<p>Der Soldat Josef Huber war Hausmeister einer Filiale der Firma Ludwig Moralt. Im Ersten Weltkrieg diente er im 3. \u00f6sterreichischen Landessch\u00fctzen-Regiment als Landessch\u00fctze. Am 27.05.1915 verstarb er nach schwerer Krankheit im Alter von 31 Jahren in russischer Kriegsgefangenschaft. Die Lage des Grabes von Josef Huber ist unbekannt.<\/p>\n<figure id=\"attachment_19518\" aria-describedby=\"caption-attachment-19518\" style=\"width: 488px\" class=\"wp-caption aligncenter\"><img loading=\"lazy\" decoding=\"async\" class=\"size-full wp-image-19518\" src=\"https:\/\/geschichte-hautnah.de\/www\/wp-content\/uploads\/2023\/09\/Josef_Huber_v.jpg\" alt=\"\" width=\"488\" height=\"800\" srcset=\"https:\/\/geschichte-hautnah.de\/www\/wp-content\/uploads\/2023\/09\/Josef_Huber_v.jpg 488w, https:\/\/geschichte-hautnah.de\/www\/wp-content\/uploads\/2023\/09\/Josef_Huber_v-183x300.jpg 183w\" sizes=\"auto, (max-width: 488px) 100vw, 488px\" \/><figcaption id=\"caption-attachment-19518\" class=\"wp-caption-text\">Sterbebild von Josef Huber<\/figcaption><\/figure>\n<figure id=\"attachment_19517\" aria-describedby=\"caption-attachment-19517\" style=\"width: 488px\" class=\"wp-caption aligncenter\"><img loading=\"lazy\" decoding=\"async\" class=\"size-full wp-image-19517\" src=\"https:\/\/geschichte-hautnah.de\/www\/wp-content\/uploads\/2023\/09\/Josef_Huber_h.jpg\" alt=\"\" width=\"488\" height=\"800\" srcset=\"https:\/\/geschichte-hautnah.de\/www\/wp-content\/uploads\/2023\/09\/Josef_Huber_h.jpg 488w, https:\/\/geschichte-hautnah.de\/www\/wp-content\/uploads\/2023\/09\/Josef_Huber_h-183x300.jpg 183w\" sizes=\"auto, (max-width: 488px) 100vw, 488px\" \/><figcaption id=\"caption-attachment-19517\" class=\"wp-caption-text\">R\u00fcckseite des Sterbebildes von Josef Huber<\/figcaption><\/figure>\n<p>&nbsp;<\/p>\n","protected":false},"excerpt":{"rendered":"<p>Der Soldat Josef Huber war Hausmeister einer Filiale der Firma Ludwig Moralt. Im Ersten Weltkrieg diente er im 3. \u00f6sterreichischen Landessch\u00fctzen-Regiment als Landessch\u00fctze. Am 27.05.1915 verstarb er nach schwerer Krankheit im Alter von 31 Jahren in russischer Kriegsgefangenschaft. Die Lage des Grabes von Josef Huber ist unbekannt. &nbsp;<\/p>\n","protected":false},"author":2,"featured_media":0,"comment_status":"closed","ping_status":"closed","sticky":false,"template":"","format":"standard","meta":{"footnotes":"","_wp_rev_ctl_limit":""},"categories":[2,8,2355],"tags":[2745,4819,4687,5524,815,2495,99],"class_list":["post-19515","post","type-post","status-publish","format-standard","hentry","category-1-weltkrieg","category-sterbebilder","category-oesterreicher","tag-3-k-u-k-landesschuetzen-regiment","tag-hausmeister","tag-landesschuetze","tag-moralt","tag-oesterreicher","tag-russische-gefangenschaft","tag-unbekannte-grablage"],"_links":{"self":[{"href":"https:\/\/geschichte-hautnah.de\/www\/index.php?rest_route=\/wp\/v2\/posts\/19515","targetHints":{"allow":["GET"]}}],"collection":[{"href":"https:\/\/geschichte-hautnah.de\/www\/index.php?rest_route=\/wp\/v2\/posts"}],"about":[{"href":"https:\/\/geschichte-hautnah.de\/www\/index.php?rest_route=\/wp\/v2\/types\/post"}],"author":[{"embeddable":true,"href":"https:\/\/geschichte-hautnah.de\/www\/index.php?rest_route=\/wp\/v2\/users\/2"}],"replies":[{"embeddable":true,"href":"https:\/\/geschichte-hautnah.de\/www\/index.php?rest_route=%2Fwp%2Fv2%2Fcomments&post=19515"}],"version-history":[{"count":6,"href":"https:\/\/geschichte-hautnah.de\/www\/index.php?rest_route=\/wp\/v2\/posts\/19515\/revisions"}],"predecessor-version":[{"id":19523,"href":"https:\/\/geschichte-hautnah.de\/www\/index.php?rest_route=\/wp\/v2\/posts\/19515\/revisions\/19523"}],"wp:attachment":[{"href":"https:\/\/geschichte-hautnah.de\/www\/index.php?rest_route=%2Fwp%2Fv2%2Fmedia&parent=19515"}],"wp:term":[{"taxonomy":"category","embeddable":true,"href":"https:\/\/geschichte-hautnah.de\/www\/index.php?rest_route=%2Fwp%2Fv2%2Fcategories&post=19515"},{"taxonomy":"post_tag","embeddable":true,"href":"https:\/\/geschichte-hautnah.de\/www\/index.php?rest_route=%2Fwp%2Fv2%2Ftags&post=19515"}],"curies":[{"name":"wp","href":"https:\/\/api.w.org\/{rel}","templated":true}]}}