{"id":19633,"date":"2023-09-25T00:00:48","date_gmt":"2023-09-24T22:00:48","guid":{"rendered":"https:\/\/geschichte-hautnah.de\/www\/?p=19633"},"modified":"2020-03-26T19:38:55","modified_gmt":"2020-03-26T18:38:55","slug":"die-maenner-des-ersten-weltkrieges-teil-1-960-franz-schuhegger","status":"publish","type":"post","link":"https:\/\/geschichte-hautnah.de\/www\/?p=19633","title":{"rendered":"Die M\u00e4nner des Ersten Weltkrieges \u2013 Teil 1.960: Franz Xaver Schuhegger"},"content":{"rendered":"<p>Der Soldat Franz Xaver Schuhegger stammte aus Oberwendling, heute ein Ortsteil der bayerischen Gemeinde <a href=\"https:\/\/de.wikipedia.org\/wiki\/Wonneberg\" target=\"_blank\" rel=\"noopener noreferrer\">Wonneberg<\/a>, und war der Pflegesohn eines Landwirts. Im Ersten Weltkrieg k\u00e4mpfte er als J\u00e4ger in der 4. Kompanie des 1. bayerischen Reserve-J\u00e4ger-Bataillons. Am 12.06.1915 fiel er im Alter von 31 Jahren in der N\u00e4he von Beaurains bei Arras.<\/p>\n<p><span data-sheets-value=\"{&quot;1&quot;:2,&quot;2&quot;:&quot;St.-Laurent-Blangy&quot;}\" data-sheets-userformat=\"{&quot;2&quot;:1049089,&quot;3&quot;:{&quot;1&quot;:0},&quot;12&quot;:0,&quot;23&quot;:1}\" data-sheets-formula=\"=HYPERLINK(&quot;https:\/\/www.google.de\/maps\/place\/Saint-Laurent-Blangy,+Frankreich\/@50.3097961,2.7378821,12z\/data=!4m5!3m4!1s0x47dd482673f41e11:0x40af13e8163d6a0!8m2!3d50.300542!4d2.801689&quot;;&quot;St.-Laurent-Blangy&quot;)\" data-sheets-hyperlink=\"https:\/\/www.google.de\/maps\/place\/Saint-Laurent-Blangy,+Frankreich\/@50.3097961,2.7378821,12z\/data=!4m5!3m4!1s0x47dd482673f41e11:0x40af13e8163d6a0!8m2!3d50.300542!4d2.801689\">Man begrub Franz Xaver Schuhegger auf dem Soldatenfriedhof <a class=\"in-cell-link\" href=\"https:\/\/www.google.de\/maps\/place\/Saint-Laurent-Blangy,+Frankreich\/@50.3097961,2.7378821,12z\/data=!4m5!3m4!1s0x47dd482673f41e11:0x40af13e8163d6a0!8m2!3d50.300542!4d2.801689\" target=\"_blank\" rel=\"noopener noreferrer\">St.-Laurent-Blangy<\/a><\/span> in einem Massengrab.<\/p>\n<figure id=\"attachment_19635\" aria-describedby=\"caption-attachment-19635\" style=\"width: 484px\" class=\"wp-caption aligncenter\"><img loading=\"lazy\" decoding=\"async\" class=\"size-full wp-image-19635\" src=\"https:\/\/geschichte-hautnah.de\/www\/wp-content\/uploads\/2020\/03\/Franz_Schuhegger_v.jpg\" alt=\"\" width=\"484\" height=\"800\" srcset=\"https:\/\/geschichte-hautnah.de\/www\/wp-content\/uploads\/2020\/03\/Franz_Schuhegger_v.jpg 484w, https:\/\/geschichte-hautnah.de\/www\/wp-content\/uploads\/2020\/03\/Franz_Schuhegger_v-182x300.jpg 182w\" sizes=\"auto, (max-width: 484px) 100vw, 484px\" \/><figcaption id=\"caption-attachment-19635\" class=\"wp-caption-text\">Sterbebild von Franz Schuhegger<\/figcaption><\/figure>\n<figure id=\"attachment_19634\" aria-describedby=\"caption-attachment-19634\" style=\"width: 484px\" class=\"wp-caption aligncenter\"><img loading=\"lazy\" decoding=\"async\" class=\"size-full wp-image-19634\" src=\"https:\/\/geschichte-hautnah.de\/www\/wp-content\/uploads\/2020\/03\/Franz_Schuhegger_h.jpg\" alt=\"\" width=\"484\" height=\"800\" srcset=\"https:\/\/geschichte-hautnah.de\/www\/wp-content\/uploads\/2020\/03\/Franz_Schuhegger_h.jpg 484w, https:\/\/geschichte-hautnah.de\/www\/wp-content\/uploads\/2020\/03\/Franz_Schuhegger_h-182x300.jpg 182w\" sizes=\"auto, (max-width: 484px) 100vw, 484px\" \/><figcaption id=\"caption-attachment-19634\" class=\"wp-caption-text\">R\u00fcckseite des Sterbebildes von Franz Schuhegger<\/figcaption><\/figure>\n","protected":false},"excerpt":{"rendered":"<p>Der Soldat Franz Xaver Schuhegger stammte aus Oberwendling, heute ein Ortsteil der bayerischen Gemeinde Wonneberg, und war der Pflegesohn eines Landwirts. Im Ersten Weltkrieg k\u00e4mpfte er als J\u00e4ger in der 4. Kompanie des 1. bayerischen Reserve-J\u00e4ger-Bataillons. Am 12.06.1915 fiel er im Alter von 31 Jahren in der N\u00e4he von Beaurains bei Arras. Man begrub Franz [&hellip;]<\/p>\n","protected":false},"author":2,"featured_media":0,"comment_status":"closed","ping_status":"closed","sticky":false,"template":"","format":"standard","meta":{"footnotes":"","_wp_rev_ctl_limit":""},"categories":[2,448,8,1876],"tags":[2169,449,302,1366,3138,36,5545,1771,457,5530],"class_list":["post-19633","post","type-post","status-publish","format-standard","hentry","category-1-weltkrieg","category-arras","category-sterbebilder","category-frankreich-1-weltkrieg","tag-1-bayerisches-reserve-jaeger-bataillon","tag-arras","tag-bauerssohn","tag-bayern","tag-beaurains","tag-frankreich","tag-oberwendling","tag-pflegesohn","tag-st-laurent-blangy","tag-wonneberg"],"_links":{"self":[{"href":"https:\/\/geschichte-hautnah.de\/www\/index.php?rest_route=\/wp\/v2\/posts\/19633","targetHints":{"allow":["GET"]}}],"collection":[{"href":"https:\/\/geschichte-hautnah.de\/www\/index.php?rest_route=\/wp\/v2\/posts"}],"about":[{"href":"https:\/\/geschichte-hautnah.de\/www\/index.php?rest_route=\/wp\/v2\/types\/post"}],"author":[{"embeddable":true,"href":"https:\/\/geschichte-hautnah.de\/www\/index.php?rest_route=\/wp\/v2\/users\/2"}],"replies":[{"embeddable":true,"href":"https:\/\/geschichte-hautnah.de\/www\/index.php?rest_route=%2Fwp%2Fv2%2Fcomments&post=19633"}],"version-history":[{"count":4,"href":"https:\/\/geschichte-hautnah.de\/www\/index.php?rest_route=\/wp\/v2\/posts\/19633\/revisions"}],"predecessor-version":[{"id":19639,"href":"https:\/\/geschichte-hautnah.de\/www\/index.php?rest_route=\/wp\/v2\/posts\/19633\/revisions\/19639"}],"wp:attachment":[{"href":"https:\/\/geschichte-hautnah.de\/www\/index.php?rest_route=%2Fwp%2Fv2%2Fmedia&parent=19633"}],"wp:term":[{"taxonomy":"category","embeddable":true,"href":"https:\/\/geschichte-hautnah.de\/www\/index.php?rest_route=%2Fwp%2Fv2%2Fcategories&post=19633"},{"taxonomy":"post_tag","embeddable":true,"href":"https:\/\/geschichte-hautnah.de\/www\/index.php?rest_route=%2Fwp%2Fv2%2Ftags&post=19633"}],"curies":[{"name":"wp","href":"https:\/\/api.w.org\/{rel}","templated":true}]}}