{"id":19950,"date":"2023-11-04T00:00:16","date_gmt":"2023-11-03T23:00:16","guid":{"rendered":"https:\/\/geschichte-hautnah.de\/www\/?p=19950"},"modified":"2020-04-02T08:36:16","modified_gmt":"2020-04-02T06:36:16","slug":"die-maenner-des-ersten-weltkrieges-teil-1-999-xaver-mueller","status":"publish","type":"post","link":"https:\/\/geschichte-hautnah.de\/www\/?p=19950","title":{"rendered":"Die M\u00e4nner des Ersten Weltkrieges \u2013 Teil 1.999: Xaver M\u00fcller"},"content":{"rendered":"<p>Der Soldat Xaver M\u00fcller wurde am 09.09.1888 in der bayerischen Gemeinde <a href=\"https:\/\/de.wikipedia.org\/wiki\/Seeg\" target=\"_blank\" rel=\"noopener noreferrer\">Seeg<\/a> geboren. Im Ersten Weltkrieg diente er als Unteroffizier in der 3. Kompanie des 20. bayerischen Infanterie-Regiments. Am 28.11.1914 fiel er im Alter von 26 Jahren w\u00e4hrend der Stellungsk\u00e4mpfe an der Somme in <a href=\"https:\/\/de.wikipedia.org\/wiki\/Fay_(Somme)\" target=\"_blank\" rel=\"noopener noreferrer\">Fay<\/a>.<\/p>\n<p><span data-sheets-value=\"{&quot;1&quot;:2,&quot;2&quot;:&quot;Vermandovillers&quot;}\" data-sheets-userformat=\"{&quot;2&quot;:1049089,&quot;3&quot;:{&quot;1&quot;:0},&quot;12&quot;:0,&quot;23&quot;:1}\" data-sheets-formula=\"=HYPERLINK(&quot;https:\/\/de.wikipedia.org\/wiki\/Vermandovillers&quot;;&quot;Vermandovillers&quot;)\" data-sheets-hyperlink=\"https:\/\/de.wikipedia.org\/wiki\/Vermandovillers\">Man begrub Xaver M\u00fcller auf dem Soldatenfriedhof <a class=\"in-cell-link\" href=\"https:\/\/de.wikipedia.org\/wiki\/Vermandovillers\" target=\"_blank\" rel=\"noopener noreferrer\">Vermandovillers<\/a><\/span> in einem Massengrab.<\/p>\n<p>Seine Heimatgemeinde Seeg gedenkt Xaver M\u00fcller noch heute auf einem Denkmal: <a href=\"http:\/\/www.denkmalprojekt.org\/2008\/seeg_wk1u2_bay.htm\" target=\"_blank\" rel=\"noopener noreferrer\">http:\/\/www.denkmalprojekt.org\/2008\/seeg_wk1u2_bay.htm<\/a><\/p>\n<figure id=\"attachment_19954\" aria-describedby=\"caption-attachment-19954\" style=\"width: 489px\" class=\"wp-caption aligncenter\"><img loading=\"lazy\" decoding=\"async\" class=\"size-full wp-image-19954\" src=\"https:\/\/geschichte-hautnah.de\/www\/wp-content\/uploads\/2020\/04\/Xaver_M\u00fcller_v.jpg\" alt=\"\" width=\"489\" height=\"800\" srcset=\"https:\/\/geschichte-hautnah.de\/www\/wp-content\/uploads\/2020\/04\/Xaver_M\u00fcller_v.jpg 489w, https:\/\/geschichte-hautnah.de\/www\/wp-content\/uploads\/2020\/04\/Xaver_M\u00fcller_v-183x300.jpg 183w\" sizes=\"auto, (max-width: 489px) 100vw, 489px\" \/><figcaption id=\"caption-attachment-19954\" class=\"wp-caption-text\">Sterbebild von Xaver M\u00fcller<\/figcaption><\/figure>\n<figure id=\"attachment_19953\" aria-describedby=\"caption-attachment-19953\" style=\"width: 489px\" class=\"wp-caption aligncenter\"><img loading=\"lazy\" decoding=\"async\" class=\"size-full wp-image-19953\" src=\"https:\/\/geschichte-hautnah.de\/www\/wp-content\/uploads\/2020\/04\/Xaver_M\u00fcller_h.jpg\" alt=\"\" width=\"489\" height=\"800\" srcset=\"https:\/\/geschichte-hautnah.de\/www\/wp-content\/uploads\/2020\/04\/Xaver_M\u00fcller_h.jpg 489w, https:\/\/geschichte-hautnah.de\/www\/wp-content\/uploads\/2020\/04\/Xaver_M\u00fcller_h-183x300.jpg 183w\" sizes=\"auto, (max-width: 489px) 100vw, 489px\" \/><figcaption id=\"caption-attachment-19953\" class=\"wp-caption-text\">R\u00fcckseite des Sterbebildes von Xaver M\u00fcller<\/figcaption><\/figure>\n","protected":false},"excerpt":{"rendered":"<p>Der Soldat Xaver M\u00fcller wurde am 09.09.1888 in der bayerischen Gemeinde Seeg geboren. Im Ersten Weltkrieg diente er als Unteroffizier in der 3. Kompanie des 20. bayerischen Infanterie-Regiments. Am 28.11.1914 fiel er im Alter von 26 Jahren w\u00e4hrend der Stellungsk\u00e4mpfe an der Somme in Fay. Man begrub Xaver M\u00fcller auf dem Soldatenfriedhof Vermandovillers in einem [&hellip;]<\/p>\n","protected":false},"author":2,"featured_media":0,"comment_status":"closed","ping_status":"closed","sticky":false,"template":"","format":"standard","meta":{"footnotes":"","_wp_rev_ctl_limit":""},"categories":[2,8,1876,651],"tags":[216,1366,217,758,36,92,2245,631,101,709],"class_list":["post-19950","post","type-post","status-publish","format-standard","hentry","category-1-weltkrieg","category-sterbebilder","category-frankreich-1-weltkrieg","category-schlacht-an-der-somme","tag-20-bayerisches-infanterie-regiment","tag-bayern","tag-denkmal","tag-fay","tag-frankreich","tag-massengrab","tag-seeg","tag-somme","tag-unteroffizier","tag-vermandovillers"],"_links":{"self":[{"href":"https:\/\/geschichte-hautnah.de\/www\/index.php?rest_route=\/wp\/v2\/posts\/19950","targetHints":{"allow":["GET"]}}],"collection":[{"href":"https:\/\/geschichte-hautnah.de\/www\/index.php?rest_route=\/wp\/v2\/posts"}],"about":[{"href":"https:\/\/geschichte-hautnah.de\/www\/index.php?rest_route=\/wp\/v2\/types\/post"}],"author":[{"embeddable":true,"href":"https:\/\/geschichte-hautnah.de\/www\/index.php?rest_route=\/wp\/v2\/users\/2"}],"replies":[{"embeddable":true,"href":"https:\/\/geschichte-hautnah.de\/www\/index.php?rest_route=%2Fwp%2Fv2%2Fcomments&post=19950"}],"version-history":[{"count":6,"href":"https:\/\/geschichte-hautnah.de\/www\/index.php?rest_route=\/wp\/v2\/posts\/19950\/revisions"}],"predecessor-version":[{"id":19960,"href":"https:\/\/geschichte-hautnah.de\/www\/index.php?rest_route=\/wp\/v2\/posts\/19950\/revisions\/19960"}],"wp:attachment":[{"href":"https:\/\/geschichte-hautnah.de\/www\/index.php?rest_route=%2Fwp%2Fv2%2Fmedia&parent=19950"}],"wp:term":[{"taxonomy":"category","embeddable":true,"href":"https:\/\/geschichte-hautnah.de\/www\/index.php?rest_route=%2Fwp%2Fv2%2Fcategories&post=19950"},{"taxonomy":"post_tag","embeddable":true,"href":"https:\/\/geschichte-hautnah.de\/www\/index.php?rest_route=%2Fwp%2Fv2%2Ftags&post=19950"}],"curies":[{"name":"wp","href":"https:\/\/api.w.org\/{rel}","templated":true}]}}