{"id":19977,"date":"2023-11-06T00:00:27","date_gmt":"2023-11-05T23:00:27","guid":{"rendered":"https:\/\/geschichte-hautnah.de\/www\/?p=19977"},"modified":"2020-04-02T15:47:19","modified_gmt":"2020-04-02T13:47:19","slug":"die-maenner-des-ersten-weltkrieges-teil-2-001-johann-kaeser","status":"publish","type":"post","link":"https:\/\/geschichte-hautnah.de\/www\/?p=19977","title":{"rendered":"Die M\u00e4nner des Ersten Weltkrieges \u2013 Teil 2.001: Johann K\u00e4ser"},"content":{"rendered":"<p>Der Soldat Johann K\u00e4ser stammte aus Ottershausen, einem Ortsteil der bayerischen Gemeinde <a href=\"https:\/\/de.wikipedia.org\/wiki\/Haimhausen\" target=\"_blank\" rel=\"noopener noreferrer\">Haimhausen<\/a>, und war der Sohn eines Kleinbauern. Im Ersten Weltkrieg k\u00e4mpfte er in der 8. Kompanie des 15. bayerischen Infanterie-Regiments. Am 30.01.1916 fiel er im Alter von 21 bei <a href=\"https:\/\/de.wikipedia.org\/wiki\/Th%C3%A9lus\" target=\"_blank\" rel=\"noopener noreferrer\">Th\u00e9lus<\/a> durch einen Granatsplitter.<\/p>\n<p><span data-sheets-value=\"{&quot;1&quot;:2,&quot;2&quot;:&quot;St.-Laurent-Blangy&quot;}\" data-sheets-userformat=\"{&quot;2&quot;:1049089,&quot;3&quot;:{&quot;1&quot;:0},&quot;12&quot;:0,&quot;23&quot;:1}\" data-sheets-formula=\"=HYPERLINK(&quot;https:\/\/www.google.de\/maps\/place\/Saint-Laurent-Blangy,+Frankreich\/@50.3097961,2.7378821,12z\/data=!4m5!3m4!1s0x47dd482673f41e11:0x40af13e8163d6a0!8m2!3d50.300542!4d2.801689&quot;;&quot;St.-Laurent-Blangy&quot;)\" data-sheets-hyperlink=\"https:\/\/www.google.de\/maps\/place\/Saint-Laurent-Blangy,+Frankreich\/@50.3097961,2.7378821,12z\/data=!4m5!3m4!1s0x47dd482673f41e11:0x40af13e8163d6a0!8m2!3d50.300542!4d2.801689\">Man begrub Johann K\u00e4ser auf dem Soldatenfriedhof <a class=\"in-cell-link\" href=\"https:\/\/www.google.de\/maps\/place\/Saint-Laurent-Blangy,+Frankreich\/@50.3097961,2.7378821,12z\/data=!4m5!3m4!1s0x47dd482673f41e11:0x40af13e8163d6a0!8m2!3d50.300542!4d2.801689\" target=\"_blank\" rel=\"noopener noreferrer\">St.-Laurent-Blangy<\/a><\/span> in einem Massengrab.<\/p>\n<p>Seine Heimatgemeinde Ottershausen gedenkt Johann K\u00e4ser noch heute auf einem Denkmal: <a href=\"http:\/\/www.denkmalprojekt.org\/2008\/haimhausen-ottershausen_wk1u2_bay.htm\" target=\"_blank\" rel=\"noopener noreferrer\">http:\/\/www.denkmalprojekt.org\/2008\/haimhausen-ottershausen_wk1u2_bay.htm<\/a><\/p>\n<figure id=\"attachment_19967\" aria-describedby=\"caption-attachment-19967\" style=\"width: 474px\" class=\"wp-caption aligncenter\"><img loading=\"lazy\" decoding=\"async\" class=\"size-full wp-image-19967\" src=\"https:\/\/geschichte-hautnah.de\/www\/wp-content\/uploads\/2020\/04\/Johann_K\u00e4ser_v.jpg\" alt=\"\" width=\"474\" height=\"800\" srcset=\"https:\/\/geschichte-hautnah.de\/www\/wp-content\/uploads\/2020\/04\/Johann_K\u00e4ser_v.jpg 474w, https:\/\/geschichte-hautnah.de\/www\/wp-content\/uploads\/2020\/04\/Johann_K\u00e4ser_v-178x300.jpg 178w\" sizes=\"auto, (max-width: 474px) 100vw, 474px\" \/><figcaption id=\"caption-attachment-19967\" class=\"wp-caption-text\">Sterbebild von Johann K\u00e4ser<\/figcaption><\/figure>\n<figure id=\"attachment_19968\" aria-describedby=\"caption-attachment-19968\" style=\"width: 474px\" class=\"wp-caption aligncenter\"><img loading=\"lazy\" decoding=\"async\" class=\"size-full wp-image-19968\" src=\"https:\/\/geschichte-hautnah.de\/www\/wp-content\/uploads\/2020\/04\/Kohann_K\u00e4ser_h.jpg\" alt=\"\" width=\"474\" height=\"800\" srcset=\"https:\/\/geschichte-hautnah.de\/www\/wp-content\/uploads\/2020\/04\/Kohann_K\u00e4ser_h.jpg 474w, https:\/\/geschichte-hautnah.de\/www\/wp-content\/uploads\/2020\/04\/Kohann_K\u00e4ser_h-178x300.jpg 178w\" sizes=\"auto, (max-width: 474px) 100vw, 474px\" \/><figcaption id=\"caption-attachment-19968\" class=\"wp-caption-text\">R\u00fcckseite des Sterbebildes von Johann K\u00e4ser<\/figcaption><\/figure>\n","protected":false},"excerpt":{"rendered":"<p>Der Soldat Johann K\u00e4ser stammte aus Ottershausen, einem Ortsteil der bayerischen Gemeinde Haimhausen, und war der Sohn eines Kleinbauern. Im Ersten Weltkrieg k\u00e4mpfte er in der 8. Kompanie des 15. bayerischen Infanterie-Regiments. Am 30.01.1916 fiel er im Alter von 21 bei Th\u00e9lus durch einen Granatsplitter. Man begrub Johann K\u00e4ser auf dem Soldatenfriedhof St.-Laurent-Blangy in einem [&hellip;]<\/p>\n","protected":false},"author":2,"featured_media":0,"comment_status":"closed","ping_status":"closed","sticky":false,"template":"","format":"standard","meta":{"footnotes":"","_wp_rev_ctl_limit":""},"categories":[2,448,8,1876],"tags":[519,449,1366,36,132,551,5619,92,5618,457,1239],"class_list":["post-19977","post","type-post","status-publish","format-standard","hentry","category-1-weltkrieg","category-arras","category-sterbebilder","category-frankreich-1-weltkrieg","tag-15-bayerisches-infanterie-regiment","tag-arras","tag-bayern","tag-frankreich","tag-granatsplitter","tag-guetlerssohn","tag-haimhausen","tag-massengrab","tag-ottershausen","tag-st-laurent-blangy","tag-thelus"],"_links":{"self":[{"href":"https:\/\/geschichte-hautnah.de\/www\/index.php?rest_route=\/wp\/v2\/posts\/19977","targetHints":{"allow":["GET"]}}],"collection":[{"href":"https:\/\/geschichte-hautnah.de\/www\/index.php?rest_route=\/wp\/v2\/posts"}],"about":[{"href":"https:\/\/geschichte-hautnah.de\/www\/index.php?rest_route=\/wp\/v2\/types\/post"}],"author":[{"embeddable":true,"href":"https:\/\/geschichte-hautnah.de\/www\/index.php?rest_route=\/wp\/v2\/users\/2"}],"replies":[{"embeddable":true,"href":"https:\/\/geschichte-hautnah.de\/www\/index.php?rest_route=%2Fwp%2Fv2%2Fcomments&post=19977"}],"version-history":[{"count":5,"href":"https:\/\/geschichte-hautnah.de\/www\/index.php?rest_route=\/wp\/v2\/posts\/19977\/revisions"}],"predecessor-version":[{"id":19982,"href":"https:\/\/geschichte-hautnah.de\/www\/index.php?rest_route=\/wp\/v2\/posts\/19977\/revisions\/19982"}],"wp:attachment":[{"href":"https:\/\/geschichte-hautnah.de\/www\/index.php?rest_route=%2Fwp%2Fv2%2Fmedia&parent=19977"}],"wp:term":[{"taxonomy":"category","embeddable":true,"href":"https:\/\/geschichte-hautnah.de\/www\/index.php?rest_route=%2Fwp%2Fv2%2Fcategories&post=19977"},{"taxonomy":"post_tag","embeddable":true,"href":"https:\/\/geschichte-hautnah.de\/www\/index.php?rest_route=%2Fwp%2Fv2%2Ftags&post=19977"}],"curies":[{"name":"wp","href":"https:\/\/api.w.org\/{rel}","templated":true}]}}