{"id":20241,"date":"2023-12-02T00:00:27","date_gmt":"2023-12-01T23:00:27","guid":{"rendered":"https:\/\/geschichte-hautnah.de\/www\/?p=20241"},"modified":"2020-04-18T19:16:33","modified_gmt":"2020-04-18T17:16:33","slug":"die-maenner-des-ersten-weltkrieges-teil-2-027-johann-straeussl","status":"publish","type":"post","link":"https:\/\/geschichte-hautnah.de\/www\/?p=20241","title":{"rendered":"Die M\u00e4nner des Ersten Weltkrieges \u2013 Teil 2.027: Johann Str\u00e4u\u00dfl"},"content":{"rendered":"<p>Der Soldat Johann Str\u00e4u\u00dfl stammte ausSchambach und war der Sohn eines Viktualienh\u00e4ndlers. Im Ersten Weltkrieg k\u00e4mpfte er als Obergefreiter in der 1. Batterie des 1. bayerischen Fu\u00dfartillerie-Regiments. Am 27.07.1918 fiel er nach vier Jahre Kriegsdienst im Alter von 25 Jahren durch Granatschuss in Nordfrankreich.<\/p>\n<figure id=\"attachment_20243\" aria-describedby=\"caption-attachment-20243\" style=\"width: 800px\" class=\"wp-caption aligncenter\"><img loading=\"lazy\" decoding=\"async\" class=\"size-full wp-image-20243\" src=\"https:\/\/geschichte-hautnah.de\/www\/wp-content\/uploads\/2020\/04\/Johann_Str\u00e4u\u00dfl_v.jpg\" alt=\"\" width=\"800\" height=\"579\" srcset=\"https:\/\/geschichte-hautnah.de\/www\/wp-content\/uploads\/2020\/04\/Johann_Str\u00e4u\u00dfl_v.jpg 800w, https:\/\/geschichte-hautnah.de\/www\/wp-content\/uploads\/2020\/04\/Johann_Str\u00e4u\u00dfl_v-300x217.jpg 300w, https:\/\/geschichte-hautnah.de\/www\/wp-content\/uploads\/2020\/04\/Johann_Str\u00e4u\u00dfl_v-768x556.jpg 768w\" sizes=\"auto, (max-width: 800px) 100vw, 800px\" \/><figcaption id=\"caption-attachment-20243\" class=\"wp-caption-text\">Sterbebild von Johann Str\u00e4u\u00dfl<\/figcaption><\/figure>\n<figure id=\"attachment_20242\" aria-describedby=\"caption-attachment-20242\" style=\"width: 800px\" class=\"wp-caption aligncenter\"><img loading=\"lazy\" decoding=\"async\" class=\"size-full wp-image-20242\" src=\"https:\/\/geschichte-hautnah.de\/www\/wp-content\/uploads\/2020\/04\/Johann_Str\u00e4u\u00dfl_h.jpg\" alt=\"\" width=\"800\" height=\"579\" srcset=\"https:\/\/geschichte-hautnah.de\/www\/wp-content\/uploads\/2020\/04\/Johann_Str\u00e4u\u00dfl_h.jpg 800w, https:\/\/geschichte-hautnah.de\/www\/wp-content\/uploads\/2020\/04\/Johann_Str\u00e4u\u00dfl_h-300x217.jpg 300w, https:\/\/geschichte-hautnah.de\/www\/wp-content\/uploads\/2020\/04\/Johann_Str\u00e4u\u00dfl_h-768x556.jpg 768w\" sizes=\"auto, (max-width: 800px) 100vw, 800px\" \/><figcaption id=\"caption-attachment-20242\" class=\"wp-caption-text\">R\u00fcckseite des Sterbebildes von Johann Str\u00e4u\u00dfl<\/figcaption><\/figure>\n","protected":false},"excerpt":{"rendered":"<p>Der Soldat Johann Str\u00e4u\u00dfl stammte ausSchambach und war der Sohn eines Viktualienh\u00e4ndlers. Im Ersten Weltkrieg k\u00e4mpfte er als Obergefreiter in der 1. Batterie des 1. bayerischen Fu\u00dfartillerie-Regiments. Am 27.07.1918 fiel er nach vier Jahre Kriegsdienst im Alter von 25 Jahren durch Granatschuss in Nordfrankreich.<\/p>\n","protected":false},"author":2,"featured_media":0,"comment_status":"closed","ping_status":"closed","sticky":false,"template":"","format":"standard","meta":{"footnotes":"","_wp_rev_ctl_limit":""},"categories":[2,8,1876],"tags":[],"class_list":["post-20241","post","type-post","status-publish","format-standard","hentry","category-1-weltkrieg","category-sterbebilder","category-frankreich-1-weltkrieg"],"_links":{"self":[{"href":"https:\/\/geschichte-hautnah.de\/www\/index.php?rest_route=\/wp\/v2\/posts\/20241","targetHints":{"allow":["GET"]}}],"collection":[{"href":"https:\/\/geschichte-hautnah.de\/www\/index.php?rest_route=\/wp\/v2\/posts"}],"about":[{"href":"https:\/\/geschichte-hautnah.de\/www\/index.php?rest_route=\/wp\/v2\/types\/post"}],"author":[{"embeddable":true,"href":"https:\/\/geschichte-hautnah.de\/www\/index.php?rest_route=\/wp\/v2\/users\/2"}],"replies":[{"embeddable":true,"href":"https:\/\/geschichte-hautnah.de\/www\/index.php?rest_route=%2Fwp%2Fv2%2Fcomments&post=20241"}],"version-history":[{"count":3,"href":"https:\/\/geschichte-hautnah.de\/www\/index.php?rest_route=\/wp\/v2\/posts\/20241\/revisions"}],"predecessor-version":[{"id":20246,"href":"https:\/\/geschichte-hautnah.de\/www\/index.php?rest_route=\/wp\/v2\/posts\/20241\/revisions\/20246"}],"wp:attachment":[{"href":"https:\/\/geschichte-hautnah.de\/www\/index.php?rest_route=%2Fwp%2Fv2%2Fmedia&parent=20241"}],"wp:term":[{"taxonomy":"category","embeddable":true,"href":"https:\/\/geschichte-hautnah.de\/www\/index.php?rest_route=%2Fwp%2Fv2%2Fcategories&post=20241"},{"taxonomy":"post_tag","embeddable":true,"href":"https:\/\/geschichte-hautnah.de\/www\/index.php?rest_route=%2Fwp%2Fv2%2Ftags&post=20241"}],"curies":[{"name":"wp","href":"https:\/\/api.w.org\/{rel}","templated":true}]}}