{"id":20478,"date":"2023-12-27T00:00:43","date_gmt":"2023-12-26T23:00:43","guid":{"rendered":"https:\/\/geschichte-hautnah.de\/www\/?p=20478"},"modified":"2025-08-17T07:47:07","modified_gmt":"2025-08-17T05:47:07","slug":"die-maenner-des-ersten-weltkrieges-teil-2-051-joseph-grill","status":"publish","type":"post","link":"https:\/\/geschichte-hautnah.de\/www\/?p=20478","title":{"rendered":"Die M\u00e4nner des Ersten Weltkrieges \u2013 Teil 2.052: Joseph Grill"},"content":{"rendered":"<p>Der Soldat Joseph Grill stammte aus <a href=\"https:\/\/de.wikipedia.org\/wiki\/H%C3%B6rabach\" target=\"_blank\" rel=\"noopener noreferrer\">H\u00f6rabach<\/a>, heute ein Dorf der Stadt <a href=\"https:\/\/de.wikipedia.org\/wiki\/Bogen_(Stadt)\" target=\"_blank\" rel=\"noopener noreferrer\">Bogen<\/a> in Bayern, und war der Sohn eines Tagel\u00f6hners. Im Ersten Weltkrieg k\u00e4mpfte er als Infanterist in der 10. Kompanie des 10. bayerischen Infanterie-Regiments. Am 16.04.1915 fiel er im Alter von 22 Jahren w\u00e4hrend der K\u00e4mpfe vor Verdun bei der kleinen franz\u00f6sischen Stadt <a href=\"https:\/\/de.wikipedia.org\/wiki\/Saint-Mihiel\" target=\"_blank\" rel=\"noopener noreferrer\">Saint-Mihiel<\/a> im <a href=\"https:\/\/goo.gl\/maps\/R6rGU3s6fWwaApWQ9\" target=\"_blank\" rel=\"noopener noreferrer\">Bois d&#8217;Ailly<\/a>.<\/p>\n<p>Offiziell ist f\u00fcr Joseph Grill keine Grablage bekannt, ich bin mir jedoch gewiss, dass er anonym in einem Massengrab auf dem Soldatenfriedhof <span data-sheets-value=\"{&quot;1&quot;:2,&quot;2&quot;:&quot;St. Mihiel&quot;}\" data-sheets-userformat=\"{&quot;2&quot;:1049089,&quot;3&quot;:{&quot;1&quot;:0},&quot;12&quot;:0,&quot;23&quot;:1}\" data-sheets-formula=\"=HYPERLINK(&quot;https:\/\/www.google.de\/maps\/place\/55300+Saint-Mihiel,+Frankreich\/@48.8941646,5.5395164,13z\/data=!3m1!4b1!4m5!3m4!1s0x47eb477101fbe843:0x40a5fb99a3ad0a0!8m2!3d48.88855!4d5.541657&quot;;&quot;St. Mihiel&quot;)\" data-sheets-hyperlink=\"https:\/\/www.google.de\/maps\/place\/55300+Saint-Mihiel,+Frankreich\/@48.8941646,5.5395164,13z\/data=!3m1!4b1!4m5!3m4!1s0x47eb477101fbe843:0x40a5fb99a3ad0a0!8m2!3d48.88855!4d5.541657\"><a class=\"in-cell-link\" href=\"https:\/\/www.google.de\/maps\/place\/55300+Saint-Mihiel,+Frankreich\/@48.8941646,5.5395164,13z\/data=!3m1!4b1!4m5!3m4!1s0x47eb477101fbe843:0x40a5fb99a3ad0a0!8m2!3d48.88855!4d5.541657\" target=\"_blank\" rel=\"noopener noreferrer\">St. Mihiel<\/a> beigesetzt wurde, wo auch seine Regimentskameraden begraben wurden, die im gleichen Zeitraum fielen, u. a.<\/span><\/p>\n<ul>\n<li>Unteroffizier Christian Kastenhuber, gefallen am 16.04.1915 im Bois d&#8217;Ailly, begraben auf dem Soldatenfriedhof\u00a0 <span data-sheets-value=\"{&quot;1&quot;:2,&quot;2&quot;:&quot;St. Mihiel&quot;}\" data-sheets-userformat=\"{&quot;2&quot;:1049089,&quot;3&quot;:{&quot;1&quot;:0},&quot;12&quot;:0,&quot;23&quot;:1}\" data-sheets-formula=\"=HYPERLINK(&quot;https:\/\/www.google.de\/maps\/place\/55300+Saint-Mihiel,+Frankreich\/@48.8941646,5.5395164,13z\/data=!3m1!4b1!4m5!3m4!1s0x47eb477101fbe843:0x40a5fb99a3ad0a0!8m2!3d48.88855!4d5.541657&quot;;&quot;St. Mihiel&quot;)\" data-sheets-hyperlink=\"https:\/\/www.google.de\/maps\/place\/55300+Saint-Mihiel,+Frankreich\/@48.8941646,5.5395164,13z\/data=!3m1!4b1!4m5!3m4!1s0x47eb477101fbe843:0x40a5fb99a3ad0a0!8m2!3d48.88855!4d5.541657\"><a class=\"in-cell-link\" href=\"https:\/\/www.google.de\/maps\/place\/55300+Saint-Mihiel,+Frankreich\/@48.8941646,5.5395164,13z\/data=!3m1!4b1!4m5!3m4!1s0x47eb477101fbe843:0x40a5fb99a3ad0a0!8m2!3d48.88855!4d5.541657\" target=\"_blank\" rel=\"noopener noreferrer\">St. Mihiel<\/a> in einem Massengrab;<\/span><\/li>\n<li>Unteroffizier Christian Kastenhuber, gefallen am 16.04.1915, begraben auf dem Soldatenfriedhof\u00a0 Troyon <span data-sheets-value=\"{&quot;1&quot;:2,&quot;2&quot;:&quot;St. Mihiel&quot;}\" data-sheets-userformat=\"{&quot;2&quot;:1049089,&quot;3&quot;:{&quot;1&quot;:0},&quot;12&quot;:0,&quot;23&quot;:1}\" data-sheets-formula=\"=HYPERLINK(&quot;https:\/\/www.google.de\/maps\/place\/55300+Saint-Mihiel,+Frankreich\/@48.8941646,5.5395164,13z\/data=!3m1!4b1!4m5!3m4!1s0x47eb477101fbe843:0x40a5fb99a3ad0a0!8m2!3d48.88855!4d5.541657&quot;;&quot;St. Mihiel&quot;)\" data-sheets-hyperlink=\"https:\/\/www.google.de\/maps\/place\/55300+Saint-Mihiel,+Frankreich\/@48.8941646,5.5395164,13z\/data=!3m1!4b1!4m5!3m4!1s0x47eb477101fbe843:0x40a5fb99a3ad0a0!8m2!3d48.88855!4d5.541657\">in Block 1, Grab 335;<\/span><\/li>\n<li>Gefreiter Max Saller, gefallen am 11.04.1915 im Bois d&#8217;Ailly, begraben auf dem Soldatenfriedhof\u00a0 <span data-sheets-value=\"{&quot;1&quot;:2,&quot;2&quot;:&quot;St. Mihiel&quot;}\" data-sheets-userformat=\"{&quot;2&quot;:1049089,&quot;3&quot;:{&quot;1&quot;:0},&quot;12&quot;:0,&quot;23&quot;:1}\" data-sheets-formula=\"=HYPERLINK(&quot;https:\/\/www.google.de\/maps\/place\/55300+Saint-Mihiel,+Frankreich\/@48.8941646,5.5395164,13z\/data=!3m1!4b1!4m5!3m4!1s0x47eb477101fbe843:0x40a5fb99a3ad0a0!8m2!3d48.88855!4d5.541657&quot;;&quot;St. Mihiel&quot;)\" data-sheets-hyperlink=\"https:\/\/www.google.de\/maps\/place\/55300+Saint-Mihiel,+Frankreich\/@48.8941646,5.5395164,13z\/data=!3m1!4b1!4m5!3m4!1s0x47eb477101fbe843:0x40a5fb99a3ad0a0!8m2!3d48.88855!4d5.541657\"><a class=\"in-cell-link\" href=\"https:\/\/www.google.de\/maps\/place\/55300+Saint-Mihiel,+Frankreich\/@48.8941646,5.5395164,13z\/data=!3m1!4b1!4m5!3m4!1s0x47eb477101fbe843:0x40a5fb99a3ad0a0!8m2!3d48.88855!4d5.541657\" target=\"_blank\" rel=\"noopener noreferrer\">St. Mihiel<\/a> in einem Massengrab;<\/span><\/li>\n<li>Infanterist Johann Brand, gefallen am 12.04.1915 im Bois d&#8217;Ailly, begraben auf dem Soldatenfriedhof\u00a0 <span data-sheets-value=\"{&quot;1&quot;:2,&quot;2&quot;:&quot;St. Mihiel&quot;}\" data-sheets-userformat=\"{&quot;2&quot;:1049089,&quot;3&quot;:{&quot;1&quot;:0},&quot;12&quot;:0,&quot;23&quot;:1}\" data-sheets-formula=\"=HYPERLINK(&quot;https:\/\/www.google.de\/maps\/place\/55300+Saint-Mihiel,+Frankreich\/@48.8941646,5.5395164,13z\/data=!3m1!4b1!4m5!3m4!1s0x47eb477101fbe843:0x40a5fb99a3ad0a0!8m2!3d48.88855!4d5.541657&quot;;&quot;St. Mihiel&quot;)\" data-sheets-hyperlink=\"https:\/\/www.google.de\/maps\/place\/55300+Saint-Mihiel,+Frankreich\/@48.8941646,5.5395164,13z\/data=!3m1!4b1!4m5!3m4!1s0x47eb477101fbe843:0x40a5fb99a3ad0a0!8m2!3d48.88855!4d5.541657\"><a class=\"in-cell-link\" href=\"https:\/\/www.google.de\/maps\/place\/55300+Saint-Mihiel,+Frankreich\/@48.8941646,5.5395164,13z\/data=!3m1!4b1!4m5!3m4!1s0x47eb477101fbe843:0x40a5fb99a3ad0a0!8m2!3d48.88855!4d5.541657\" target=\"_blank\" rel=\"noopener noreferrer\">St. Mihiel<\/a> in einem Massengrab.<\/span><\/li>\n<\/ul>\n<p>&nbsp;<\/p>\n<figure id=\"attachment_20439\" aria-describedby=\"caption-attachment-20439\" style=\"width: 510px\" class=\"wp-caption aligncenter\"><img loading=\"lazy\" decoding=\"async\" class=\"size-full wp-image-20439\" src=\"https:\/\/geschichte-hautnah.de\/www\/wp-content\/uploads\/2020\/04\/Joseph_Grill_v.jpg\" alt=\"\" width=\"510\" height=\"800\" srcset=\"https:\/\/geschichte-hautnah.de\/www\/wp-content\/uploads\/2020\/04\/Joseph_Grill_v.jpg 510w, https:\/\/geschichte-hautnah.de\/www\/wp-content\/uploads\/2020\/04\/Joseph_Grill_v-191x300.jpg 191w\" sizes=\"auto, (max-width: 510px) 100vw, 510px\" \/><figcaption id=\"caption-attachment-20439\" class=\"wp-caption-text\">Sterbebild von Joseph Grill<\/figcaption><\/figure>\n<figure id=\"attachment_20438\" aria-describedby=\"caption-attachment-20438\" style=\"width: 510px\" class=\"wp-caption aligncenter\"><img loading=\"lazy\" decoding=\"async\" class=\"size-full wp-image-20438\" src=\"https:\/\/geschichte-hautnah.de\/www\/wp-content\/uploads\/2020\/04\/Joseph_Grill_h.jpg\" alt=\"\" width=\"510\" height=\"800\" srcset=\"https:\/\/geschichte-hautnah.de\/www\/wp-content\/uploads\/2020\/04\/Joseph_Grill_h.jpg 510w, https:\/\/geschichte-hautnah.de\/www\/wp-content\/uploads\/2020\/04\/Joseph_Grill_h-191x300.jpg 191w\" sizes=\"auto, (max-width: 510px) 100vw, 510px\" \/><figcaption id=\"caption-attachment-20438\" class=\"wp-caption-text\">R\u00fcckseite des Sterbebildes von Joseph Grill<\/figcaption><\/figure>\n","protected":false},"excerpt":{"rendered":"<p>Der Soldat Joseph Grill stammte aus H\u00f6rabach, heute ein Dorf der Stadt Bogen in Bayern, und war der Sohn eines Tagel\u00f6hners. Im Ersten Weltkrieg k\u00e4mpfte er als Infanterist in der 10. Kompanie des 10. bayerischen Infanterie-Regiments. Am 16.04.1915 fiel er im Alter von 22 Jahren w\u00e4hrend der K\u00e4mpfe vor Verdun bei der kleinen franz\u00f6sischen Stadt [&hellip;]<\/p>\n","protected":false},"author":2,"featured_media":0,"comment_status":"closed","ping_status":"closed","sticky":false,"template":"","format":"standard","meta":{"footnotes":"","_wp_rev_ctl_limit":""},"categories":[2,8,1876,16],"tags":[178,280,1366,1599,1112,36,5731,92,899,416,4517,125],"class_list":["post-20478","post","type-post","status-publish","format-standard","hentry","category-1-weltkrieg","category-sterbebilder","category-frankreich-1-weltkrieg","category-verdun","tag-10-bayerisches-infanterie-regiment","tag-anonym","tag-bayern","tag-bogen","tag-bois-dailly","tag-frankreich","tag-hoerabach","tag-massengrab","tag-saint-mihiel","tag-soeldnerssohn","tag-tageloehnerssohn","tag-verdun"],"_links":{"self":[{"href":"https:\/\/geschichte-hautnah.de\/www\/index.php?rest_route=\/wp\/v2\/posts\/20478","targetHints":{"allow":["GET"]}}],"collection":[{"href":"https:\/\/geschichte-hautnah.de\/www\/index.php?rest_route=\/wp\/v2\/posts"}],"about":[{"href":"https:\/\/geschichte-hautnah.de\/www\/index.php?rest_route=\/wp\/v2\/types\/post"}],"author":[{"embeddable":true,"href":"https:\/\/geschichte-hautnah.de\/www\/index.php?rest_route=\/wp\/v2\/users\/2"}],"replies":[{"embeddable":true,"href":"https:\/\/geschichte-hautnah.de\/www\/index.php?rest_route=%2Fwp%2Fv2%2Fcomments&post=20478"}],"version-history":[{"count":7,"href":"https:\/\/geschichte-hautnah.de\/www\/index.php?rest_route=\/wp\/v2\/posts\/20478\/revisions"}],"predecessor-version":[{"id":20485,"href":"https:\/\/geschichte-hautnah.de\/www\/index.php?rest_route=\/wp\/v2\/posts\/20478\/revisions\/20485"}],"wp:attachment":[{"href":"https:\/\/geschichte-hautnah.de\/www\/index.php?rest_route=%2Fwp%2Fv2%2Fmedia&parent=20478"}],"wp:term":[{"taxonomy":"category","embeddable":true,"href":"https:\/\/geschichte-hautnah.de\/www\/index.php?rest_route=%2Fwp%2Fv2%2Fcategories&post=20478"},{"taxonomy":"post_tag","embeddable":true,"href":"https:\/\/geschichte-hautnah.de\/www\/index.php?rest_route=%2Fwp%2Fv2%2Ftags&post=20478"}],"curies":[{"name":"wp","href":"https:\/\/api.w.org\/{rel}","templated":true}]}}