{"id":20724,"date":"2024-01-26T00:00:07","date_gmt":"2024-01-25T23:00:07","guid":{"rendered":"https:\/\/geschichte-hautnah.de\/www\/?p=20724"},"modified":"2020-05-02T09:51:42","modified_gmt":"2020-05-02T07:51:42","slug":"die-maenner-des-ersten-weltkrieges-teil-2-079-johann-schelmer","status":"publish","type":"post","link":"https:\/\/geschichte-hautnah.de\/www\/?p=20724","title":{"rendered":"Die M\u00e4nner des Ersten Weltkrieges \u2013 Teil 2.079: Johann Schmelmer"},"content":{"rendered":"<p>Der Soldat Johann Schmelmer stammte aus <a href=\"https:\/\/de.wikipedia.org\/wiki\/Haidlfing\" target=\"_blank\" rel=\"noopener noreferrer\">Haidlfing<\/a>, heute ein Ortsteil der bayerischen Gemeinde <a href=\"https:\/\/de.wikipedia.org\/wiki\/Wallersdorf\" target=\"_blank\" rel=\"noopener noreferrer\">Wallersdorf<\/a>, und war der Sohn eines Wagners und Landwirts. Im Ersten Weltkrieg k\u00e4mpfte er in der 6. Kompanie des 7. bayerischen Reserve-Infanterie-Regiments als Infanterist. Am 24.02.1915 fiel er im Alter von 20 Jahren w\u00e4hrend der Stellungsk\u00e4mpfe in Flandern und im Artois in einem Sch\u00fctzengraben bei <a href=\"https:\/\/de.wikipedia.org\/wiki\/Carency\" target=\"_blank\" rel=\"noopener noreferrer\">Carency<\/a> durch Granatschuss.<\/p>\n<p><span data-sheets-value=\"{&quot;1&quot;:2,&quot;2&quot;:&quot;St.-Laurent-Blangy&quot;}\" data-sheets-userformat=\"{&quot;2&quot;:1049089,&quot;3&quot;:{&quot;1&quot;:0},&quot;12&quot;:0,&quot;23&quot;:1}\" data-sheets-formula=\"=HYPERLINK(&quot;https:\/\/www.google.de\/maps\/place\/Saint-Laurent-Blangy,+Frankreich\/@50.3097961,2.7378821,12z\/data=!4m5!3m4!1s0x47dd482673f41e11:0x40af13e8163d6a0!8m2!3d50.300542!4d2.801689&quot;;&quot;St.-Laurent-Blangy&quot;)\" data-sheets-hyperlink=\"https:\/\/www.google.de\/maps\/place\/Saint-Laurent-Blangy,+Frankreich\/@50.3097961,2.7378821,12z\/data=!4m5!3m4!1s0x47dd482673f41e11:0x40af13e8163d6a0!8m2!3d50.300542!4d2.801689\">Man begrub Johann Schelmer auf dem Soldatenfriedhof <a class=\"in-cell-link\" href=\"https:\/\/www.google.de\/maps\/place\/Saint-Laurent-Blangy,+Frankreich\/@50.3097961,2.7378821,12z\/data=!4m5!3m4!1s0x47dd482673f41e11:0x40af13e8163d6a0!8m2!3d50.300542!4d2.801689\" target=\"_blank\" rel=\"noopener noreferrer\">St.-Laurent-Blangy<\/a><\/span> in einem Massengrab.<\/p>\n<figure id=\"attachment_20701\" aria-describedby=\"caption-attachment-20701\" style=\"width: 403px\" class=\"wp-caption aligncenter\"><img loading=\"lazy\" decoding=\"async\" class=\"size-full wp-image-20701\" src=\"https:\/\/geschichte-hautnah.de\/www\/wp-content\/uploads\/2020\/05\/Johann_Schelmer_v.jpg\" alt=\"\" width=\"403\" height=\"800\" srcset=\"https:\/\/geschichte-hautnah.de\/www\/wp-content\/uploads\/2020\/05\/Johann_Schelmer_v.jpg 403w, https:\/\/geschichte-hautnah.de\/www\/wp-content\/uploads\/2020\/05\/Johann_Schelmer_v-151x300.jpg 151w\" sizes=\"auto, (max-width: 403px) 100vw, 403px\" \/><figcaption id=\"caption-attachment-20701\" class=\"wp-caption-text\">Sterbebild von Johann Schelmer<\/figcaption><\/figure>\n<figure id=\"attachment_20700\" aria-describedby=\"caption-attachment-20700\" style=\"width: 403px\" class=\"wp-caption aligncenter\"><img loading=\"lazy\" decoding=\"async\" class=\"size-full wp-image-20700\" src=\"https:\/\/geschichte-hautnah.de\/www\/wp-content\/uploads\/2020\/05\/Johann_Schelmer_h.jpg\" alt=\"\" width=\"403\" height=\"800\" srcset=\"https:\/\/geschichte-hautnah.de\/www\/wp-content\/uploads\/2020\/05\/Johann_Schelmer_h.jpg 403w, https:\/\/geschichte-hautnah.de\/www\/wp-content\/uploads\/2020\/05\/Johann_Schelmer_h-151x300.jpg 151w\" sizes=\"auto, (max-width: 403px) 100vw, 403px\" \/><figcaption id=\"caption-attachment-20700\" class=\"wp-caption-text\">R\u00fcckseite des Sterbebildes von Johann Schelmer<\/figcaption><\/figure>\n<p>&nbsp;<\/p>\n","protected":false},"excerpt":{"rendered":"<p>Der Soldat Johann Schmelmer stammte aus Haidlfing, heute ein Ortsteil der bayerischen Gemeinde Wallersdorf, und war der Sohn eines Wagners und Landwirts. Im Ersten Weltkrieg k\u00e4mpfte er in der 6. Kompanie des 7. bayerischen Reserve-Infanterie-Regiments als Infanterist. Am 24.02.1915 fiel er im Alter von 20 Jahren w\u00e4hrend der Stellungsk\u00e4mpfe in Flandern und im Artois in [&hellip;]<\/p>\n","protected":false},"author":2,"featured_media":0,"comment_status":"closed","ping_status":"closed","sticky":false,"template":"","format":"standard","meta":{"footnotes":"","_wp_rev_ctl_limit":""},"categories":[2,8,1876],"tags":[2305,449,302,1366,2869,36,528,714,293,687,457,5787,716],"class_list":["post-20724","post","type-post","status-publish","format-standard","hentry","category-1-weltkrieg","category-sterbebilder","category-frankreich-1-weltkrieg","tag-7-bayerisches-reserve-infanterie-regiment","tag-arras","tag-bauerssohn","tag-bayern","tag-carency","tag-frankreich","tag-granatschuss","tag-haidlfing","tag-landwirt","tag-schuetzengraben","tag-st-laurent-blangy","tag-wagnerssohn","tag-wallersdorf"],"_links":{"self":[{"href":"https:\/\/geschichte-hautnah.de\/www\/index.php?rest_route=\/wp\/v2\/posts\/20724","targetHints":{"allow":["GET"]}}],"collection":[{"href":"https:\/\/geschichte-hautnah.de\/www\/index.php?rest_route=\/wp\/v2\/posts"}],"about":[{"href":"https:\/\/geschichte-hautnah.de\/www\/index.php?rest_route=\/wp\/v2\/types\/post"}],"author":[{"embeddable":true,"href":"https:\/\/geschichte-hautnah.de\/www\/index.php?rest_route=\/wp\/v2\/users\/2"}],"replies":[{"embeddable":true,"href":"https:\/\/geschichte-hautnah.de\/www\/index.php?rest_route=%2Fwp%2Fv2%2Fcomments&post=20724"}],"version-history":[{"count":5,"href":"https:\/\/geschichte-hautnah.de\/www\/index.php?rest_route=\/wp\/v2\/posts\/20724\/revisions"}],"predecessor-version":[{"id":20729,"href":"https:\/\/geschichte-hautnah.de\/www\/index.php?rest_route=\/wp\/v2\/posts\/20724\/revisions\/20729"}],"wp:attachment":[{"href":"https:\/\/geschichte-hautnah.de\/www\/index.php?rest_route=%2Fwp%2Fv2%2Fmedia&parent=20724"}],"wp:term":[{"taxonomy":"category","embeddable":true,"href":"https:\/\/geschichte-hautnah.de\/www\/index.php?rest_route=%2Fwp%2Fv2%2Fcategories&post=20724"},{"taxonomy":"post_tag","embeddable":true,"href":"https:\/\/geschichte-hautnah.de\/www\/index.php?rest_route=%2Fwp%2Fv2%2Ftags&post=20724"}],"curies":[{"name":"wp","href":"https:\/\/api.w.org\/{rel}","templated":true}]}}