{"id":20792,"date":"2024-02-02T00:00:23","date_gmt":"2024-02-01T23:00:23","guid":{"rendered":"https:\/\/geschichte-hautnah.de\/www\/?p=20792"},"modified":"2020-05-07T17:45:47","modified_gmt":"2020-05-07T15:45:47","slug":"die-maenner-des-ersten-weltkriegs-teil-2-087-otto-preisinger","status":"publish","type":"post","link":"https:\/\/geschichte-hautnah.de\/www\/?p=20792","title":{"rendered":"Die M\u00e4nner des Ersten Weltkriegs \u2013 Teil 2.087: Otto Preisinger"},"content":{"rendered":"<p>Der Soldat Otto Preisinger stammte aus Frauenwies, einem Ortsteil der bayerischen Gemeinde <a href=\"https:\/\/de.wikipedia.org\/wiki\/Ergoldsbach\" target=\"_blank\" rel=\"noopener noreferrer\">Ergoldsbach<\/a>, und war der Sohn eines Landwirts. Im Ersten Weltkrieg diente er als Wehrmann in der 12. Kompanie des 21. bayerischen Reserve-Infanterie-Regiments. Am 15.03.1915 fiel er im Alter von 31 Jahren w\u00e4hrend der Stellungsk\u00e4mpfe in Flandern bei Pi\u00e9tre und La Russie durch schwere Verwundung. Die Angaben auf dem Sterbebild, er sei in den Vogesen gefallen, ist nachweislich falsch.<\/p>\n<p><span data-sheets-value=\"{&quot;1&quot;:2,&quot;2&quot;:&quot;Courri\u00e8res&quot;}\" data-sheets-userformat=\"{&quot;2&quot;:1049089,&quot;3&quot;:{&quot;1&quot;:0},&quot;12&quot;:0,&quot;23&quot;:1}\" data-sheets-formula=\"=HYPERLINK(&quot;https:\/\/de.wikipedia.org\/wiki\/Courri%C3%A8res&quot;;&quot;Courri\u00e8res&quot;)\" data-sheets-hyperlink=\"https:\/\/de.wikipedia.org\/wiki\/Courri%C3%A8res\">Man begrub Otto Preisinger auf dem Soldatenfriedhof <a class=\"in-cell-link\" href=\"https:\/\/de.wikipedia.org\/wiki\/Courri%C3%A8res\" target=\"_blank\" rel=\"noopener noreferrer\">Courri\u00e8res<\/a> in Block 4 Grab 89.<\/span><\/p>\n<figure id=\"attachment_20794\" aria-describedby=\"caption-attachment-20794\" style=\"width: 490px\" class=\"wp-caption aligncenter\"><img loading=\"lazy\" decoding=\"async\" class=\"size-full wp-image-20794\" src=\"https:\/\/geschichte-hautnah.de\/www\/wp-content\/uploads\/2020\/05\/Otto_Preisinger_v.jpg\" alt=\"\" width=\"490\" height=\"800\" srcset=\"https:\/\/geschichte-hautnah.de\/www\/wp-content\/uploads\/2020\/05\/Otto_Preisinger_v.jpg 490w, https:\/\/geschichte-hautnah.de\/www\/wp-content\/uploads\/2020\/05\/Otto_Preisinger_v-184x300.jpg 184w\" sizes=\"auto, (max-width: 490px) 100vw, 490px\" \/><figcaption id=\"caption-attachment-20794\" class=\"wp-caption-text\">Sterbebild von Otto Preisinger<\/figcaption><\/figure>\n<figure id=\"attachment_20793\" aria-describedby=\"caption-attachment-20793\" style=\"width: 490px\" class=\"wp-caption aligncenter\"><img loading=\"lazy\" decoding=\"async\" class=\"size-full wp-image-20793\" src=\"https:\/\/geschichte-hautnah.de\/www\/wp-content\/uploads\/2020\/05\/Otto_Preisinger_h.jpg\" alt=\"\" width=\"490\" height=\"800\" srcset=\"https:\/\/geschichte-hautnah.de\/www\/wp-content\/uploads\/2020\/05\/Otto_Preisinger_h.jpg 490w, https:\/\/geschichte-hautnah.de\/www\/wp-content\/uploads\/2020\/05\/Otto_Preisinger_h-184x300.jpg 184w\" sizes=\"auto, (max-width: 490px) 100vw, 490px\" \/><figcaption id=\"caption-attachment-20793\" class=\"wp-caption-text\">R\u00fcckseite des Sterbebildes von Otto Preisinger<\/figcaption><\/figure>\n<p>&nbsp;<\/p>\n","protected":false},"excerpt":{"rendered":"<p>Der Soldat Otto Preisinger stammte aus Frauenwies, einem Ortsteil der bayerischen Gemeinde Ergoldsbach, und war der Sohn eines Landwirts. Im Ersten Weltkrieg diente er als Wehrmann in der 12. Kompanie des 21. bayerischen Reserve-Infanterie-Regiments. Am 15.03.1915 fiel er im Alter von 31 Jahren w\u00e4hrend der Stellungsk\u00e4mpfe in Flandern bei Pi\u00e9tre und La Russie durch schwere [&hellip;]<\/p>\n","protected":false},"author":2,"featured_media":0,"comment_status":"closed","ping_status":"closed","sticky":false,"template":"","format":"standard","meta":{"footnotes":"","_wp_rev_ctl_limit":""},"categories":[2,8,1876],"tags":[564,302,1366,5806,902,580,5805,771,968],"class_list":["post-20792","post","type-post","status-publish","format-standard","hentry","category-1-weltkrieg","category-sterbebilder","category-frankreich-1-weltkrieg","tag-21-bayerisches-reserve-infanterie-regiment","tag-bauerssohn","tag-bayern","tag-courrieres","tag-ergoldsbach","tag-flandern","tag-frauenwies","tag-schwere-verwundung","tag-wehrmann"],"_links":{"self":[{"href":"https:\/\/geschichte-hautnah.de\/www\/index.php?rest_route=\/wp\/v2\/posts\/20792","targetHints":{"allow":["GET"]}}],"collection":[{"href":"https:\/\/geschichte-hautnah.de\/www\/index.php?rest_route=\/wp\/v2\/posts"}],"about":[{"href":"https:\/\/geschichte-hautnah.de\/www\/index.php?rest_route=\/wp\/v2\/types\/post"}],"author":[{"embeddable":true,"href":"https:\/\/geschichte-hautnah.de\/www\/index.php?rest_route=\/wp\/v2\/users\/2"}],"replies":[{"embeddable":true,"href":"https:\/\/geschichte-hautnah.de\/www\/index.php?rest_route=%2Fwp%2Fv2%2Fcomments&post=20792"}],"version-history":[{"count":4,"href":"https:\/\/geschichte-hautnah.de\/www\/index.php?rest_route=\/wp\/v2\/posts\/20792\/revisions"}],"predecessor-version":[{"id":20798,"href":"https:\/\/geschichte-hautnah.de\/www\/index.php?rest_route=\/wp\/v2\/posts\/20792\/revisions\/20798"}],"wp:attachment":[{"href":"https:\/\/geschichte-hautnah.de\/www\/index.php?rest_route=%2Fwp%2Fv2%2Fmedia&parent=20792"}],"wp:term":[{"taxonomy":"category","embeddable":true,"href":"https:\/\/geschichte-hautnah.de\/www\/index.php?rest_route=%2Fwp%2Fv2%2Fcategories&post=20792"},{"taxonomy":"post_tag","embeddable":true,"href":"https:\/\/geschichte-hautnah.de\/www\/index.php?rest_route=%2Fwp%2Fv2%2Ftags&post=20792"}],"curies":[{"name":"wp","href":"https:\/\/api.w.org\/{rel}","templated":true}]}}