{"id":20801,"date":"2024-02-03T00:00:55","date_gmt":"2024-02-02T23:00:55","guid":{"rendered":"https:\/\/geschichte-hautnah.de\/www\/?p=20801"},"modified":"2020-05-10T12:31:27","modified_gmt":"2020-05-10T10:31:27","slug":"die-maenner-des-ersten-weltkriegs-teil-2-088-anton-muellersterbebild-von-anton-mueller","status":"publish","type":"post","link":"https:\/\/geschichte-hautnah.de\/www\/?p=20801","title":{"rendered":"Die M\u00e4nner des Ersten Weltkriegs \u2013 Teil 2.088: Anton M\u00fcllerSterbebild von Anton M\u00fcller"},"content":{"rendered":"<p>Der Soldat Anton M\u00fcller stammte aus Schwarzenberg und lebte in Multerhof, beide Orte sind heute Ortsteile der bayerischen Gemeinde <a href=\"https:\/\/de.wikipedia.org\/wiki\/Eschlkam\" target=\"_blank\" rel=\"noopener noreferrer\">Eschlkam<\/a>. Im Ersten Weltkrieg diente er in der 3. Kompanie des 11. bayerischen Infanterie-Regiments als Infanterist. Am 05.05.1915 fiel er im Alter von 24 Jahren bei Saint-Mihiel, etwa 20 Kilomer s\u00fcdlich Verdun. Er wurde bei einem Angriff im Ailly-Wald bei <a href=\"https:\/\/de.wikipedia.org\/wiki\/Apremont-la-For%C3%AAt\" target=\"_blank\" rel=\"noopener noreferrer\">Apremont-la-For\u00eat<\/a> get\u00f6tet.<\/p>\n<p>\u00dcber den Todestag von Anton M\u00fcller besichtet die Regimentsgeschichte des 11. bayerischen Infanterie-Regiments:<\/p>\n<blockquote><p><em>&#8222;Ein eigener schwerer Angriff am 05.05.1915 brachte die gesamte im April verloren gegangenen Linien wieder restlos in den Besitz des III. bayerischen Armee-Korps. \u00dcberraschend, nach kurzem Artillerievorbereitungsfeuer, st\u00fcrmte das Regiment Carl, beiderseits eingerahmt von je einem Regiment der neu eingesetzten 80. Infanterie-Brigade gegen die franz\u00f6sischen Gr\u00e4ben an; in kurzer Zeit waren alle ehemaligen deutschen Linie wiedergewonnen und dar\u00fcber hinaus noch die fr\u00fchere vorderste Stellung der Franzosen besetzt. Mit einem Schlag war die Ruhe im Wald von Ailly hergestellt. Leider fiel gleich zu Beginn des Sturms der tapfere Kommandeur des Bataillons 11. Regiments, Major Georg Vogel.&#8220;<\/em><\/p><\/blockquote>\n<p>Offiziell ist f\u00fcr Anton Vogel keine Grablage bekannt. Ich vermute jedoch stark, dass er anonym in einem Massengrab auf dem Soldatenfriedhof <span data-sheets-value=\"{&quot;1&quot;:2,&quot;2&quot;:&quot;St. Mihiel&quot;}\" data-sheets-userformat=\"{&quot;2&quot;:1049089,&quot;3&quot;:{&quot;1&quot;:0},&quot;12&quot;:0,&quot;23&quot;:1}\" data-sheets-formula=\"=HYPERLINK(&quot;https:\/\/www.google.de\/maps\/place\/55300+Saint-Mihiel,+Frankreich\/@48.8941646,5.5395164,13z\/data=!3m1!4b1!4m5!3m4!1s0x47eb477101fbe843:0x40a5fb99a3ad0a0!8m2!3d48.88855!4d5.541657&quot;;&quot;St. Mihiel&quot;)\" data-sheets-hyperlink=\"https:\/\/www.google.de\/maps\/place\/55300+Saint-Mihiel,+Frankreich\/@48.8941646,5.5395164,13z\/data=!3m1!4b1!4m5!3m4!1s0x47eb477101fbe843:0x40a5fb99a3ad0a0!8m2!3d48.88855!4d5.541657\"><a class=\"in-cell-link\" href=\"https:\/\/www.google.de\/maps\/place\/55300+Saint-Mihiel,+Frankreich\/@48.8941646,5.5395164,13z\/data=!3m1!4b1!4m5!3m4!1s0x47eb477101fbe843:0x40a5fb99a3ad0a0!8m2!3d48.88855!4d5.541657\" target=\"_blank\" rel=\"noopener noreferrer\">St. Mihiel<\/a> oder in <a class=\"in-cell-link\" href=\"https:\/\/de.wikipedia.org\/wiki\/Troyon\" target=\"_blank\" rel=\"noopener noreferrer\">Troyon<\/a> begraben wurde, wo auch seine Regimentskameraden beigesetzt wurden, die im gleichen Zeitraum fielen, u. a.<\/span><\/p>\n<ul>\n<li>Major Georg Vogel, gefallen am 05.05.1915 im Wald von Ailly, begraben auf dem Soldatenfriedhof <span data-sheets-value=\"{&quot;1&quot;:2,&quot;2&quot;:&quot;St. Mihiel&quot;}\" data-sheets-userformat=\"{&quot;2&quot;:1049089,&quot;3&quot;:{&quot;1&quot;:0},&quot;12&quot;:0,&quot;23&quot;:1}\" data-sheets-formula=\"=HYPERLINK(&quot;https:\/\/www.google.de\/maps\/place\/55300+Saint-Mihiel,+Frankreich\/@48.8941646,5.5395164,13z\/data=!3m1!4b1!4m5!3m4!1s0x47eb477101fbe843:0x40a5fb99a3ad0a0!8m2!3d48.88855!4d5.541657&quot;;&quot;St. Mihiel&quot;)\" data-sheets-hyperlink=\"https:\/\/www.google.de\/maps\/place\/55300+Saint-Mihiel,+Frankreich\/@48.8941646,5.5395164,13z\/data=!3m1!4b1!4m5!3m4!1s0x47eb477101fbe843:0x40a5fb99a3ad0a0!8m2!3d48.88855!4d5.541657\"><a class=\"in-cell-link\" href=\"https:\/\/www.google.de\/maps\/place\/55300+Saint-Mihiel,+Frankreich\/@48.8941646,5.5395164,13z\/data=!3m1!4b1!4m5!3m4!1s0x47eb477101fbe843:0x40a5fb99a3ad0a0!8m2!3d48.88855!4d5.541657\" target=\"_blank\" rel=\"noopener noreferrer\">St. Mihiel<\/a><\/span> in einem Massengrab;<\/li>\n<li>Wehrmann Johann Danninger, gefallen am 24.04.1915 im Wald von Ailly, begraben auf dem Soldatenfriedhof <span data-sheets-value=\"{&quot;1&quot;:2,&quot;2&quot;:&quot;St. Mihiel&quot;}\" data-sheets-userformat=\"{&quot;2&quot;:1049089,&quot;3&quot;:{&quot;1&quot;:0},&quot;12&quot;:0,&quot;23&quot;:1}\" data-sheets-formula=\"=HYPERLINK(&quot;https:\/\/www.google.de\/maps\/place\/55300+Saint-Mihiel,+Frankreich\/@48.8941646,5.5395164,13z\/data=!3m1!4b1!4m5!3m4!1s0x47eb477101fbe843:0x40a5fb99a3ad0a0!8m2!3d48.88855!4d5.541657&quot;;&quot;St. Mihiel&quot;)\" data-sheets-hyperlink=\"https:\/\/www.google.de\/maps\/place\/55300+Saint-Mihiel,+Frankreich\/@48.8941646,5.5395164,13z\/data=!3m1!4b1!4m5!3m4!1s0x47eb477101fbe843:0x40a5fb99a3ad0a0!8m2!3d48.88855!4d5.541657\"><a class=\"in-cell-link\" href=\"https:\/\/www.google.de\/maps\/place\/55300+Saint-Mihiel,+Frankreich\/@48.8941646,5.5395164,13z\/data=!3m1!4b1!4m5!3m4!1s0x47eb477101fbe843:0x40a5fb99a3ad0a0!8m2!3d48.88855!4d5.541657\" target=\"_blank\" rel=\"noopener noreferrer\">St. Mihiel<\/a><\/span> in einem Massengrab;<\/li>\n<li>Gefreiter Sebastian Roithmeier, gefallen am 05.05.1915, begraben auf dem Soldatenfriedhof <span data-sheets-value=\"{&quot;1&quot;:2,&quot;2&quot;:&quot;St. Mihiel&quot;}\" data-sheets-userformat=\"{&quot;2&quot;:1049089,&quot;3&quot;:{&quot;1&quot;:0},&quot;12&quot;:0,&quot;23&quot;:1}\" data-sheets-formula=\"=HYPERLINK(&quot;https:\/\/www.google.de\/maps\/place\/55300+Saint-Mihiel,+Frankreich\/@48.8941646,5.5395164,13z\/data=!3m1!4b1!4m5!3m4!1s0x47eb477101fbe843:0x40a5fb99a3ad0a0!8m2!3d48.88855!4d5.541657&quot;;&quot;St. Mihiel&quot;)\" data-sheets-hyperlink=\"https:\/\/www.google.de\/maps\/place\/55300+Saint-Mihiel,+Frankreich\/@48.8941646,5.5395164,13z\/data=!3m1!4b1!4m5!3m4!1s0x47eb477101fbe843:0x40a5fb99a3ad0a0!8m2!3d48.88855!4d5.541657\"><a class=\"in-cell-link\" href=\"https:\/\/de.wikipedia.org\/wiki\/Troyon\" target=\"_blank\" rel=\"noopener noreferrer\">Troyon<\/a><\/span>\u00a0in einem Massengrab;<\/li>\n<li>Infanterist Johann Resl, gefallen am 05.05.1915, begraben auf dem Soldatenfriedhof <span data-sheets-value=\"{&quot;1&quot;:2,&quot;2&quot;:&quot;St. Mihiel&quot;}\" data-sheets-userformat=\"{&quot;2&quot;:1049089,&quot;3&quot;:{&quot;1&quot;:0},&quot;12&quot;:0,&quot;23&quot;:1}\" data-sheets-formula=\"=HYPERLINK(&quot;https:\/\/www.google.de\/maps\/place\/55300+Saint-Mihiel,+Frankreich\/@48.8941646,5.5395164,13z\/data=!3m1!4b1!4m5!3m4!1s0x47eb477101fbe843:0x40a5fb99a3ad0a0!8m2!3d48.88855!4d5.541657&quot;;&quot;St. Mihiel&quot;)\" data-sheets-hyperlink=\"https:\/\/www.google.de\/maps\/place\/55300+Saint-Mihiel,+Frankreich\/@48.8941646,5.5395164,13z\/data=!3m1!4b1!4m5!3m4!1s0x47eb477101fbe843:0x40a5fb99a3ad0a0!8m2!3d48.88855!4d5.541657\"><a class=\"in-cell-link\" href=\"https:\/\/de.wikipedia.org\/wiki\/Troyon\" target=\"_blank\" rel=\"noopener noreferrer\">Troyon<\/a><\/span> in Block 13, Grab 99.<\/li>\n<\/ul>\n<p>&nbsp;<\/p>\n<figure id=\"attachment_20800\" aria-describedby=\"caption-attachment-20800\" style=\"width: 515px\" class=\"wp-caption aligncenter\"><img loading=\"lazy\" decoding=\"async\" class=\"size-full wp-image-20800\" src=\"https:\/\/geschichte-hautnah.de\/www\/wp-content\/uploads\/2020\/05\/Anton_M\u00fcller_v.jpg\" alt=\"\" width=\"515\" height=\"800\" srcset=\"https:\/\/geschichte-hautnah.de\/www\/wp-content\/uploads\/2020\/05\/Anton_M\u00fcller_v.jpg 515w, https:\/\/geschichte-hautnah.de\/www\/wp-content\/uploads\/2020\/05\/Anton_M\u00fcller_v-193x300.jpg 193w\" sizes=\"auto, (max-width: 515px) 100vw, 515px\" \/><figcaption id=\"caption-attachment-20800\" class=\"wp-caption-text\">Sterbebild von Anton M\u00fcller<\/figcaption><\/figure>\n<figure id=\"attachment_20799\" aria-describedby=\"caption-attachment-20799\" style=\"width: 515px\" class=\"wp-caption aligncenter\"><img loading=\"lazy\" decoding=\"async\" class=\"size-full wp-image-20799\" src=\"https:\/\/geschichte-hautnah.de\/www\/wp-content\/uploads\/2020\/05\/Anton_M\u00fcller_h.jpg\" alt=\"\" width=\"515\" height=\"800\" srcset=\"https:\/\/geschichte-hautnah.de\/www\/wp-content\/uploads\/2020\/05\/Anton_M\u00fcller_h.jpg 515w, https:\/\/geschichte-hautnah.de\/www\/wp-content\/uploads\/2020\/05\/Anton_M\u00fcller_h-193x300.jpg 193w\" sizes=\"auto, (max-width: 515px) 100vw, 515px\" \/><figcaption id=\"caption-attachment-20799\" class=\"wp-caption-text\">R\u00fcckseite des Sterbebildes von Anton M\u00fcller<\/figcaption><\/figure>\n","protected":false},"excerpt":{"rendered":"<p>Der Soldat Anton M\u00fcller stammte aus Schwarzenberg und lebte in Multerhof, beide Orte sind heute Ortsteile der bayerischen Gemeinde Eschlkam. Im Ersten Weltkrieg diente er in der 3. Kompanie des 11. bayerischen Infanterie-Regiments als Infanterist. Am 05.05.1915 fiel er im Alter von 24 Jahren bei Saint-Mihiel, etwa 20 Kilomer s\u00fcdlich Verdun. Er wurde bei einem [&hellip;]<\/p>\n","protected":false},"author":2,"featured_media":0,"comment_status":"closed","ping_status":"closed","sticky":false,"template":"","format":"standard","meta":{"footnotes":"","_wp_rev_ctl_limit":""},"categories":[2,8,1876,16],"tags":[547,1110,5809,1366,1112,1057,36,598,5810,92,5808,5807,207,99,125],"class_list":["post-20801","post","type-post","status-publish","format-standard","hentry","category-1-weltkrieg","category-sterbebilder","category-frankreich-1-weltkrieg","category-verdun","tag-11-bayerische-infanterie-regiment","tag-ailly-wald","tag-apremont-la-foret","tag-bayern","tag-bois-dailly","tag-eschlkam","tag-frankreich","tag-lothringen","tag-major","tag-massengrab","tag-multerhof","tag-schwarzenberg","tag-troyon","tag-unbekannte-grablage","tag-verdun"],"_links":{"self":[{"href":"https:\/\/geschichte-hautnah.de\/www\/index.php?rest_route=\/wp\/v2\/posts\/20801","targetHints":{"allow":["GET"]}}],"collection":[{"href":"https:\/\/geschichte-hautnah.de\/www\/index.php?rest_route=\/wp\/v2\/posts"}],"about":[{"href":"https:\/\/geschichte-hautnah.de\/www\/index.php?rest_route=\/wp\/v2\/types\/post"}],"author":[{"embeddable":true,"href":"https:\/\/geschichte-hautnah.de\/www\/index.php?rest_route=\/wp\/v2\/users\/2"}],"replies":[{"embeddable":true,"href":"https:\/\/geschichte-hautnah.de\/www\/index.php?rest_route=%2Fwp%2Fv2%2Fcomments&post=20801"}],"version-history":[{"count":7,"href":"https:\/\/geschichte-hautnah.de\/www\/index.php?rest_route=\/wp\/v2\/posts\/20801\/revisions"}],"predecessor-version":[{"id":20808,"href":"https:\/\/geschichte-hautnah.de\/www\/index.php?rest_route=\/wp\/v2\/posts\/20801\/revisions\/20808"}],"wp:attachment":[{"href":"https:\/\/geschichte-hautnah.de\/www\/index.php?rest_route=%2Fwp%2Fv2%2Fmedia&parent=20801"}],"wp:term":[{"taxonomy":"category","embeddable":true,"href":"https:\/\/geschichte-hautnah.de\/www\/index.php?rest_route=%2Fwp%2Fv2%2Fcategories&post=20801"},{"taxonomy":"post_tag","embeddable":true,"href":"https:\/\/geschichte-hautnah.de\/www\/index.php?rest_route=%2Fwp%2Fv2%2Ftags&post=20801"}],"curies":[{"name":"wp","href":"https:\/\/api.w.org\/{rel}","templated":true}]}}