{"id":20899,"date":"2024-02-14T00:00:40","date_gmt":"2024-02-13T23:00:40","guid":{"rendered":"https:\/\/geschichte-hautnah.de\/www\/?p=20899"},"modified":"2020-05-14T16:14:07","modified_gmt":"2020-05-14T14:14:07","slug":"die-maenner-des-ersten-weltkriegs-teil-2-099-georg-schiessl","status":"publish","type":"post","link":"https:\/\/geschichte-hautnah.de\/www\/?p=20899","title":{"rendered":"Die M\u00e4nner des Ersten Weltkriegs \u2013 Teil 2.099: Georg Schie\u00dfl"},"content":{"rendered":"<p>Der Soldat Georg Schie\u00dfl stammte aus Stachesried und war der Sohn eines Tagel\u00f6hners. Im Ersten Weltkrieg diente er als Infanterist in der 6. Kompanie des 15. bayerischen Infanterie-Regiments. Am 30.05.1916 verstarb er im Alter von 22 Jahren in einem Feldlazarett in Folge einer schweren Verwundung w\u00e4hrend der K\u00e4mpfe um das <a href=\"https:\/\/de.wikipedia.org\/wiki\/Fort_Douaumont\" target=\"_blank\" rel=\"noopener noreferrer\">Fort Douaumont<\/a>. Er wurde eines der zahlreichen Opfer der sinnlosen und blutigen <a href=\"https:\/\/de.wikipedia.org\/wiki\/Schlacht_um_Verdun\" target=\"_blank\" rel=\"noopener noreferrer\">Schlacht um Verdun<\/a>.<\/p>\n<p><span data-sheets-value=\"{&quot;1&quot;:2,&quot;2&quot;:&quot;Romagne-sous-les-Cotes&quot;}\" data-sheets-userformat=\"{&quot;2&quot;:1049089,&quot;3&quot;:{&quot;1&quot;:0},&quot;12&quot;:0,&quot;23&quot;:1}\" data-sheets-formula=\"=HYPERLINK(&quot;https:\/\/goo.gl\/maps\/yjYCM8QRGoT2&quot;;&quot;Romagne-sous-les-Cotes&quot;)\" data-sheets-hyperlink=\"https:\/\/goo.gl\/maps\/yjYCM8QRGoT2\">Man begrub Georg Schie\u00dfl auf dem Soldatenfriedhof <a class=\"in-cell-link\" href=\"https:\/\/goo.gl\/maps\/yjYCM8QRGoT2\" target=\"_blank\" rel=\"noopener noreferrer\">Romagne-sous-les-Cotes<\/a><\/span> in Block 4, Grab 130.<\/p>\n<p>Morgen stelle ich das Schicksal seines Bruders, Anton Schie\u00dfle, vor.<\/p>\n<figure id=\"attachment_20901\" aria-describedby=\"caption-attachment-20901\" style=\"width: 472px\" class=\"wp-caption aligncenter\"><img loading=\"lazy\" decoding=\"async\" class=\"size-full wp-image-20901\" src=\"https:\/\/geschichte-hautnah.de\/www\/wp-content\/uploads\/2020\/05\/Georg_Schie\u00dfl_v.jpg\" alt=\"\" width=\"472\" height=\"800\" srcset=\"https:\/\/geschichte-hautnah.de\/www\/wp-content\/uploads\/2020\/05\/Georg_Schie\u00dfl_v.jpg 472w, https:\/\/geschichte-hautnah.de\/www\/wp-content\/uploads\/2020\/05\/Georg_Schie\u00dfl_v-177x300.jpg 177w\" sizes=\"auto, (max-width: 472px) 100vw, 472px\" \/><figcaption id=\"caption-attachment-20901\" class=\"wp-caption-text\">Sterbebild von Georg Schie\u00dfl<\/figcaption><\/figure>\n<figure id=\"attachment_20900\" aria-describedby=\"caption-attachment-20900\" style=\"width: 472px\" class=\"wp-caption aligncenter\"><img loading=\"lazy\" decoding=\"async\" class=\"size-full wp-image-20900\" src=\"https:\/\/geschichte-hautnah.de\/www\/wp-content\/uploads\/2020\/05\/Georg_Schie\u00dfl_h.jpg\" alt=\"\" width=\"472\" height=\"800\" srcset=\"https:\/\/geschichte-hautnah.de\/www\/wp-content\/uploads\/2020\/05\/Georg_Schie\u00dfl_h.jpg 472w, https:\/\/geschichte-hautnah.de\/www\/wp-content\/uploads\/2020\/05\/Georg_Schie\u00dfl_h-177x300.jpg 177w\" sizes=\"auto, (max-width: 472px) 100vw, 472px\" \/><figcaption id=\"caption-attachment-20900\" class=\"wp-caption-text\">R\u00fcckseite des Sterbebildes von Georg Schie\u00dfl<\/figcaption><\/figure>\n","protected":false},"excerpt":{"rendered":"<p>Der Soldat Georg Schie\u00dfl stammte aus Stachesried und war der Sohn eines Tagel\u00f6hners. Im Ersten Weltkrieg diente er als Infanterist in der 6. Kompanie des 15. bayerischen Infanterie-Regiments. Am 30.05.1916 verstarb er im Alter von 22 Jahren in einem Feldlazarett in Folge einer schweren Verwundung w\u00e4hrend der K\u00e4mpfe um das Fort Douaumont. Er wurde eines [&hellip;]<\/p>\n","protected":false},"author":2,"featured_media":0,"comment_status":"closed","ping_status":"closed","sticky":false,"template":"","format":"standard","meta":{"footnotes":"","_wp_rev_ctl_limit":""},"categories":[2,8,1876,16],"tags":[1247],"class_list":["post-20899","post","type-post","status-publish","format-standard","hentry","category-1-weltkrieg","category-sterbebilder","category-frankreich-1-weltkrieg","category-verdun","tag-fort-douaumont"],"_links":{"self":[{"href":"https:\/\/geschichte-hautnah.de\/www\/index.php?rest_route=\/wp\/v2\/posts\/20899","targetHints":{"allow":["GET"]}}],"collection":[{"href":"https:\/\/geschichte-hautnah.de\/www\/index.php?rest_route=\/wp\/v2\/posts"}],"about":[{"href":"https:\/\/geschichte-hautnah.de\/www\/index.php?rest_route=\/wp\/v2\/types\/post"}],"author":[{"embeddable":true,"href":"https:\/\/geschichte-hautnah.de\/www\/index.php?rest_route=\/wp\/v2\/users\/2"}],"replies":[{"embeddable":true,"href":"https:\/\/geschichte-hautnah.de\/www\/index.php?rest_route=%2Fwp%2Fv2%2Fcomments&post=20899"}],"version-history":[{"count":5,"href":"https:\/\/geschichte-hautnah.de\/www\/index.php?rest_route=\/wp\/v2\/posts\/20899\/revisions"}],"predecessor-version":[{"id":20906,"href":"https:\/\/geschichte-hautnah.de\/www\/index.php?rest_route=\/wp\/v2\/posts\/20899\/revisions\/20906"}],"wp:attachment":[{"href":"https:\/\/geschichte-hautnah.de\/www\/index.php?rest_route=%2Fwp%2Fv2%2Fmedia&parent=20899"}],"wp:term":[{"taxonomy":"category","embeddable":true,"href":"https:\/\/geschichte-hautnah.de\/www\/index.php?rest_route=%2Fwp%2Fv2%2Fcategories&post=20899"},{"taxonomy":"post_tag","embeddable":true,"href":"https:\/\/geschichte-hautnah.de\/www\/index.php?rest_route=%2Fwp%2Fv2%2Ftags&post=20899"}],"curies":[{"name":"wp","href":"https:\/\/api.w.org\/{rel}","templated":true}]}}