{"id":20907,"date":"2020-05-14T16:16:16","date_gmt":"2020-05-14T14:16:16","guid":{"rendered":"https:\/\/geschichte-hautnah.de\/www\/?p=20907"},"modified":"2020-05-14T16:47:21","modified_gmt":"2020-05-14T14:47:21","slug":"die-maenner-des-ersten-weltkriegs-teil-2-100-anton-schiessl","status":"publish","type":"post","link":"https:\/\/geschichte-hautnah.de\/www\/?p=20907","title":{"rendered":"Die M\u00e4nner des Ersten Weltkriegs \u2013 Teil 2.100: Anton Schie\u00dfl"},"content":{"rendered":"<p>Der Soldat Anton Schie\u00dfl stammte aus Stachesried, einem Ortsteil der bayerischen Gemeinde <a href=\"https:\/\/de.wikipedia.org\/wiki\/Eschlkam\" target=\"_blank\" rel=\"noopener noreferrer\">Eschlkam<\/a>, und war der Sohn eines Tagel\u00f6hners. Im Ersten Weltkrieg k\u00e4mpfte er als Infanterist in der 7. Kompanie des 11. bayerischen Infanterie-Regiments. Am 29.03.1918 fiel er im Alter von 20 Jahren bei <a href=\"https:\/\/de.wikipedia.org\/wiki\/Lassigny\" target=\"_blank\" rel=\"noopener noreferrer\">Lassigny<\/a> w\u00e4hrend der Gro\u00dfen Schlacht in Frankreich w\u00e4hrend der Verfolgungsk\u00e4mpfe bis <a href=\"https:\/\/de.wikipedia.org\/wiki\/Montdidier_(Somme)\" target=\"_blank\" rel=\"noopener noreferrer\">Montdidier<\/a> und <a href=\"https:\/\/de.wikipedia.org\/wiki\/Noyon\" target=\"_blank\" rel=\"noopener noreferrer\">Noyon<\/a> bei <a href=\"https:\/\/de.wikipedia.org\/wiki\/Cambrai\" target=\"_blank\" rel=\"noopener noreferrer\">Cambrai<\/a>.<\/p>\n<p>\u00dcber den Todestag berichtet die Regimentsgeschichte des 11. bayerischen Infanterie-Regiments:<\/p>\n<blockquote><p><em>&#8222;Der Karfreitag (29.03.) und das Ostern (31.03.) in Lassigny mit franz\u00f6sischen Gegenangriffen und schwerstem Feuer waren mit die schwersten Tage des ganzen Feldzuges. Die Offensive war auf den toten Punkt gekommen. Die Kampfhandlung zerfiel in erbitterte Teilk\u00e4mpfe. Dieser Schw\u00e4chemoment wurde abwechslungsweise vom Freund und vom Feind zu kleineren, aber nicht Entscheidung bringenden Vorst\u00f6\u00dfen ausgenutzt.&#8220;<\/em><\/p><\/blockquote>\n<p>Man begrub Anton Schie\u00dfl auf dem Soldatenfriedhof <span data-sheets-value=\"{&quot;1&quot;:2,&quot;2&quot;:&quot;St.-Laurent-Blangy&quot;}\" data-sheets-userformat=\"{&quot;2&quot;:1049089,&quot;3&quot;:{&quot;1&quot;:0},&quot;12&quot;:0,&quot;23&quot;:1}\" data-sheets-formula=\"=HYPERLINK(&quot;https:\/\/www.google.de\/maps\/place\/Saint-Laurent-Blangy,+Frankreich\/@50.3097961,2.7378821,12z\/data=!4m5!3m4!1s0x47dd482673f41e11:0x40af13e8163d6a0!8m2!3d50.300542!4d2.801689&quot;;&quot;St.-Laurent-Blangy&quot;)\" data-sheets-hyperlink=\"https:\/\/www.google.de\/maps\/place\/Saint-Laurent-Blangy,+Frankreich\/@50.3097961,2.7378821,12z\/data=!4m5!3m4!1s0x47dd482673f41e11:0x40af13e8163d6a0!8m2!3d50.300542!4d2.801689\"><a class=\"in-cell-link\" href=\"https:\/\/www.google.de\/maps\/place\/Saint-Laurent-Blangy,+Frankreich\/@50.3097961,2.7378821,12z\/data=!4m5!3m4!1s0x47dd482673f41e11:0x40af13e8163d6a0!8m2!3d50.300542!4d2.801689\" target=\"_blank\" rel=\"noopener noreferrer\">St.-Laurent-Blangy<\/a><\/span> in einem Massengrab.<\/p>\n<figure id=\"attachment_20909\" aria-describedby=\"caption-attachment-20909\" style=\"width: 800px\" class=\"wp-caption aligncenter\"><img loading=\"lazy\" decoding=\"async\" class=\"size-full wp-image-20909\" src=\"https:\/\/geschichte-hautnah.de\/www\/wp-content\/uploads\/2020\/05\/Anton_Schie\u00dfl_v.jpg\" alt=\"\" width=\"800\" height=\"631\" srcset=\"https:\/\/geschichte-hautnah.de\/www\/wp-content\/uploads\/2020\/05\/Anton_Schie\u00dfl_v.jpg 800w, https:\/\/geschichte-hautnah.de\/www\/wp-content\/uploads\/2020\/05\/Anton_Schie\u00dfl_v-300x237.jpg 300w, https:\/\/geschichte-hautnah.de\/www\/wp-content\/uploads\/2020\/05\/Anton_Schie\u00dfl_v-768x606.jpg 768w\" sizes=\"auto, (max-width: 800px) 100vw, 800px\" \/><figcaption id=\"caption-attachment-20909\" class=\"wp-caption-text\">Sterbebild von Anton Schie\u00dfl<\/figcaption><\/figure>\n<figure id=\"attachment_20908\" aria-describedby=\"caption-attachment-20908\" style=\"width: 800px\" class=\"wp-caption aligncenter\"><img loading=\"lazy\" decoding=\"async\" class=\"size-full wp-image-20908\" src=\"https:\/\/geschichte-hautnah.de\/www\/wp-content\/uploads\/2020\/05\/Anton_Schie\u00dfl_h.jpg\" alt=\"\" width=\"800\" height=\"631\" srcset=\"https:\/\/geschichte-hautnah.de\/www\/wp-content\/uploads\/2020\/05\/Anton_Schie\u00dfl_h.jpg 800w, https:\/\/geschichte-hautnah.de\/www\/wp-content\/uploads\/2020\/05\/Anton_Schie\u00dfl_h-300x237.jpg 300w, https:\/\/geschichte-hautnah.de\/www\/wp-content\/uploads\/2020\/05\/Anton_Schie\u00dfl_h-768x606.jpg 768w\" sizes=\"auto, (max-width: 800px) 100vw, 800px\" \/><figcaption id=\"caption-attachment-20908\" class=\"wp-caption-text\">R\u00fcckseite des Sterbebildes von Anton Schie\u00dfl<\/figcaption><\/figure>\n","protected":false},"excerpt":{"rendered":"<p>Der Soldat Anton Schie\u00dfl stammte aus Stachesried, einem Ortsteil der bayerischen Gemeinde Eschlkam, und war der Sohn eines Tagel\u00f6hners. Im Ersten Weltkrieg k\u00e4mpfte er als Infanterist in der 7. Kompanie des 11. bayerischen Infanterie-Regiments. Am 29.03.1918 fiel er im Alter von 20 Jahren bei Lassigny w\u00e4hrend der Gro\u00dfen Schlacht in Frankreich w\u00e4hrend der Verfolgungsk\u00e4mpfe bis [&hellip;]<\/p>\n","protected":false},"author":2,"featured_media":0,"comment_status":"closed","ping_status":"closed","sticky":false,"template":"","format":"standard","meta":{"footnotes":"","_wp_rev_ctl_limit":""},"categories":[2,8,1876,651],"tags":[548,1366,190,1057,92,1396,631,457,5750],"class_list":["post-20907","post","type-post","status-publish","format-standard","hentry","category-1-weltkrieg","category-sterbebilder","category-frankreich-1-weltkrieg","category-schlacht-an-der-somme","tag-11-bayerisches-infanterie-regiment","tag-bayern","tag-cambrai","tag-eschlkam","tag-massengrab","tag-montdidier","tag-somme","tag-st-laurent-blangy","tag-stachesried"],"_links":{"self":[{"href":"https:\/\/geschichte-hautnah.de\/www\/index.php?rest_route=\/wp\/v2\/posts\/20907","targetHints":{"allow":["GET"]}}],"collection":[{"href":"https:\/\/geschichte-hautnah.de\/www\/index.php?rest_route=\/wp\/v2\/posts"}],"about":[{"href":"https:\/\/geschichte-hautnah.de\/www\/index.php?rest_route=\/wp\/v2\/types\/post"}],"author":[{"embeddable":true,"href":"https:\/\/geschichte-hautnah.de\/www\/index.php?rest_route=\/wp\/v2\/users\/2"}],"replies":[{"embeddable":true,"href":"https:\/\/geschichte-hautnah.de\/www\/index.php?rest_route=%2Fwp%2Fv2%2Fcomments&post=20907"}],"version-history":[{"count":5,"href":"https:\/\/geschichte-hautnah.de\/www\/index.php?rest_route=\/wp\/v2\/posts\/20907\/revisions"}],"predecessor-version":[{"id":20914,"href":"https:\/\/geschichte-hautnah.de\/www\/index.php?rest_route=\/wp\/v2\/posts\/20907\/revisions\/20914"}],"wp:attachment":[{"href":"https:\/\/geschichte-hautnah.de\/www\/index.php?rest_route=%2Fwp%2Fv2%2Fmedia&parent=20907"}],"wp:term":[{"taxonomy":"category","embeddable":true,"href":"https:\/\/geschichte-hautnah.de\/www\/index.php?rest_route=%2Fwp%2Fv2%2Fcategories&post=20907"},{"taxonomy":"post_tag","embeddable":true,"href":"https:\/\/geschichte-hautnah.de\/www\/index.php?rest_route=%2Fwp%2Fv2%2Ftags&post=20907"}],"curies":[{"name":"wp","href":"https:\/\/api.w.org\/{rel}","templated":true}]}}