{"id":20926,"date":"2024-02-17T00:00:31","date_gmt":"2024-02-16T23:00:31","guid":{"rendered":"https:\/\/geschichte-hautnah.de\/www\/?p=20926"},"modified":"2020-05-17T16:54:57","modified_gmt":"2020-05-17T14:54:57","slug":"die-maenner-des-zweiten-weltkriegs-teil-2-101-franz-koepf","status":"publish","type":"post","link":"https:\/\/geschichte-hautnah.de\/www\/?p=20926","title":{"rendered":"Die M\u00e4nner des Ersten Weltkriegs \u2013 Teil 2.101: Franz K\u00f6pf"},"content":{"rendered":"<p>Der Soldat Franz K\u00f6pf wurde am 15.01.1892 in Ostern geboren, heute ein Ortsteil der bayerischen Gemeinde <a href=\"https:\/\/de.wikipedia.org\/wiki\/Halblech\" target=\"_blank\" rel=\"noopener noreferrer\">Halblech<\/a>. Im Ersten Weltkrieg k\u00e4mpfte er als Unteroffizier in der 5. Kompanie des 20. bayerischen Infanterie-Regiments. Am 25.08.1916 fiel er im Alter von 24 Jahren bei <a href=\"https:\/\/de.wikipedia.org\/wiki\/Saint-Mihiel\" target=\"_blank\" rel=\"noopener noreferrer\">Saint-Mihiel<\/a> w\u00e4hrend der K\u00e4mpfe vor Verdun.<\/p>\n<p>Man begrub Franz K\u00f6pf auf dem Soldatenfriedhof <span data-sheets-value=\"{&quot;1&quot;:2,&quot;2&quot;:&quot;St. Mihiel&quot;}\" data-sheets-userformat=\"{&quot;2&quot;:1049089,&quot;3&quot;:{&quot;1&quot;:0},&quot;12&quot;:0,&quot;23&quot;:1}\" data-sheets-formula=\"=HYPERLINK(&quot;https:\/\/www.google.de\/maps\/place\/55300+Saint-Mihiel,+Frankreich\/@48.8941646,5.5395164,13z\/data=!3m1!4b1!4m5!3m4!1s0x47eb477101fbe843:0x40a5fb99a3ad0a0!8m2!3d48.88855!4d5.541657&quot;;&quot;St. Mihiel&quot;)\" data-sheets-hyperlink=\"https:\/\/www.google.de\/maps\/place\/55300+Saint-Mihiel,+Frankreich\/@48.8941646,5.5395164,13z\/data=!3m1!4b1!4m5!3m4!1s0x47eb477101fbe843:0x40a5fb99a3ad0a0!8m2!3d48.88855!4d5.541657\"><a class=\"in-cell-link\" href=\"https:\/\/www.google.de\/maps\/place\/55300+Saint-Mihiel,+Frankreich\/@48.8941646,5.5395164,13z\/data=!3m1!4b1!4m5!3m4!1s0x47eb477101fbe843:0x40a5fb99a3ad0a0!8m2!3d48.88855!4d5.541657\" target=\"_blank\" rel=\"noopener noreferrer\">St. Mihiel<\/a><\/span> in Block 3, Grab 314.<\/p>\n<figure id=\"attachment_20925\" aria-describedby=\"caption-attachment-20925\" style=\"width: 800px\" class=\"wp-caption aligncenter\"><img loading=\"lazy\" decoding=\"async\" class=\"size-full wp-image-20925\" src=\"https:\/\/geschichte-hautnah.de\/www\/wp-content\/uploads\/2020\/05\/Franz_K\u00f6pf_v.jpg\" alt=\"\" width=\"800\" height=\"615\" srcset=\"https:\/\/geschichte-hautnah.de\/www\/wp-content\/uploads\/2020\/05\/Franz_K\u00f6pf_v.jpg 800w, https:\/\/geschichte-hautnah.de\/www\/wp-content\/uploads\/2020\/05\/Franz_K\u00f6pf_v-300x231.jpg 300w, https:\/\/geschichte-hautnah.de\/www\/wp-content\/uploads\/2020\/05\/Franz_K\u00f6pf_v-768x590.jpg 768w\" sizes=\"auto, (max-width: 800px) 100vw, 800px\" \/><figcaption id=\"caption-attachment-20925\" class=\"wp-caption-text\">Sterbebild von Franz K\u00f6pf<\/figcaption><\/figure>\n<figure id=\"attachment_20924\" aria-describedby=\"caption-attachment-20924\" style=\"width: 800px\" class=\"wp-caption aligncenter\"><img loading=\"lazy\" decoding=\"async\" class=\"size-full wp-image-20924\" src=\"https:\/\/geschichte-hautnah.de\/www\/wp-content\/uploads\/2020\/05\/Franz_K\u00f6pf_h.jpg\" alt=\"\" width=\"800\" height=\"615\" srcset=\"https:\/\/geschichte-hautnah.de\/www\/wp-content\/uploads\/2020\/05\/Franz_K\u00f6pf_h.jpg 800w, https:\/\/geschichte-hautnah.de\/www\/wp-content\/uploads\/2020\/05\/Franz_K\u00f6pf_h-300x231.jpg 300w, https:\/\/geschichte-hautnah.de\/www\/wp-content\/uploads\/2020\/05\/Franz_K\u00f6pf_h-768x590.jpg 768w\" sizes=\"auto, (max-width: 800px) 100vw, 800px\" \/><figcaption id=\"caption-attachment-20924\" class=\"wp-caption-text\">R\u00fcckseite des Sterbebildes von Franz K\u00f6pf<\/figcaption><\/figure>\n","protected":false},"excerpt":{"rendered":"<p>Der Soldat Franz K\u00f6pf wurde am 15.01.1892 in Ostern geboren, heute ein Ortsteil der bayerischen Gemeinde Halblech. Im Ersten Weltkrieg k\u00e4mpfte er als Unteroffizier in der 5. Kompanie des 20. bayerischen Infanterie-Regiments. Am 25.08.1916 fiel er im Alter von 24 Jahren bei Saint-Mihiel w\u00e4hrend der K\u00e4mpfe vor Verdun. Man begrub Franz K\u00f6pf auf dem Soldatenfriedhof [&hellip;]<\/p>\n","protected":false},"author":2,"featured_media":0,"comment_status":"closed","ping_status":"closed","sticky":false,"template":"","format":"standard","meta":{"footnotes":"","_wp_rev_ctl_limit":""},"categories":[2,8,1876,16],"tags":[216,1366,36,310,598,5833,899,480,101,125],"class_list":["post-20926","post","type-post","status-publish","format-standard","hentry","category-1-weltkrieg","category-sterbebilder","category-frankreich-1-weltkrieg","category-verdun","tag-20-bayerisches-infanterie-regiment","tag-bayern","tag-frankreich","tag-halblech","tag-lothringen","tag-ostern","tag-saint-mihiel","tag-st-mihiel","tag-unteroffizier","tag-verdun"],"_links":{"self":[{"href":"https:\/\/geschichte-hautnah.de\/www\/index.php?rest_route=\/wp\/v2\/posts\/20926","targetHints":{"allow":["GET"]}}],"collection":[{"href":"https:\/\/geschichte-hautnah.de\/www\/index.php?rest_route=\/wp\/v2\/posts"}],"about":[{"href":"https:\/\/geschichte-hautnah.de\/www\/index.php?rest_route=\/wp\/v2\/types\/post"}],"author":[{"embeddable":true,"href":"https:\/\/geschichte-hautnah.de\/www\/index.php?rest_route=\/wp\/v2\/users\/2"}],"replies":[{"embeddable":true,"href":"https:\/\/geschichte-hautnah.de\/www\/index.php?rest_route=%2Fwp%2Fv2%2Fcomments&post=20926"}],"version-history":[{"count":4,"href":"https:\/\/geschichte-hautnah.de\/www\/index.php?rest_route=\/wp\/v2\/posts\/20926\/revisions"}],"predecessor-version":[{"id":20930,"href":"https:\/\/geschichte-hautnah.de\/www\/index.php?rest_route=\/wp\/v2\/posts\/20926\/revisions\/20930"}],"wp:attachment":[{"href":"https:\/\/geschichte-hautnah.de\/www\/index.php?rest_route=%2Fwp%2Fv2%2Fmedia&parent=20926"}],"wp:term":[{"taxonomy":"category","embeddable":true,"href":"https:\/\/geschichte-hautnah.de\/www\/index.php?rest_route=%2Fwp%2Fv2%2Fcategories&post=20926"},{"taxonomy":"post_tag","embeddable":true,"href":"https:\/\/geschichte-hautnah.de\/www\/index.php?rest_route=%2Fwp%2Fv2%2Ftags&post=20926"}],"curies":[{"name":"wp","href":"https:\/\/api.w.org\/{rel}","templated":true}]}}